{"id":1012,"date":"2024-04-30T19:57:02","date_gmt":"2024-04-30T17:57:02","guid":{"rendered":"https:\/\/cieldeguinee.net\/?p=1012"},"modified":"2024-04-30T19:57:02","modified_gmt":"2024-04-30T17:57:02","slug":"energie-le-senegal-vole-au-secours-de-la-guinee-avec-120-megawatts","status":"publish","type":"post","link":"https:\/\/cieldeguinee.net\/index.php\/energie-le-senegal-vole-au-secours-de-la-guinee-avec-120-megawatts\/","title":{"rendered":"\u00c9nergie : le S\u00e9n\u00e9gal vole au secours de la Guin\u00e9e avec 120 m\u00e9gawatts"},"content":{"rendered":"<p><strong>Le S\u00e9n\u00e9gal vient au secours de la Guin\u00e9e confront\u00e9e \u00e0 un d\u00e9ficit de courant \u00e9lectrique depuis plusieurs mois . La SENELEC , soci\u00e9t\u00e9 de l\u2019\u00e9lectricit\u00e9 de S\u00e9n\u00e9gal va transf\u00e9rer 120 m\u00e9gawatts \u00e0 la Guin\u00e9e. <\/strong><strong>C\u2019est ce qu\u2019a indiqu\u00e9 le ministre Guin\u00e9en de l\u2019Energie, Aboubacar Calara dans un communiqu\u00e9.<\/strong><\/p>\n<p style=\"text-align: center\">COMMUNIQU\u00c9<\/p>\n<p>Depuis le 25 avril 2024, la ligne d\u2019interconnexion de l\u2019OMVG a \u00e9t\u00e9 activ\u00e9e pour permettre le transfert de 120 m\u00e9gawatts depuis le S\u00e9n\u00e9gal (SENELEC) vers la Soci\u00e9t\u00e9 \u00c9lectricit\u00e9 de Guin\u00e9e (EDG). Cette initiative offre une \u00e9nergie \u00e0 la demande \u00e0 un co\u00fbt raisonnable, contribuant ainsi \u00e0 r\u00e9duire le d\u00e9ficit actuel de production de l\u2019entreprise.<\/p>\n<p>L\u2019activation de cette ligne d\u2019interconnexion sous-r\u00e9gionale permet d\u00e9sormais d\u2019alimenter tous les sites strat\u00e9giques, les industries, et d\u2019am\u00e9liorer significativement la desserte en \u00e9lectricit\u00e9 dans les m\u00e9nages durant la journ\u00e9e.<\/p>\n<p>Des discussions sont en cours avec d\u2019autres pays de la sous-r\u00e9gion pour explorer des solutions alternatives face \u00e0 la situation \u00e9nerg\u00e9tique actuelle.<\/p>\n<p>Par ailleurs, le Gouvernement intensifie ses efforts pour d\u00e9velopper des sources d\u2019\u00e9nergie durables, telles que des centrales solaires, thermiques et hydrauliques, essentielles pour le d\u00e9veloppement \u00e9conomique de la Guin\u00e9e.<\/p>\n<p>Nous comptons sur la bonne compr\u00e9hension de nos concitoyens compte tenu du d\u00e9ficit d\u2019eau impactant nos barrages hydro\u00e9lectriques, conjugu\u00e9 \u00e0 l\u2019explosion survenue au principal d\u00e9p\u00f4t p\u00e9trolier ayant entrain\u00e9 la perte d\u2019une centrale thermique \u00e0 Coronthie, ainsi qu\u2019aux d\u00e9fis op\u00e9rationnels rencontr\u00e9s avec nos centrales thermiques.<\/p>\n<p><strong>Le Ministre<\/strong><\/p>\n<p><strong>Aboubacar CAMARA<\/strong><\/p>\n","protected":false},"excerpt":{"rendered":"<p>Le S\u00e9n\u00e9gal vient au secours de la Guin\u00e9e confront\u00e9e \u00e0 un d\u00e9ficit de courant \u00e9lectrique depuis plusieurs mois . La SENELEC , soci\u00e9t\u00e9 de l\u2019\u00e9lectricit\u00e9 de S\u00e9n\u00e9gal va transf\u00e9rer 120 m\u00e9gawatts \u00e0 la Guin\u00e9e. C\u2019est ce qu\u2019a indiqu\u00e9 le ministre Guin\u00e9en de l\u2019Energie, Aboubacar Calara dans un communiqu\u00e9. COMMUNIQU\u00c9 Depuis le 25 avril 2024, la [&hellip;]<\/p>\n","protected":false},"author":2,"featured_media":1013,"comment_status":"closed","ping_status":"closed","sticky":false,"template":"","format":"standard","meta":{"footnotes":""},"categories":[6],"tags":[],"class_list":{"0":"post-1012","1":"post","2":"type-post","3":"status-publish","4":"format-standard","5":"has-post-thumbnail","7":"category-international"},"jetpack_featured_media_url":"https:\/\/cieldeguinee.net\/wp-content\/uploads\/2024\/04\/energie.jpg","_links":{"self":[{"href":"https:\/\/cieldeguinee.net\/index.php\/wp-json\/wp\/v2\/posts\/1012","targetHints":{"allow":["GET"]}}],"collection":[{"href":"https:\/\/cieldeguinee.net\/index.php\/wp-json\/wp\/v2\/posts"}],"about":[{"href":"https:\/\/cieldeguinee.net\/index.php\/wp-json\/wp\/v2\/types\/post"}],"author":[{"embeddable":true,"href":"https:\/\/cieldeguinee.net\/index.php\/wp-json\/wp\/v2\/users\/2"}],"replies":[{"embeddable":true,"href":"https:\/\/cieldeguinee.net\/index.php\/wp-json\/wp\/v2\/comments?post=1012"}],"version-history":[{"count":0,"href":"https:\/\/cieldeguinee.net\/index.php\/wp-json\/wp\/v2\/posts\/1012\/revisions"}],"wp:featuredmedia":[{"embeddable":true,"href":"https:\/\/cieldeguinee.net\/index.php\/wp-json\/wp\/v2\/media\/1013"}],"wp:attachment":[{"href":"https:\/\/cieldeguinee.net\/index.php\/wp-json\/wp\/v2\/media?parent=1012"}],"wp:term":[{"taxonomy":"category","embeddable":true,"href":"https:\/\/cieldeguinee.net\/index.php\/wp-json\/wp\/v2\/categories?post=1012"},{"taxonomy":"post_tag","embeddable":true,"href":"https:\/\/cieldeguinee.net\/index.php\/wp-json\/wp\/v2\/tags?post=1012"}],"curies":[{"name":"wp","href":"https:\/\/api.w.org\/{rel}","templated":true}]}}