{"id":1026,"date":"2024-05-03T12:30:43","date_gmt":"2024-05-03T10:30:43","guid":{"rendered":"https:\/\/cieldeguinee.net\/?p=1026"},"modified":"2024-05-03T12:30:43","modified_gmt":"2024-05-03T10:30:43","slug":"journee-mondiale-de-la-liberte-de-la-presse-2024-le-ministre-fana-soumah-favorable-a-la-mise-en-place-dun-organe-dauto-regulation-en-guinee-pour-minimiser-certains-derapages","status":"publish","type":"post","link":"https:\/\/cieldeguinee.net\/index.php\/journee-mondiale-de-la-liberte-de-la-presse-2024-le-ministre-fana-soumah-favorable-a-la-mise-en-place-dun-organe-dauto-regulation-en-guinee-pour-minimiser-certains-derapages\/","title":{"rendered":"Journ\u00e9e Mondiale de la Libert\u00e9 de la Presse 2024: le ministre Fana Soumah favorable \u00e0 la mise en place\u00a0\u00bb d&rsquo;un organe d&rsquo;auto-r\u00e9gulation\u00a0\u00bb en Guin\u00e9e pour minimiser certains d\u00e9rapages"},"content":{"rendered":"<p>A l&rsquo;occasion de la 31\u00e8me \u00e9dition de la journ\u00e9e mondiale de la libert\u00e9 de la presse, le Ministre guin\u00e9en de l&rsquo;information et de la communication(MIC) M. Fana Soumah est pass\u00e9 en revue \u00e0 travers une d\u00e9claration publi\u00e9e sur le site web du d\u00e9partement. Dans ladite d\u00e9claration, M. Soumah a d&rsquo;abord peint un tableau sur fond de satisfaction \u00e0 travers des avanc\u00e9es op\u00e9r\u00e9es dans le monde de la presse guin\u00e9enne depuis l&rsquo;av\u00e8nement des nouvelles autorit\u00e9s au pouvoir le 05 septembre 2021 mais aussi, relever\u00a0 quelques d\u00e9fis auxquels la presse guin\u00e9enne est confront\u00e9e.<\/p>\n<p>Pour lui, la mise en place d&rsquo;un organe d&rsquo;auto-r\u00e9gulation serait un outil efficace dans la gestion de ces d\u00e9fis. Lisez sa d\u00e9claration<\/p>\n<p style=\"text-align: center\">\ud835\udc03\ud835\udc04\ud835\udc02\ud835\udc0b\ud835\udc00\ud835\udc11\ud835\udc00\ud835\udc13\ud835\udc08\ud835\udc0e\ud835\udc0d \ud835\udc03\ud835\udc14 \ud835\udc0c\ud835\udc08\ud835\udc0d\ud835\udc08\ud835\udc12\ud835\udc13\ud835\udc11\ud835\udc04 \ud835\udc05\ud835\udc00\ud835\udc0d\ud835\udc00 \ud835\udc12\ud835\udc0e\ud835\udc14\ud835\udc0c\ud835\udc00\ud835\udc07<\/p>\n<p>Mesdames et messieurs,<\/p>\n<p>Le monde des m\u00e9dias c\u00e9l\u00e8bre, le 03 mai de chaque ann\u00e9e, \ud835\udc25\ud835\udc1a \ud835\udc23\ud835\udc28\ud835\udc2e\ud835\udc2b\ud835\udc27\ud835\udc1e\u0301\ud835\udc1e \ud835\udc26\ud835\udc28\ud835\udc27\ud835\udc1d\ud835\udc22\ud835\udc1a\ud835\udc25\ud835\udc1e \ud835\udc1d\ud835\udc1e \ud835\udc25\ud835\udc1a \ud835\udc25\ud835\udc22\ud835\udc1b\ud835\udc1e\ud835\udc2b\ud835\udc2d\ud835\udc1e\u0301 \ud835\udc1d\ud835\udc1e \ud835\udc25\ud835\udc1a \ud835\udc29\ud835\udc2b\ud835\udc1e\ud835\udc2c\ud835\udc2c\ud835\udc1e. Elle constitue un moment de r\u00e9flexion entre professionnels des m\u00e9dias sur les questions li\u00e9es \u00e0 la libert\u00e9 de la presse, \u00e0 l\u2019\u00e9thique et \u00e0 la d\u00e9ontologie du m\u00e9tier de journaliste.<\/p>\n<p>Pour cette ann\u00e9e 2024, \ud835\udc25\ud835\udc1a \ud835\udfd1\ud835\udfcf\ud835\udc1e\u0300\ud835\udc26\ud835\udc1e \ud835\udc1e\u0301\ud835\udc1d\ud835\udc22\ud835\udc2d\ud835\udc22\ud835\udc28\ud835\udc27 \ud835\udc1d\ud835\udc1e \ud835\udc25\ud835\udc1a \ud835\udc09\ud835\udc28\ud835\udc2e\ud835\udc2b\ud835\udc27\ud835\udc1e\u0301\ud835\udc1e \ud835\udc26\ud835\udc28\ud835\udc27\ud835\udc1d\ud835\udc22\ud835\udc1a\ud835\udc25\ud835\udc1e \ud835\udc1d\ud835\udc1e \ud835\udc25\ud835\udc1a \ud835\udc25\ud835\udc22\ud835\udc1b\ud835\udc1e\ud835\udc2b\ud835\udc2d\ud835\udc1e\u0301 \ud835\udc1d\ud835\udc1e \ud835\udc25\ud835\udc1a \ud835\udc29\ud835\udc2b\ud835\udc1e\ud835\udc2c\ud835\udc2c\ud835\udc1e est consacr\u00e9e \u00e0 l\u2019importance du journalisme et de la libert\u00e9 d\u2019expression dans un contexte de crise environnementale mondiale actuelle. Cette crise climatique est malheureusement marqu\u00e9e par la d\u00e9sinformation et la m\u00e9sinformation qui remettent en cause les connaissances et les m\u00e9thodes de recherche scientifique. Des informations trompeuses et fausses sont diffus\u00e9es pour susciter le doute face aux questions environnementales, \u00e0 leur impact et \u00e0 leur urgence, sapant ainsi les efforts internationaux pour y rem\u00e9dier.<\/p>\n<p>Mesdames et messieurs,<\/p>\n<p>La Guin\u00e9e n\u2019est malheureusement pas en marge de cette crise li\u00e9e au d\u00e9sordre informationnel. Cela se ressent non seulement sur les questions environnementales mais aussi sur les questions sociales, politiques, \u00e9conomiques et culturelles. C\u2019est pourquoi le d\u00e9partement de l\u2019\ud835\udc08\ud835\udc27\ud835\udc1f\ud835\udc28\ud835\udc2b\ud835\udc26\ud835\udc1a\ud835\udc2d\ud835\udc22\ud835\udc28\ud835\udc27 \ud835\udc1e\ud835\udc2d \ud835\udc1d\ud835\udc1e \ud835\udc25\ud835\udc1a \ud835\udc02\ud835\udc28\ud835\udc26\ud835\udc26\ud835\udc2e\ud835\udc27\ud835\udc22\ud835\udc1c\ud835\udc1a\ud835\udc2d\ud835\udc22\ud835\udc28\ud835\udc27 a mis un accent particulier sur la formation et le renforcement des capacit\u00e9s des journalistes \u00e0 utiliser des pratiques de v\u00e9rification et de l\u00e9gitimation des contenus.<\/p>\n<p>Nous devons nous inscrire dans la dynamique de valorisation d\u2019un travail journalistique qui valorise la notion de v\u00e9rit\u00e9 et qui doit la respecter, \u00e0 travers le recoupement et la v\u00e9rification des faits.<\/p>\n<p>Mesdames et messieurs,<\/p>\n<p>Depuis ma nomination \u00e0 la t\u00eate du d\u00e9partement de l\u2019\ud835\udc08\ud835\udc27\ud835\udc1f\ud835\udc28\ud835\udc2b\ud835\udc26\ud835\udc1a\ud835\udc2d\ud835\udc22\ud835\udc28\ud835\udc27 \ud835\udc1e\ud835\udc2d \ud835\udc1d\ud835\udc1e \ud835\udc25\ud835\udc1a \ud835\udc02\ud835\udc28\ud835\udc26\ud835\udc26\ud835\udc2e\ud835\udc27\ud835\udc22\ud835\udc1c\ud835\udc1a\ud835\udc2d\ud835\udc22\ud835\udc28\ud835\udc27, j\u2019ai eu \u00e0 visiter plusieurs \ud835\udc2b\ud835\udc1e\u0301\ud835\udc1d\ud835\udc1a\ud835\udc1c\ud835\udc2d\ud835\udc22\ud835\udc28\ud835\udc27\ud835\udc2c \ud835\udc1d\ud835\udc1e\ud835\udc2c \ud835\udc26\ud835\udc1e\u0301\ud835\udc1d\ud835\udc22\ud835\udc1a\ud835\udc2c \ud835\udc29\ud835\udc2b\ud835\udc22\ud835\udc2f\ud835\udc1e\u0301\ud835\udc2c. Les d\u00e9fis sont nombreux mais pas insurmontables. Partout, j\u2019ai livr\u00e9 un message ax\u00e9 sur les notions de responsabilit\u00e9 sociale du journaliste. Je r\u00e9it\u00e8re encore ici la ferme volont\u00e9 du \ud835\udc0f\ud835\udc2b\ud835\udc1e\u0301\ud835\udc2c\ud835\udc22\ud835\udc1d\ud835\udc1e\ud835\udc27\ud835\udc2d \ud835\udc1d\ud835\udc1e \ud835\udc25\ud835\udc1a \ud835\udc11\ud835\udc1e\u0301\ud835\udc29\ud835\udc2e\ud835\udc1b\ud835\udc25\ud835\udc22\ud835\udc2a\ud835\udc2e\ud835\udc1e, \ud835\udc25\ud835\udc1e \ud835\udc06\ud835\udc1e\u0301\ud835\udc27\ud835\udc1e\u0301\ud835\udc2b\ud835\udc1a\ud835\udc25 \ud835\udc1d\ud835\udc1e \ud835\udc02\ud835\udc28\ud835\udc2b\ud835\udc29\ud835\udc2c \ud835\udc1d\u2019\ud835\udc00\ud835\udc2b\ud835\udc26\ud835\udc1e\u0301\ud835\udc1e \ud835\udc0c\ud835\udc1a\ud835\udc26\ud835\udc1a\ud835\udc1d\ud835\udc22 \ud835\udc03\ud835\udc28\ud835\udc2e\ud835\udc26\ud835\udc1b\ud835\udc28\ud835\udc2e\ud835\udc32\ud835\udc1a pour l\u2019\u00e9mergence d\u2019une presse libre, ind\u00e9pendante et responsable.<\/p>\n<p>En effet, depuis la prise de responsabilit\u00e9 intervenue \ud835\udc25\ud835\udc1e \ud835\udfce\ud835\udfd3 \ud835\udc2c\ud835\udc1e\ud835\udc29\ud835\udc2d\ud835\udc1e\ud835\udc26\ud835\udc1b\ud835\udc2b\ud835\udc1e \ud835\udfd0\ud835\udfce\ud835\udfd0\ud835\udfcf, \ud835\udc25\ud835\udc1e \ud835\udc0f\ud835\udc2b\ud835\udc1e\u0301\ud835\udc2c\ud835\udc22\ud835\udc1d\ud835\udc1e\ud835\udc27\ud835\udc2d \ud835\udc1d\ud835\udc1e \ud835\udc25\ud835\udc1a \ud835\udc11\ud835\udc1e\u0301\ud835\udc29\ud835\udc2e\ud835\udc1b\ud835\udc25\ud835\udc22\ud835\udc2a\ud835\udc2e\ud835\udc1e a pos\u00e9 plusieurs actes dans le sens de valoriser la presse guin\u00e9enne dans son ensemble. La subvention que l\u2019Etat accorde \u00e0 la presse a \u00e9t\u00e9 revue \u00e0 la hausse, des maisons de la presse ont \u00e9t\u00e9 mises \u00e0 disposition des hommes et femmes des m\u00e9dias tant \u00e0 Conakry qu\u2019\u00e0 l\u2019int\u00e9rieur du pays. Sans oublier les nombreuses nominations des journalistes du public et du priv\u00e9 \u00e0 des postes de responsabilit\u00e9s \u00e0 tous les niveaux de l\u2019administration.<\/p>\n<p>Mesdames et messieurs,<\/p>\n<p>Face aux enjeux et d\u00e9fis qui se posent \u00e0 certains organes de presse actuellement, il est important de tirer ensemble les le\u00e7ons. Les m\u00e9dias doivent travailler avec plus de responsabilit\u00e9 pour \u00e9viter les d\u00e9parages. A propos, j\u2019appelle \u00e0 la prise de conscience et \u00e0 l\u2019engagement des acteurs des organisations et associations de presse \u00e0 mettre en place un organe d\u2019auto-r\u00e9gulation. La mise en place de ce type de m\u00e9canisme permettra sans nul doute un r\u00e8glement pacifique et constructif d\u2019\u00e9ventuels conflits.<\/p>\n<p>Mesdames et messieurs,<\/p>\n<p>Les m\u00e9dias constituent des acteurs essentiels de la vie publique et ils doivent jouer un r\u00f4le majeur dans la transition. Je vous invite donc \u00e0 travailler avec responsabilit\u00e9 dans le respect de l\u2019\u00e9thique et de la d\u00e9ontologie pour une transition r\u00e9ussie en Guin\u00e9e. Nous ne pouvons lutter contre la m\u00e9sinformation et la d\u00e9sinformation, sans la formation et la prise de conscience des enjeux et d\u00e9fis li\u00e9s \u00e0 la s\u00e9curit\u00e9 nationale, \u00e0 la vie priv\u00e9e et au d\u00e9veloppement de notre pays.<\/p>\n<p>Mesdames et messieurs,<\/p>\n<p>En cette \ud835\udc23\ud835\udc28\ud835\udc2e\ud835\udc2b\ud835\udc27\ud835\udc1e\u0301\ud835\udc1e \ud835\udc26\ud835\udc28\ud835\udc27\ud835\udc1d\ud835\udc22\ud835\udc1a\ud835\udc25\ud835\udc1e \ud835\udc1d\ud835\udc1e \ud835\udc25\ud835\udc1a \ud835\udc25\ud835\udc22\ud835\udc1b\ud835\udc1e\ud835\udc2b\ud835\udc2d\ud835\udc1e\u0301 \ud835\udc1d\ud835\udc1e \ud835\udc25\ud835\udc1a \ud835\udc29\ud835\udc2b\ud835\udc1e\ud835\udc2c\ud835\udc2c\ud835\udc1e, je rends hommage \u00e0 tous les journalistes, ici en Guin\u00e9e et dans le monde entier, qui travaillent sans rel\u00e2che pour informer le public. Je r\u00e9affirme l\u2019engagement du \ud835\udc0f\ud835\udc2b\ud835\udc1e\u0301\ud835\udc2c\ud835\udc22\ud835\udc1d\ud835\udc1e\ud835\udc27\ud835\udc2d \ud835\udc1d\ud835\udc1e \ud835\udc25\ud835\udc1a \ud835\udc11\ud835\udc1e\u0301\ud835\udc29\ud835\udc2e\ud835\udc1b\ud835\udc25\ud835\udc22\ud835\udc2a\ud835\udc2e\ud835\udc1e, \ud835\udc25\ud835\udc1e \ud835\udc06\ud835\udc1e\u0301\ud835\udc27\ud835\udc1e\u0301\ud835\udc2b\ud835\udc1a\ud835\udc25 \ud835\udc1d\ud835\udc1e \ud835\udc02\ud835\udc28\ud835\udc2b\ud835\udc29\ud835\udc2c \ud835\udc1d\u2019\ud835\udc00\ud835\udc2b\ud835\udc26\ud835\udc1e\u0301\ud835\udc1e \ud835\udc0c\ud835\udc1a\ud835\udc26\ud835\udc1a\ud835\udc1d\ud835\udc22 \ud835\udc03\ud835\udc28\ud835\udc2e\ud835\udc26\ud835\udc1b\ud835\udc28\ud835\udc2e\ud835\udc32\ud835\udc1a \ud835\udc1e\ud835\udc2d \ud835\udc1d\ud835\udc1e \ud835\udc2c\ud835\udc28\ud835\udc27 \ud835\udc0f\ud835\udc2b\ud835\udc1e\ud835\udc26\ud835\udc22\ud835\udc1e\ud835\udc2b \ud835\udc0c\ud835\udc22\ud835\udc27\ud835\udc22\ud835\udc2c\ud835\udc2d\ud835\udc2b\ud835\udc1e, \ud835\udc02\ud835\udc21\ud835\udc1e\ud835\udc1f \ud835\udc1d\ud835\udc2e \ud835\udc06\ud835\udc28\ud835\udc2e\ud835\udc2f\ud835\udc1e\ud835\udc2b\ud835\udc27\ud835\udc1e\ud835\udc26\ud835\udc1e\ud835\udc27\ud835\udc2d, \ud835\udc26\ud835\udc28\ud835\udc27\ud835\udc2c\ud835\udc22\ud835\udc1e\ud835\udc2e\ud835\udc2b \ud835\udc00\ud835\udc26\ud835\udc1a\ud835\udc1d\ud835\udc28\ud835\udc2e \ud835\udc0e\ud835\udc2e\ud835\udc2b\ud835\udc32 \ud835\udc01\ud835\udc1a\ud835\udc21, pour une presse libre, ind\u00e9pendante et responsable en Guin\u00e9e. Nous devons continuer \u00e0 promouvoir le travail des journalistes et redoubler d\u2019efforts dans la lutte contre la d\u00e9sinformation et les fakenews.<\/p>\n<p>\ud835\udc15\ud835\udc22\ud835\udc2f\ud835\udc1e \ud835\udc25\ud835\udc1a \ud835\udc23\ud835\udc28\ud835\udc2e\ud835\udc2b\ud835\udc27\ud835\udc1e\u0301\ud835\udc1e \ud835\udc26\ud835\udc28\ud835\udc27\ud835\udc1d\ud835\udc22\ud835\udc1a\ud835\udc25\ud835\udc1e \ud835\udc1d\ud835\udc1e \ud835\udc25\ud835\udc1a \ud835\udc25\ud835\udc22\ud835\udc1b\ud835\udc1e\ud835\udc2b\ud835\udc2d\ud835\udc1e\u0301 \ud835\udc1d\ud835\udc1e \ud835\udc25\ud835\udc1a \ud835\udc29\ud835\udc2b\ud835\udc1e\ud835\udc2c\ud835\udc2c\ud835\udc1e.<\/p>\n<p>\ud835\udc03\ud835\udc22\ud835\udc1e\ud835\udc2e \ud835\udc1b\ud835\udc1e\u0301\ud835\udc27\ud835\udc22\ud835\udc2c\ud835\udc2c\ud835\udc1e \ud835\udc25\ud835\udc1a \ud835\udc06\ud835\udc2e\ud835\udc22\ud835\udc27\ud835\udc1e\u0301\ud835\udc1e.<\/p>\n<p>\ud835\udc09\ud835\udc1e \ud835\udc2f\ud835\udc28\ud835\udc2e\ud835\udc2c \ud835\udc2b\ud835\udc1e\ud835\udc26\ud835\udc1e\ud835\udc2b\ud835\udc1c\ud835\udc22\ud835\udc1e.<\/p>\n","protected":false},"excerpt":{"rendered":"<p>A l&rsquo;occasion de la 31\u00e8me \u00e9dition de la journ\u00e9e mondiale de la libert\u00e9 de la presse, le Ministre guin\u00e9en de l&rsquo;information et de la communication(MIC) M. Fana Soumah est pass\u00e9 en revue \u00e0 travers une d\u00e9claration publi\u00e9e sur le site web du d\u00e9partement. Dans ladite d\u00e9claration, M. Soumah a d&rsquo;abord peint un tableau sur fond [&hellip;]<\/p>\n","protected":false},"author":2,"featured_media":1027,"comment_status":"closed","ping_status":"closed","sticky":false,"template":"","format":"standard","meta":{"footnotes":""},"categories":[3],"tags":[],"class_list":{"0":"post-1026","1":"post","2":"type-post","3":"status-publish","4":"format-standard","5":"has-post-thumbnail","7":"category-politique"},"jetpack_featured_media_url":"https:\/\/cieldeguinee.net\/wp-content\/uploads\/2024\/05\/fana.jpeg","_links":{"self":[{"href":"https:\/\/cieldeguinee.net\/index.php\/wp-json\/wp\/v2\/posts\/1026","targetHints":{"allow":["GET"]}}],"collection":[{"href":"https:\/\/cieldeguinee.net\/index.php\/wp-json\/wp\/v2\/posts"}],"about":[{"href":"https:\/\/cieldeguinee.net\/index.php\/wp-json\/wp\/v2\/types\/post"}],"author":[{"embeddable":true,"href":"https:\/\/cieldeguinee.net\/index.php\/wp-json\/wp\/v2\/users\/2"}],"replies":[{"embeddable":true,"href":"https:\/\/cieldeguinee.net\/index.php\/wp-json\/wp\/v2\/comments?post=1026"}],"version-history":[{"count":0,"href":"https:\/\/cieldeguinee.net\/index.php\/wp-json\/wp\/v2\/posts\/1026\/revisions"}],"wp:featuredmedia":[{"embeddable":true,"href":"https:\/\/cieldeguinee.net\/index.php\/wp-json\/wp\/v2\/media\/1027"}],"wp:attachment":[{"href":"https:\/\/cieldeguinee.net\/index.php\/wp-json\/wp\/v2\/media?parent=1026"}],"wp:term":[{"taxonomy":"category","embeddable":true,"href":"https:\/\/cieldeguinee.net\/index.php\/wp-json\/wp\/v2\/categories?post=1026"},{"taxonomy":"post_tag","embeddable":true,"href":"https:\/\/cieldeguinee.net\/index.php\/wp-json\/wp\/v2\/tags?post=1026"}],"curies":[{"name":"wp","href":"https:\/\/api.w.org\/{rel}","templated":true}]}}