{"id":1049,"date":"2024-05-27T17:47:43","date_gmt":"2024-05-27T15:47:43","guid":{"rendered":"https:\/\/cieldeguinee.net\/?p=1049"},"modified":"2024-05-27T17:47:43","modified_gmt":"2024-05-27T15:47:43","slug":"cnt-le-pm-amadou-oury-bah-presente-la-politique-nationale-du-gouvernement-extrait","status":"publish","type":"post","link":"https:\/\/cieldeguinee.net\/index.php\/cnt-le-pm-amadou-oury-bah-presente-la-politique-nationale-du-gouvernement-extrait\/","title":{"rendered":"CNT : le PM Amadou Oury Bah pr\u00e9sente la politique nationale du gouvernement (extrait)"},"content":{"rendered":"<p>Le Premier ministre chef du gouvernement Amadou Oury Bah a pr\u00e9sent\u00e9 ce lundi 27 Mai 2024, la politique g\u00e9n\u00e9rale du gouvernement aux conseillers nationaux de la transition au palais du peuple Conakry.<\/p>\n<p>Dans son discours, il a rappel\u00e9 que les grandes orientations strat\u00e9giques qui guideront l\u2019action du gouvernement qu\u2019il dirige sont tir\u00e9es du programme de r\u00e9f\u00e9rence int\u00e9rimaire (PRI) 2022-2025, son engagement \u00e0 promouvoir un d\u00e9veloppement inclusif et durable. \u00ab Les actions du Gouvernement reposent sur trois axes d\u2019intervention : social, \u00e9conomique et politique comme d\u00e9fini lors du discours d\u2019adresse du Pr\u00e9sident de la R\u00e9publique \u00e0 la nation la veille du 2 octobre 2023 \u00bb, a-t-il indiqu\u00e9.<\/p>\n<p>Pour lui, son ambition est de consolider les bases d\u00e9j\u00e0 \u00e9tablies, tout en introduisant des r\u00e9formes essentielles pour r\u00e9pondre efficacement aux exigences actuelles et futures. \u00ab Nous nous engageons \u00e0 d\u00e9ployer des efforts concert\u00e9s pour mat\u00e9rialiser les aspirations de notre nation dans un contexte de respect mutuel et de coop\u00e9ration constructive. Au-del\u00e0 de maintenir le cap sur les objectifs d\u00e9finis, nous continuerons \u00e0 \u00eatre particuli\u00e8rement attentifs aux demandes de nos populations \u00bb, a-t-il expliqu\u00e9.<\/p>\n<p>Poursuivant son intervention, il dira que le d\u00e9fi li\u00e9 \u00e0 l\u2019exode rural et au d\u00e9s\u0153uvrement des jeunes qui prennent la route de l\u2019exil est la responsabilit\u00e9 de tout le monde.<\/p>\n<p>\u00ab Cette situation vide notre pays de sa jeunesse active et potentiellement productive en la condamnant \u00e0 l\u2019errance. Nous sommes collectivement responsables du d\u00e9s\u0153uvrement de la jeunesse et de son errance, de la d\u00e9pendance aux produits import\u00e9s d\u2019origine agro-pastorale, au vide laiss\u00e9 dans le monde rural, \u00e0 l\u2019abandon de nos valeurs qui font notre particularit\u00e9, notre richesse, notre diversit\u00e9 et notre identit\u00e9 nationale. Prenons ensemble l\u2019engagement d\u2019en faire une priorit\u00e9 nationale \u00bb, a-t-il soulign\u00e9.<\/p>\n<p>Plus loin, il dira que l\u2019objectif est de mettre \u00e0 jour le chronogramme de mani\u00e8re juste et \u00e9quilibr\u00e9e, en veillant \u00e0 associer toutes les parties prenantes dans ce processus vital. \u00ab\u00a0 Sur le plan national, le Gouvernement est engag\u00e9 pour une transition r\u00e9ussie. Il est donc primordial de rappeler les orientations politiques qui guident notre action. Ces orientations sont structur\u00e9es autour d\u2019un chronogramme dynamique d\u00e9fini en collaboration avec la CEDEAO. Nous avons rencontr\u00e9 des d\u00e9fis consid\u00e9rables, tant internes qu\u2019externes, qui ont exig\u00e9 de nous : adaptation et r\u00e9silience. Malgr\u00e9 ces obstacles, nous avons r\u00e9ussi \u00e0 finaliser la mise en place des d\u00e9l\u00e9gations sp\u00e9ciales \u00e0 travers tout le pays, ce qui marque une \u00e9tape cruciale dans notre processus de stabilisation et de pr\u00e9paration au retour \u00e0 l\u2019ordre constitutionnel. En reconnaissant les retards et les difficult\u00e9s rencontr\u00e9es dans la mise en \u0153uvre du chronogramme actuel de la transition, le gouvernement poursuit des discussions transparentes et inclusives avec tous les partenaires concern\u00e9s. L\u2019objectif est de mettre \u00e0 jour ce chronogramme de mani\u00e8re juste et \u00e9quilibr\u00e9e, en veillant \u00e0 associer toutes les parties prenantes dans ce processus vital. Les ajustements n\u00e9cessaires seront faits de mani\u00e8re \u00e0 refl\u00e9ter les r\u00e9alit\u00e9s actuelles et \u00e0 r\u00e9pondre efficacement aux besoins de notre nation en transition. Aujourd\u2019hui, alors que nous sommes \u00e0 la crois\u00e9e des chemins de notre histoire, le gouvernement est d\u00e9termin\u00e9 \u00e0 fa\u00e7onner un avenir prometteur pour toutes les Guin\u00e9ennes et tous les Guin\u00e9ens \u00bb , a dit le premier ministre.<\/p>\n<p>Sana Sylla<\/p>\n","protected":false},"excerpt":{"rendered":"<p>Le Premier ministre chef du gouvernement Amadou Oury Bah a pr\u00e9sent\u00e9 ce lundi 27 Mai 2024, la politique g\u00e9n\u00e9rale du gouvernement aux conseillers nationaux de la transition au palais du peuple Conakry. Dans son discours, il a rappel\u00e9 que les grandes orientations strat\u00e9giques qui guideront l\u2019action du gouvernement qu\u2019il dirige sont tir\u00e9es du programme de [&hellip;]<\/p>\n","protected":false},"author":2,"featured_media":1050,"comment_status":"closed","ping_status":"closed","sticky":false,"template":"","format":"standard","meta":{"footnotes":""},"categories":[3],"tags":[],"class_list":{"0":"post-1049","1":"post","2":"type-post","3":"status-publish","4":"format-standard","5":"has-post-thumbnail","7":"category-politique"},"jetpack_featured_media_url":"https:\/\/cieldeguinee.net\/wp-content\/uploads\/2024\/05\/bah_oury_PGG_CNT.jpeg","_links":{"self":[{"href":"https:\/\/cieldeguinee.net\/index.php\/wp-json\/wp\/v2\/posts\/1049","targetHints":{"allow":["GET"]}}],"collection":[{"href":"https:\/\/cieldeguinee.net\/index.php\/wp-json\/wp\/v2\/posts"}],"about":[{"href":"https:\/\/cieldeguinee.net\/index.php\/wp-json\/wp\/v2\/types\/post"}],"author":[{"embeddable":true,"href":"https:\/\/cieldeguinee.net\/index.php\/wp-json\/wp\/v2\/users\/2"}],"replies":[{"embeddable":true,"href":"https:\/\/cieldeguinee.net\/index.php\/wp-json\/wp\/v2\/comments?post=1049"}],"version-history":[{"count":0,"href":"https:\/\/cieldeguinee.net\/index.php\/wp-json\/wp\/v2\/posts\/1049\/revisions"}],"wp:featuredmedia":[{"embeddable":true,"href":"https:\/\/cieldeguinee.net\/index.php\/wp-json\/wp\/v2\/media\/1050"}],"wp:attachment":[{"href":"https:\/\/cieldeguinee.net\/index.php\/wp-json\/wp\/v2\/media?parent=1049"}],"wp:term":[{"taxonomy":"category","embeddable":true,"href":"https:\/\/cieldeguinee.net\/index.php\/wp-json\/wp\/v2\/categories?post=1049"},{"taxonomy":"post_tag","embeddable":true,"href":"https:\/\/cieldeguinee.net\/index.php\/wp-json\/wp\/v2\/tags?post=1049"}],"curies":[{"name":"wp","href":"https:\/\/api.w.org\/{rel}","templated":true}]}}