{"id":1057,"date":"2024-06-02T15:04:31","date_gmt":"2024-06-02T13:04:31","guid":{"rendered":"https:\/\/cieldeguinee.net\/?p=1057"},"modified":"2024-06-02T15:04:31","modified_gmt":"2024-06-02T13:04:31","slug":"sante-publique-les-campagnes-de-sensibilisation-contre-la-covid-19-lancees-a-conakry","status":"publish","type":"post","link":"https:\/\/cieldeguinee.net\/index.php\/sante-publique-les-campagnes-de-sensibilisation-contre-la-covid-19-lancees-a-conakry\/","title":{"rendered":"Sant\u00e9 publique : les campagnes de sensibilisation contre la covid-19 lanc\u00e9es \u00e0 Conakry !"},"content":{"rendered":"<p><strong>Organiser sous l\u2019\u00e9gide du Minist\u00e8re de la sant\u00e9 et de l\u2019hygi\u00e8ne publique \u00e0 travers les partenaires comme la Banque mondiale et l\u2019Unicef, \u00a0les activit\u00e9s du lancement officiel de la campagne de sensibilisation de masse ont \u00e9t\u00e9 lanc\u00e9es ce samedi 1<sup>er<\/sup> juin 2024 \u00a0dans les locaux de la Direction Nationale de la Sant\u00e9(DNS) de la Ville de Conakry. <\/strong><\/p>\n<p>L\u2019objectif principal de cette campagne d&rsquo;information et de sensibilisation de masse \u00a0est d\u2019accroitre les statistiques en termes de changement de comportement\u00a0 en faveur de la vaccination contre la COVID-19.<img loading=\"lazy\" decoding=\"async\" class=\" wp-image-1059 alignright\" src=\"https:\/\/cieldeguinee.net\/wp-content\/uploads\/2024\/06\/sana2-300x169.jpeg\" alt=\"\" width=\"431\" height=\"243\" srcset=\"https:\/\/cieldeguinee.net\/wp-content\/uploads\/2024\/06\/sana2-300x169.jpeg 300w, https:\/\/cieldeguinee.net\/wp-content\/uploads\/2024\/06\/sana2-1024x576.jpeg 1024w, https:\/\/cieldeguinee.net\/wp-content\/uploads\/2024\/06\/sana2-768x432.jpeg 768w, https:\/\/cieldeguinee.net\/wp-content\/uploads\/2024\/06\/sana2-150x84.jpeg 150w, https:\/\/cieldeguinee.net\/wp-content\/uploads\/2024\/06\/sana2-696x391.jpeg 696w, https:\/\/cieldeguinee.net\/wp-content\/uploads\/2024\/06\/sana2-747x420.jpeg 747w, https:\/\/cieldeguinee.net\/wp-content\/uploads\/2024\/06\/sana2.jpeg 1032w\" sizes=\"auto, (max-width: 431px) 100vw, 431px\" \/><\/p>\n<p>Dans son discours de circonstance, Dr Sangar\u00e9\u00a0 Mamoudou, Directeur r\u00e9gional de la sant\u00e9 et d\u2019hygi\u00e8ne publique de la ville de Conakry, mettra un accent particulier sur les d\u00e9marches pr\u00e9liminaires qu\u2019un citoyen devrait suivre pour adopter un comportement digne de nom une fois dans les centres de sant\u00e9 : \u00ab La campagne que nous lan\u00e7ons aujourd&rsquo;hui est cruciale pour notre soci\u00e9t\u00e9. Les comportements et pratiques quotidiennes jouent un r\u00f4le d\u00e9terminant dans la sant\u00e9 publique. En sensibilisant nos communaut\u00e9s aux bonnes pratiques sanitaires, nous pouvons pr\u00e9venir de nombreuses maladies et promouvoir un bien-\u00eatre g\u00e9n\u00e9ral \u00bb, fait-il savoir.<\/p>\n<p>Pour lui, \u00ab l\u2019objectif est de sensibiliser les communaut\u00e9s y compris les groupes sp\u00e9cifiques sur le changement de comportement allant dans le sens de l&rsquo;am\u00e9lioration de leur sant\u00e9 par la vaccination pour atteindre ces objectifs \u00bb, a-t-il pr\u00e9cis\u00e9.<\/p>\n<p>Et d&rsquo;ajouter,\u00a0 \u00ab nous avons \u00e9labor\u00e9 un plan d&rsquo;action comprenant plusieurs strat\u00e9gies et activit\u00e9s dont entre autres: des ateliers et des sessions de formation dans diff\u00e9rentes localit\u00e9s pour partager des informations essentielles et pratiques (&#8230;). Le succ\u00e8s de cette campagne repose sur une collaboration \u00e9troite entre tous les acteurs: autorit\u00e9s locales, leaders communautaires, professionnels de la sant\u00e9, et chaque citoyen. Nous devons tous jouer un r\u00f4le actif pour encourager et soutenir les changements de comportements n\u00e9cessaires \u00bb, a d\u00e9clar\u00e9 Dr Sangar\u00e9.<\/p>\n<p>De son tour en tant que repr\u00e9sentant de madame la gouverneure de la ville de Conakry, M. Kerfalla Camara a d\u2019abord f\u00e9liciter et remercier les organisateurs pour le bien-\u00eatre de la population surtout celles de Conakry :<\/p>\n<p>\u00ab Cette campagne de sensibilisation a autres attributions car \u00e7a rel\u00e8ve de notre collectivit\u00e9 qui est la population. Donc je demande \u00e0 ce que la population accepte la vaccination, c&rsquo;est n&rsquo;est pas contre elle \u00a0mais pour son bien-\u00eatre\u00bb, a soulign\u00e9 M. Camara.<\/p>\n<p>Sana Sylla.<\/p>\n<p><strong>\u00a0<\/strong><\/p>\n<p>&nbsp;<\/p>\n<p>&nbsp;<\/p>\n","protected":false},"excerpt":{"rendered":"<p>Organiser sous l\u2019\u00e9gide du Minist\u00e8re de la sant\u00e9 et de l\u2019hygi\u00e8ne publique \u00e0 travers les partenaires comme la Banque mondiale et l\u2019Unicef, \u00a0les activit\u00e9s du lancement officiel de la campagne de sensibilisation de masse ont \u00e9t\u00e9 lanc\u00e9es ce samedi 1er juin 2024 \u00a0dans les locaux de la Direction Nationale de la Sant\u00e9(DNS) de la Ville [&hellip;]<\/p>\n","protected":false},"author":2,"featured_media":1058,"comment_status":"closed","ping_status":"closed","sticky":false,"template":"","format":"standard","meta":{"footnotes":""},"categories":[10],"tags":[],"class_list":{"0":"post-1057","1":"post","2":"type-post","3":"status-publish","4":"format-standard","5":"has-post-thumbnail","7":"category-sante"},"jetpack_featured_media_url":"https:\/\/cieldeguinee.net\/wp-content\/uploads\/2024\/06\/sana.jpeg","_links":{"self":[{"href":"https:\/\/cieldeguinee.net\/index.php\/wp-json\/wp\/v2\/posts\/1057","targetHints":{"allow":["GET"]}}],"collection":[{"href":"https:\/\/cieldeguinee.net\/index.php\/wp-json\/wp\/v2\/posts"}],"about":[{"href":"https:\/\/cieldeguinee.net\/index.php\/wp-json\/wp\/v2\/types\/post"}],"author":[{"embeddable":true,"href":"https:\/\/cieldeguinee.net\/index.php\/wp-json\/wp\/v2\/users\/2"}],"replies":[{"embeddable":true,"href":"https:\/\/cieldeguinee.net\/index.php\/wp-json\/wp\/v2\/comments?post=1057"}],"version-history":[{"count":0,"href":"https:\/\/cieldeguinee.net\/index.php\/wp-json\/wp\/v2\/posts\/1057\/revisions"}],"wp:featuredmedia":[{"embeddable":true,"href":"https:\/\/cieldeguinee.net\/index.php\/wp-json\/wp\/v2\/media\/1058"}],"wp:attachment":[{"href":"https:\/\/cieldeguinee.net\/index.php\/wp-json\/wp\/v2\/media?parent=1057"}],"wp:term":[{"taxonomy":"category","embeddable":true,"href":"https:\/\/cieldeguinee.net\/index.php\/wp-json\/wp\/v2\/categories?post=1057"},{"taxonomy":"post_tag","embeddable":true,"href":"https:\/\/cieldeguinee.net\/index.php\/wp-json\/wp\/v2\/tags?post=1057"}],"curies":[{"name":"wp","href":"https:\/\/api.w.org\/{rel}","templated":true}]}}