{"id":1076,"date":"2024-06-25T11:39:27","date_gmt":"2024-06-25T09:39:27","guid":{"rendered":"https:\/\/cieldeguinee.net\/?p=1076"},"modified":"2024-06-25T11:39:27","modified_gmt":"2024-06-25T09:39:27","slug":"lutte-contre-le-trafic-du-bois-en-guinee-la-ville-de-mamou-au-coeur-dune-importante-operation-de-la-bac-environnementale","status":"publish","type":"post","link":"https:\/\/cieldeguinee.net\/index.php\/lutte-contre-le-trafic-du-bois-en-guinee-la-ville-de-mamou-au-coeur-dune-importante-operation-de-la-bac-environnementale\/","title":{"rendered":"Lutte contre le trafic du bois en Guin\u00e9e : la ville de Mamou au c\u0153ur d\u2019une importante op\u00e9ration de la BAC Environnementale !"},"content":{"rendered":"<p class=\"s4\"><span class=\"s2\"><span class=\"bumpedFont15\">L<\/span><\/span><span class=\"s2\"><span class=\"bumpedFont15\">a\u00a0<\/span><\/span><span class=\"s2\"><span class=\"bumpedFont15\">Brigade Nationale de lutte contre la criminalit\u00e9 sur la flore et la faune sauvage, en abr\u00e9g\u00e9 \u00ab\u00a0BAC Environnementale\u00a0\u00bb\u00a0<\/span><\/span><span class=\"s2\"><span class=\"bumpedFont15\">continue ses\u00a0<\/span><\/span><span class=\"s2\"><span class=\"bumpedFont15\">coups de filets<\/span><\/span><span class=\"s2\"><span class=\"bumpedFont15\">\u00a0sur le<\/span><\/span>\u00a0<span class=\"s2\"><span class=\"bumpedFont15\">trafic ill\u00e9gal d<\/span><\/span><span class=\"s2\"><span class=\"bumpedFont15\">e<\/span><\/span><span class=\"s2\"><span class=\"bumpedFont15\">\u00a0bois.\u00a0<\/span><\/span><span class=\"s2\"><span class=\"bumpedFont15\">Cette fois, c\u2019est dans la P<\/span><\/span><span class=\"s2\"><span class=\"bumpedFont15\">r\u00e9fecture de Mamou\u00a0<\/span><\/span><span class=\"s2\"><span class=\"bumpedFont15\">qu\u2019un<\/span><\/span><span class=\"s2\"><span class=\"bumpedFont15\">e<\/span><\/span>\u00a0<span class=\"s2\"><span class=\"bumpedFont15\">grande<\/span><\/span><span class=\"s2\"><span class=\"bumpedFont15\">\u00a0quantit\u00e9 d<\/span><\/span><span class=\"s2\"><span class=\"bumpedFont15\">e<\/span><\/span><span class=\"s2\"><span class=\"bumpedFont15\">\u00a0bois provenant de diverses esp\u00e8ces a \u00e9t\u00e9 saisie dans cette ville carrefour, un suspect\u00a0<\/span><\/span><span class=\"s2\"><span class=\"bumpedFont15\">a \u00e9t\u00e9\u00a0<\/span><\/span><span class=\"s2\"><span class=\"bumpedFont15\">interpell\u00e9<\/span><\/span><span class=\"s2\"><span class=\"bumpedFont15\">\u00a0et d\u2019autres\u00a0<\/span><\/span><span class=\"s2\"><span class=\"bumpedFont15\">sont\u00a0<\/span><\/span><span class=\"s2\"><span class=\"bumpedFont15\">recherch\u00e9s<\/span><\/span><span class=\"s2\"><span class=\"bumpedFont15\">. \u00a0<\/span><\/span><\/p>\n<p class=\"s4\"><span class=\"s6\"><span class=\"bumpedFont15\">Pour rappel, le commerce ill\u00e9gal des esp\u00e8ces sauvages est un crime organis\u00e9 transnational qui occupe le 4<\/span><\/span><span class=\"s7\"><span class=\"bumpedFont15\">\u00e8me<\/span><\/span><span class=\"s6\"><span class=\"bumpedFont15\">\u00a0rang du commerce illicite dans le monde apr\u00e8s celui de la drogue, des \u00eatres humains et le blanchiment d\u2019argent. Il amasse des b\u00e9n\u00e9fices illicites au profit des r\u00e9seaux criminels impliqu\u00e9s, d\u2019environ 23 milliards de dollars US chaque ann\u00e9e et implique dans certaines r\u00e9gions d\u2019Afrique, des groupes arm\u00e9s terroristes, ce qui constitue une menace pour la s\u00e9curit\u00e9, la stabilit\u00e9 et l\u2019\u00e9conomie, constituant une pr\u00e9occupation mondiale de nos jours.<img loading=\"lazy\" decoding=\"async\" class=\" wp-image-1043 alignright\" src=\"https:\/\/cieldeguinee.net\/wp-content\/uploads\/2024\/05\/2-300x135.jpeg\" alt=\"\" width=\"556\" height=\"250\" srcset=\"https:\/\/cieldeguinee.net\/wp-content\/uploads\/2024\/05\/2-300x135.jpeg 300w, https:\/\/cieldeguinee.net\/wp-content\/uploads\/2024\/05\/2-768x346.jpeg 768w, https:\/\/cieldeguinee.net\/wp-content\/uploads\/2024\/05\/2-150x68.jpeg 150w, https:\/\/cieldeguinee.net\/wp-content\/uploads\/2024\/05\/2-696x313.jpeg 696w, https:\/\/cieldeguinee.net\/wp-content\/uploads\/2024\/05\/2-933x420.jpeg 933w, https:\/\/cieldeguinee.net\/wp-content\/uploads\/2024\/05\/2.jpeg 1020w\" sizes=\"auto, (max-width: 556px) 100vw, 556px\" \/><\/span><\/span><\/p>\n<p class=\"s4\"><span class=\"s3\"><span class=\"bumpedFont15\">Apr\u00e8s l<\/span><\/span><span class=\"s3\"><span class=\"bumpedFont15\">es op\u00e9rations de\u00a0<\/span><\/span><span class=\"s3\"><span class=\"bumpedFont15\">Kindia, les \u00e9l\u00e9ments de la Brigade \u0153uvrant sous la coupole du Minist\u00e8re de l\u2019Environnement et du D\u00e9veloppement Durable<\/span><\/span>\u00a0<span class=\"s3\"><span class=\"bumpedFont15\">(MEDD) ont\u00a0<\/span><\/span><span class=\"s3\"><span class=\"bumpedFont15\">jet\u00e9\u00a0<\/span><\/span><span class=\"s3\"><span class=\"bumpedFont15\">leur d\u00e9volu<\/span><\/span>\u00a0<span class=\"s3\"><span class=\"bumpedFont15\">c<\/span><\/span><span class=\"s3\"><span class=\"bumpedFont15\">ette fois-ci dans la pr\u00e9fecture de Mamou\u00a0<\/span><\/span><span class=\"s3\"><span class=\"bumpedFont15\">au mois de<\/span><\/span><span class=\"s3\"><span class=\"bumpedFont15\">\u00a0mai<\/span><\/span><span class=\"s3\"><span class=\"bumpedFont15\">.\u00a0<\/span><\/span><span class=\"s3\"><span class=\"bumpedFont15\">Au cours de la patrouille, u<\/span><\/span><span class=\"s3\"><span class=\"bumpedFont15\">ne saisie\u00a0<\/span><\/span><span class=\"s3\"><span class=\"bumpedFont15\">de<\/span><\/span>\u00a0<span class=\"s3\"><span class=\"bumpedFont15\">8\u00a0722<\/span><\/span>\u00a0<span class=\"s3\"><span class=\"bumpedFont15\">pi\u00e8ces\u00a0<\/span><\/span><span class=\"s3\"><span class=\"bumpedFont15\">provenant de diverses e<\/span><\/span><span class=\"s3\"><span class=\"bumpedFont15\">s<\/span><\/span><span class=\"s3\"><span class=\"bumpedFont15\">sences<\/span><\/span><span class=\"s3\"><span class=\"bumpedFont15\">\u00a0de bois ill\u00e9galement stock\u00e9s dans des endroits diff\u00e9rents<\/span><\/span><span class=\"s3\"><span class=\"bumpedFont15\">\u00a0a \u00e9t\u00e9\u00a0<\/span><\/span><span class=\"s3\"><span class=\"bumpedFont15\">faite<\/span><\/span><span class=\"s3\"><span class=\"bumpedFont15\">\u00a0suivi<\/span><\/span><span class=\"s3\"><span class=\"bumpedFont15\">e<\/span><\/span><span class=\"s3\"><span class=\"bumpedFont15\">\u00a0d<\/span><\/span><span class=\"s3\"><span class=\"bumpedFont15\">e l\u2019<\/span><\/span><span class=\"s3\"><span class=\"bumpedFont15\">interpellation d\u2019<\/span><\/span><span class=\"s3\"><span class=\"bumpedFont15\">un suspect mis aux arr\u00eats<\/span><\/span><span class=\"s3\"><span class=\"bumpedFont15\">. Il a \u00e9t\u00e9\u00a0<\/span><\/span><span class=\"s3\"><span class=\"bumpedFont15\">entendu sur proc\u00e8s-verbal par un officier de la police judiciaire\u00a0<\/span><\/span><span class=\"s3\"><span class=\"bumpedFont15\">(OPJ) de la<\/span><\/span>\u00a0<span class=\"s3\"><span class=\"bumpedFont15\">Brigade et d\u00e9f\u00e9r\u00e9\u00a0<\/span><\/span><span class=\"s3\"><span class=\"bumpedFont15\">par la suite\u00a0<\/span><\/span><span class=\"s3\"><span class=\"bumpedFont15\">aupr\u00e8s du\u00a0<\/span><\/span><span class=\"s3\"><span class=\"bumpedFont15\">P<\/span><\/span><span class=\"s3\"><span class=\"bumpedFont15\">arquet du\u00a0<\/span><\/span><span class=\"s3\"><span class=\"bumpedFont15\">T<\/span><\/span><span class=\"s3\"><span class=\"bumpedFont15\">ribunal de\u00a0<\/span><\/span><span class=\"s3\"><span class=\"bumpedFont15\">P<\/span><\/span><span class=\"s3\"><span class=\"bumpedFont15\">remi\u00e8re\u00a0<\/span><\/span><span class=\"s3\"><span class=\"bumpedFont15\">I<\/span><\/span><span class=\"s3\"><span class=\"bumpedFont15\">nstance\u00a0<\/span><\/span><span class=\"s3\"><span class=\"bumpedFont15\">(TPI) de Mamou.<\/span><\/span>\u00a0<span class=\"s3\"><span class=\"bumpedFont15\">Une information judiciaire est en cours<\/span><\/span><span class=\"s3\"><span class=\"bumpedFont15\">\u00a0et le pr\u00e9venu a \u00e9t\u00e9 mis sous contr\u00f4le judiciaire.<\/span><\/span><\/p>\n<p class=\"s4\"><span class=\"s3\"><span class=\"bumpedFont15\">P<\/span><\/span><span class=\"s3\"><span class=\"bumpedFont15\">l<\/span><\/span><span class=\"s3\"><span class=\"bumpedFont15\">usi<\/span><\/span><span class=\"s3\"><span class=\"bumpedFont15\">eurs infractions p\u00e8sent\u00a0<\/span><\/span><span class=\"s3\"><span class=\"bumpedFont15\">contre\u00a0<\/span><\/span><span class=\"s3\"><span class=\"bumpedFont15\">lui,\u00a0<\/span><\/span><span class=\"s3\"><span class=\"bumpedFont15\">notamment\u00a0<\/span><\/span><span class=\"s3\"><span class=\"bumpedFont15\">la coupe\u00a0<\/span><\/span><span class=\"s3\"><span class=\"bumpedFont15\">sans agr\u00e9ment valide\u00a0<\/span><\/span><span class=\"s3\"><span class=\"bumpedFont15\">d\u00e9li<\/span><\/span><span class=\"s3\"><span class=\"bumpedFont15\">v<\/span><\/span><span class=\"s3\"><span class=\"bumpedFont15\">r\u00e9 par l\u2019administration pour\u00a0<\/span><\/span><span class=\"s3\"><span class=\"bumpedFont15\">l\u2019habilite<\/span><\/span><span class=\"s3\"><span class=\"bumpedFont15\">r<\/span><\/span><span class=\"s3\"><span class=\"bumpedFont15\">\u00a0\u00e0 couper du bois,\u00a0<\/span><\/span><span class=\"s3\"><span class=\"bumpedFont15\">coupe\u00a0<\/span><\/span><span class=\"s3\"><span class=\"bumpedFont15\">sans permi<\/span><\/span><span class=\"s3\"><span class=\"bumpedFont15\">s<\/span><\/span><span class=\"s3\"><span class=\"bumpedFont15\">,\u00a0<\/span><\/span><span class=\"s3\"><span class=\"bumpedFont15\">transport<\/span><\/span><span class=\"s3\"><span class=\"bumpedFont15\">\u00a0ill\u00e9gal de bois, utilisation de po<\/span><\/span><span class=\"s3\"><span class=\"bumpedFont15\">ints de stockage non autoris\u00e9s\u00a0<\/span><\/span><span class=\"s3\"><span class=\"bumpedFont15\">(d\u00e9p\u00f4t ill\u00e9gal)\u00a0<\/span><\/span><span class=\"s3\"><span class=\"bumpedFont15\">et\u00a0<\/span><\/span><span class=\"s3\"><span class=\"bumpedFont15\">commercialisation ill\u00e9gale de bois.\u00a0<\/span><\/span><span class=\"s3\"><span class=\"bumpedFont15\">Des faits \u00a0pr\u00e9vus et punis par les articles 171, 172 et 173 du code forestier de la R\u00e9publique de Guin\u00e9e<\/span><\/span><span class=\"s3\"><span class=\"bumpedFont15\">.<\/span><\/span><\/p>\n<p class=\"s4\"><span class=\"s9\"><span class=\"bumpedFont15\">Durant ces derni\u00e8res ann\u00e9es, les<\/span><\/span>\u00a0<span class=\"s9\"><span class=\"bumpedFont15\">Pr\u00e9fectures<\/span><\/span><span class=\"s9\"><span class=\"bumpedFont15\">\u00a0de Kindia<\/span><\/span><span class=\"s9\"><span class=\"bumpedFont15\">\u00a0et de Mamou sont devenues une des zones de pr\u00e9dilection des trafiquants\u00a0<\/span><\/span><span class=\"s9\"><span class=\"bumpedFont15\">de bois<\/span><\/span><span class=\"s9\"><span class=\"bumpedFont15\">\u00a0qui amassent d\u2019\u00e9normes profits ill\u00e9gaux et sont\u00a0<\/span><\/span><span class=\"s9\"><span class=\"bumpedFont15\">bien organis\u00e9<\/span><\/span><span class=\"s9\"><span class=\"bumpedFont15\">s\u00a0<\/span><\/span><span class=\"s9\"><span class=\"bumpedFont15\">avec d<\/span><\/span><span class=\"s9\"><span class=\"bumpedFont15\">es ramifications en Sierra Leone<\/span><\/span><span class=\"s9\"><span class=\"bumpedFont15\">\u00a0et m\u00eame au sein des structures de contr\u00f4le de l\u2019administration. Pour les auteurs de ce trafic de bois, l\u2019app\u00e2t du gain est plus fort que tout et tous les moyens sont bons pour pers\u00e9v\u00e9rer dans le pillage des ressources naturelles.<\/span><\/span><\/p>\n<p class=\"s4\"><span class=\"s9\"><span class=\"bumpedFont15\">Il reste \u00e9vident que ces crimes sur le patrimoine forestier national mettent\u00a0<\/span><\/span><span class=\"s10\"><span class=\"bumpedFont15\">en p\u00e9ril\u00a0<\/span><\/span><span class=\"s10\"><span class=\"bumpedFont15\">les efforts du Gouvernement<\/span><\/span><span class=\"s10\"><span class=\"bumpedFont15\">\u00a0et ses Partenaires T<\/span><\/span><span class=\"s10\"><span class=\"bumpedFont15\">echniques<\/span><\/span><span class=\"s10\"><span class=\"bumpedFont15\">\u00a0et Financiers.<\/span><\/span><\/p>\n<p class=\"s4\"><span class=\"s10\"><span class=\"bumpedFont15\">Il est pourtant indispensable de redoubler d\u2019efforts et\u00a0<\/span><\/span><span class=\"s10\"><span class=\"bumpedFont15\">mettre hors d\u2019\u00e9tat de nuire ces activit\u00e9s criminelles\u00a0<\/span><\/span><span class=\"s10\"><span class=\"bumpedFont15\">qui d\u00e9truisent les for\u00eats guin\u00e9ennes et la faune sauvage qu\u2019elles\u00a0<\/span><\/span><span class=\"s10\"><span class=\"bumpedFont15\">abritent<\/span><\/span><span class=\"s10\"><span class=\"bumpedFont15\">.\u00a0<\/span><\/span><span class=\"s10\"><span class=\"bumpedFont15\">La Justice\u00a0<\/span><\/span><span class=\"s10\"><span class=\"bumpedFont15\">a un r\u00f4le\u00a0<\/span><\/span><span class=\"s10\"><span class=\"bumpedFont15\">d\u00e9terminant<\/span><\/span><span class=\"s10\"><span class=\"bumpedFont15\">\u00a0\u00e0 jouer<\/span><\/span><span class=\"s10\"><span class=\"bumpedFont15\">.<\/span><\/span><\/p>\n<p class=\"s12\"><span class=\"s10\"><span class=\"bumpedFont15\">Face \u00e0 l\u2019ampleur du trafic de bois sur le territoire,<\/span><\/span>\u00a0<span class=\"s11\"><span class=\"bumpedFont15\">l\u2019autorit\u00e9 en charge de l\u2019environnement\u00a0<\/span><\/span><span class=\"s11\"><span class=\"bumpedFont15\">vient de prendre\u00a0<\/span><\/span><span class=\"s11\"><span class=\"bumpedFont15\">des mesures radicales. En effet, d<\/span><\/span><span class=\"s11\"><span class=\"bumpedFont15\">ans l<\/span><\/span><span class=\"s11\"><span class=\"bumpedFont15\">a grande\u00a0<\/span><\/span><span class=\"s11\"><span class=\"bumpedFont15\">\u00e9dition du journal t\u00e9l\u00e9vis\u00e9 du 03 juin 2024,\u00a0<\/span><\/span><span class=\"s11\"><span class=\"bumpedFont15\">le<\/span><\/span><span class=\"s11\"><span class=\"bumpedFont15\">\u00a0communiqu\u00e9\u00a0<\/span><\/span><span class=\"s11\"><span class=\"bumpedFont15\">No.001\/2024\/MEDD<\/span><\/span>\u00a0<span class=\"s11\"><span class=\"bumpedFont15\">pris par\u00a0<\/span><\/span><span class=\"s11\"><span class=\"bumpedFont15\">la Ministre de l\u2019Environnement\u00a0<\/span><\/span><span class=\"s11\"><span class=\"bumpedFont15\">Djami Diallo<\/span><\/span><span class=\"s11\"><span class=\"bumpedFont15\">\u00a0a \u00e9t\u00e9 lu<\/span><\/span><span class=\"s11\"><span class=\"bumpedFont15\">. C<\/span><\/span><span class=\"s11\"><span class=\"bumpedFont15\">e dernier\u00a0<\/span><\/span><span class=\"s11\"><span class=\"bumpedFont15\">suspend\u00a0<\/span><\/span><span class=\"s11\"><span class=\"bumpedFont15\">la coupe, le transport et l\u2019<\/span><\/span><span class=\"s11\"><span class=\"bumpedFont15\">importation<\/span><\/span><span class=\"s11\"><span class=\"bumpedFont15\">\u00a0du bois sur toute l\u2019\u00e9tendue du territoire guin\u00e9en. En invoquant les dispositions du code forestier et de ses textes d\u2019application, la\u00a0<\/span><\/span><span class=\"s11\"><span class=\"bumpedFont15\">M<\/span><\/span><span class=\"s11\"><span class=\"bumpedFont15\">inistre<\/span><\/span>\u00a0<span class=\"s11\"><span class=\"bumpedFont15\">a indiqu\u00e9 que toute violation de cette mesure de suspension serait<\/span><\/span>\u00a0<span class=\"s11\"><span class=\"bumpedFont15\">sanctionn\u00e9e conform\u00e9ment au droit applicable en vigueur en Guin\u00e9e.<\/span><\/span><\/p>\n<p class=\"s12\"><span class=\"s13\"><span class=\"bumpedFont15\">\u00ab A la suite du constat de la coupe anarchique du bois sur le territoire national, entreprise par des exploitants artisanaux ne poss\u00e9dant pas de documents administratifs requis dans le cadre de l\u2019exercice de l\u2019activit\u00e9 d\u2019exploitation du bois, dans l\u2019objectif de prot\u00e9ger le couvert v\u00e9g\u00e9tal particuli\u00e8rement les t\u00eates de sources, les cours d\u2019eaux ainsi que les for\u00eats, les activit\u00e9s de coupe, de transport et d\u2019<\/span><\/span><span class=\"s13\"><span class=\"bumpedFont15\">importation<\/span><\/span><span class=\"s13\"><span class=\"bumpedFont15\">\u00a0du bois sont suspendues sur toute l\u2019\u00e9tendue du territoire national \u00e0 compter du 05 juin 2024 jusqu\u2019\u00e0 nouvel ordre. L\u2019autorisation de reprise des activit\u00e9s fera l\u2019objet d\u2019un autre communiqu\u00e9 du\u00a0<\/span><\/span><span class=\"s13\"><span class=\"bumpedFont15\">M<\/span><\/span><span class=\"s13\"><span class=\"bumpedFont15\">inist\u00e8re de l\u2019Environnement et du d\u00e9veloppement durable \u00bb,<\/span><\/span><span class=\"s11\"><span class=\"bumpedFont15\">\u00a0mentionne ledit communiqu\u00e9.\u00a0\u00a0<\/span><\/span><\/p>\n<p class=\"s4\"><span class=\"s10\"><span class=\"bumpedFont15\">L\u2019enjeu environnemental<\/span><\/span><span class=\"s10\"><span class=\"bumpedFont15\">\u00a0est capital, notamment\u00a0<\/span><\/span><span class=\"s10\"><span class=\"bumpedFont15\">en termes de lutte contre\u00a0<\/span><\/span><span class=\"s10\"><span class=\"bumpedFont15\">le\u00a0<\/span><\/span><span class=\"s10\"><span class=\"bumpedFont15\">r\u00e9chauffement climatique<\/span><\/span><span class=\"s10\"><span class=\"bumpedFont15\">, la d\u00e9sertification et la perte de la biodiversit\u00e9. En effet, il n\u2019\u00e9chappe \u00e0 personne que partout en Guin\u00e9e, les temp\u00e9ratures sont de plus en plus hautes puisque la coupe ill\u00e9gale de bois est intense partout sur le territoire national et la population en souffre d\u00e9j\u00e0 de trop.<\/span><\/span><\/p>\n<p class=\"s4\"><span class=\"s3\"><span class=\"bumpedFont15\">Affaire \u00e0 suivre !<\/span><\/span><\/p>\n<p class=\"s4\"><strong><span class=\"s2\"><span class=\"bumpedFont15\">Division de la Communication de la\u00a0<\/span><\/span>Brigade Nationale<\/strong><\/p>\n","protected":false},"excerpt":{"rendered":"<p>La\u00a0Brigade Nationale de lutte contre la criminalit\u00e9 sur la flore et la faune sauvage, en abr\u00e9g\u00e9 \u00ab\u00a0BAC Environnementale\u00a0\u00bb\u00a0continue ses\u00a0coups de filets\u00a0sur le\u00a0trafic ill\u00e9gal de\u00a0bois.\u00a0Cette fois, c\u2019est dans la Pr\u00e9fecture de Mamou\u00a0qu\u2019une\u00a0grande\u00a0quantit\u00e9 de\u00a0bois provenant de diverses esp\u00e8ces a \u00e9t\u00e9 saisie dans cette ville carrefour, un suspect\u00a0a \u00e9t\u00e9\u00a0interpell\u00e9\u00a0et d\u2019autres\u00a0sont\u00a0recherch\u00e9s. \u00a0 Pour rappel, le commerce ill\u00e9gal des esp\u00e8ces [&hellip;]<\/p>\n","protected":false},"author":2,"featured_media":1044,"comment_status":"closed","ping_status":"closed","sticky":false,"template":"","format":"standard","meta":{"footnotes":""},"categories":[5],"tags":[],"class_list":{"0":"post-1076","1":"post","2":"type-post","3":"status-publish","4":"format-standard","5":"has-post-thumbnail","7":"category-environnement"},"jetpack_featured_media_url":"https:\/\/cieldeguinee.net\/wp-content\/uploads\/2024\/05\/1.jpeg","_links":{"self":[{"href":"https:\/\/cieldeguinee.net\/index.php\/wp-json\/wp\/v2\/posts\/1076","targetHints":{"allow":["GET"]}}],"collection":[{"href":"https:\/\/cieldeguinee.net\/index.php\/wp-json\/wp\/v2\/posts"}],"about":[{"href":"https:\/\/cieldeguinee.net\/index.php\/wp-json\/wp\/v2\/types\/post"}],"author":[{"embeddable":true,"href":"https:\/\/cieldeguinee.net\/index.php\/wp-json\/wp\/v2\/users\/2"}],"replies":[{"embeddable":true,"href":"https:\/\/cieldeguinee.net\/index.php\/wp-json\/wp\/v2\/comments?post=1076"}],"version-history":[{"count":0,"href":"https:\/\/cieldeguinee.net\/index.php\/wp-json\/wp\/v2\/posts\/1076\/revisions"}],"wp:featuredmedia":[{"embeddable":true,"href":"https:\/\/cieldeguinee.net\/index.php\/wp-json\/wp\/v2\/media\/1044"}],"wp:attachment":[{"href":"https:\/\/cieldeguinee.net\/index.php\/wp-json\/wp\/v2\/media?parent=1076"}],"wp:term":[{"taxonomy":"category","embeddable":true,"href":"https:\/\/cieldeguinee.net\/index.php\/wp-json\/wp\/v2\/categories?post=1076"},{"taxonomy":"post_tag","embeddable":true,"href":"https:\/\/cieldeguinee.net\/index.php\/wp-json\/wp\/v2\/tags?post=1076"}],"curies":[{"name":"wp","href":"https:\/\/api.w.org\/{rel}","templated":true}]}}