{"id":1090,"date":"2024-06-26T07:00:25","date_gmt":"2024-06-26T05:00:25","guid":{"rendered":"https:\/\/cieldeguinee.net\/?p=1090"},"modified":"2024-06-26T12:49:35","modified_gmt":"2024-06-26T10:49:35","slug":"urgent-la-mort-de-lex-general-sadiba-koulibaly-confirme-par-le-parquet-du-tribunal-militaire-de-conakry","status":"publish","type":"post","link":"https:\/\/cieldeguinee.net\/index.php\/urgent-la-mort-de-lex-general-sadiba-koulibaly-confirme-par-le-parquet-du-tribunal-militaire-de-conakry\/","title":{"rendered":"Urgent: la mort de l&rsquo;ex g\u00e9n\u00e9ral Sadiba Koulibaly, confirm\u00e9e par le Parquet du Tribunal Militaire de Conakry"},"content":{"rendered":"<p>C&rsquo;est effectif, la mort de Sadiba Koulibaly, vient d&rsquo;\u00eatre confirm\u00e9e \u00e0 travers un communiqu\u00e9 du Parquet du Tribunal Militaire Permanent de Conakry en date du 24 juin 2024. Le d\u00e9funt a \u00e9t\u00e9 r\u00e9cemment d\u00e9grad\u00e9 du grade de G\u00e9n\u00e9ral \u00e0\u00a0 celui du Colonel par les autorit\u00e9s militaires du pays, suivie de sa radiation au sein des Forces Arm\u00e9es Guin\u00e9ennes mais aussi de sa condamnation par le dit Tribunal pour des infractions \u00e0 lui reproch\u00e9es. Lire le communiqu\u00e9.<\/p>\n<p><img loading=\"lazy\" decoding=\"async\" class=\" wp-image-1091 aligncenter\" src=\"https:\/\/cieldeguinee.net\/wp-content\/uploads\/2024\/06\/sadiba2-221x300.jpeg\" alt=\"\" width=\"353\" height=\"480\" srcset=\"https:\/\/cieldeguinee.net\/wp-content\/uploads\/2024\/06\/sadiba2-221x300.jpeg 221w, https:\/\/cieldeguinee.net\/wp-content\/uploads\/2024\/06\/sadiba2-150x203.jpeg 150w\" sizes=\"auto, (max-width: 353px) 100vw, 353px\" \/><\/p>\n","protected":false},"excerpt":{"rendered":"<p>C&rsquo;est effectif, la mort de Sadiba Koulibaly, vient d&rsquo;\u00eatre confirm\u00e9e \u00e0 travers un communiqu\u00e9 du Parquet du Tribunal Militaire Permanent de Conakry en date du 24 juin 2024. Le d\u00e9funt a \u00e9t\u00e9 r\u00e9cemment d\u00e9grad\u00e9 du grade de G\u00e9n\u00e9ral \u00e0\u00a0 celui du Colonel par les autorit\u00e9s militaires du pays, suivie de sa radiation au sein des [&hellip;]<\/p>\n","protected":false},"author":2,"featured_media":1092,"comment_status":"closed","ping_status":"closed","sticky":false,"template":"","format":"standard","meta":{"footnotes":""},"categories":[3],"tags":[],"class_list":{"0":"post-1090","1":"post","2":"type-post","3":"status-publish","4":"format-standard","5":"has-post-thumbnail","7":"category-politique"},"jetpack_featured_media_url":"https:\/\/cieldeguinee.net\/wp-content\/uploads\/2024\/06\/sadiba.jpeg","_links":{"self":[{"href":"https:\/\/cieldeguinee.net\/index.php\/wp-json\/wp\/v2\/posts\/1090","targetHints":{"allow":["GET"]}}],"collection":[{"href":"https:\/\/cieldeguinee.net\/index.php\/wp-json\/wp\/v2\/posts"}],"about":[{"href":"https:\/\/cieldeguinee.net\/index.php\/wp-json\/wp\/v2\/types\/post"}],"author":[{"embeddable":true,"href":"https:\/\/cieldeguinee.net\/index.php\/wp-json\/wp\/v2\/users\/2"}],"replies":[{"embeddable":true,"href":"https:\/\/cieldeguinee.net\/index.php\/wp-json\/wp\/v2\/comments?post=1090"}],"version-history":[{"count":0,"href":"https:\/\/cieldeguinee.net\/index.php\/wp-json\/wp\/v2\/posts\/1090\/revisions"}],"wp:featuredmedia":[{"embeddable":true,"href":"https:\/\/cieldeguinee.net\/index.php\/wp-json\/wp\/v2\/media\/1092"}],"wp:attachment":[{"href":"https:\/\/cieldeguinee.net\/index.php\/wp-json\/wp\/v2\/media?parent=1090"}],"wp:term":[{"taxonomy":"category","embeddable":true,"href":"https:\/\/cieldeguinee.net\/index.php\/wp-json\/wp\/v2\/categories?post=1090"},{"taxonomy":"post_tag","embeddable":true,"href":"https:\/\/cieldeguinee.net\/index.php\/wp-json\/wp\/v2\/tags?post=1090"}],"curies":[{"name":"wp","href":"https:\/\/api.w.org\/{rel}","templated":true}]}}