{"id":1105,"date":"2024-07-09T18:28:07","date_gmt":"2024-07-09T16:28:07","guid":{"rendered":"https:\/\/cieldeguinee.net\/?p=1105"},"modified":"2024-07-09T18:28:07","modified_gmt":"2024-07-09T16:28:07","slug":"enseignement-technique-les-travaux-de-latelier-de-validation-sur-la-premiere-politique-nationale-de-lemploi-souvrent-a-conakry","status":"publish","type":"post","link":"https:\/\/cieldeguinee.net\/index.php\/enseignement-technique-les-travaux-de-latelier-de-validation-sur-la-premiere-politique-nationale-de-lemploi-souvrent-a-conakry\/","title":{"rendered":"Enseignement Technique : les travaux de l&rsquo;atelier de validation sur la premi\u00e8re politique nationale de l&#8217;emploi s\u2019ouvrent \u00e0 Conakry"},"content":{"rendered":"<p><strong>Dans le cadre de la mat\u00e9rialisation de la vision du Chef de l\u2019\u00c9tat, le G\u00e9n\u00e9ral Mamadi Doumbouya pour une Guin\u00e9e o\u00f9 chaque citoyen en \u00e2ge de travailler acc\u00e8de \u00e0 un emploi productif et d\u00e9cent, un atelier de validation de la premi\u00e8re politique nationale de l\u2019emploi (PNE) ouvre ses travaux ce mardi 9 juillet 2024 \u00e0 Conakry dans un r\u00e9ceptif h\u00f4telier de la place. <\/strong><\/p>\n<p>Cet atelier de deux jours allant du 9 au 10 juillet 2024, permettra aux diff\u00e9rents acteurs publics, priv\u00e9s et de l\u2019ensemble des partenaires sociaux de se pencher sur la validation du contenu du document de la \u2018\u2019Politique Nationale de l\u2019Emploi (PNE) 2024 \u20132030\u2019\u2019, fruit d\u2019un travail participatif et inclusif pour mieux maximiser la cr\u00e9ation d\u2019emplois productifs et d\u00e9cents en Guin\u00e9e.<\/p>\n<p>Prenant la parole au nom des partenaires techniques et financiers, le repr\u00e9sentant r\u00e9sident adjoint du Programme des nations unies pour le d\u00e9veloppement (PNUD), M. Alassane Ba affirme\u00a0:<\/p>\n<p>\u00ab Nous sommes vraiment heureux d&rsquo;accompagner cette politique nationale qui vient \u00e0 point nomm\u00e9 s\u2019inscrire dans un contexte o\u00f9 nous avons des d\u00e9fis en termes de l&#8217;emploi au niveau de la jeunesse. \u00a0Car les jeunes constituent la majorit\u00e9 de la population victime du ch\u00f4mage et ils ont besoins de la formation professionnelle et d\u2019accompagnement. Quand nous regardons les statistiques de l&#8217;emploi en Guin\u00e9e nous pouvons dire que l&rsquo;\u00e9conomie salariale compte moins de 19% au niveau national. \u00a0Nous savons que l&rsquo;\u00c9tat ne peut pas employer \u00a0\u00a0tout le monde mais il faut trouver une piste de solutions pour une formation. Donc cette politique nationale est une politique transversale qui permettra non seulement d\u2019impacter ensemble des politiques sectorielles au compte de l&#8217;emploi des jeunes \u00bb, a fait savoir le partenaire.<\/p>\n<p>Tr\u00e8s satisfaite de la tenue de l\u2019atelier, Mme Aminata Kaba, Ministre de l\u2019Enseignement Technique, de la Formation Professionnelle et de l\u2019Emploi, est dans son discours d\u2019ouverture, revenue sur les circonstances de l\u2019organisation du cadre d\u2019\u00e9change sur la validation du document sur la PNE.<\/p>\n<p>\u00ab Le secteur d&#8217;emplois en Guin\u00e9e est incontestablement un moteur essentiel dans le d\u00e9veloppement \u00e9conomique et social, c&rsquo;est \u00e0 ce titre d&rsquo;ailleurs que le premier ministre M. Amadou Oury Bah dans son discours d&rsquo;orientation devant le peuple de Guin\u00e9e a soulign\u00e9 que la n\u00e9cessit\u00e9 de mettre en \u0153uvre un m\u00e9canismes capable de favoriser l\u2019insertion professionnelle de nos jeunes! Nous sommes ainsi confiants de ce souci \u00e0 favoriser et \u00e0 multiplier les opportunit\u00e9s d&#8217;emploi pour tous et particuli\u00e8rement pour les jeunes, les femmes et les personnes vuln\u00e9rables en vue d\u2019acc\u00e9l\u00e9rer la croissance \u00e9conomique de notre ch\u00e8re nation \u00bb, a-t-elle fait savoir.<\/p>\n<p>Et d&rsquo;ajouter,\u00a0 \u00ab Cette Politique Nationale est en parfaite harmonie avec les diff\u00e9rents documents d&rsquo;orientation politique et strat\u00e9gique de notre pays notamment : la vision 2040 pour une Guin\u00e9e \u00e9mergence et prosp\u00e8re et le programme de r\u00e9f\u00e9rence int\u00e9rimaire (PRI) dans des piliers fondamentaux \u00e0 renforcer la comp\u00e9tence et qualification des jeunes et femmes gr\u00e2ce \u00e0 une formation ad\u00e9quate\u00a0; faciliter l&rsquo;acc\u00e8s aux financements et fournir un accompagnement technique pour encourager la cr\u00e9ation de nouvelles entreprises, moteur de croissance et cr\u00e9ation d&#8217;emplois (&#8230;). La politique nationale de l&#8217;emploi que nous appr\u00eatons \u00e0 finaliser ne doit pas \u00eatre vue simplement comme une documentation administrative, mais plut\u00f4t comme une feuille de route concr\u00e8te et vivante, elle doit guider nos actions quotidiennes et nos d\u00e9cisions strat\u00e9giques. Il est crucial que nous travaillons ensemble pour surmonter les innombrables d\u00e9fis et saisir les opportunit\u00e9s qui se pr\u00e9sentent \u00e0 nous, c&rsquo;est pourquoi je lance un appel pressant \u00e0 travailler avec d\u00e9termination pour que notre politique nationale d&#8217;emplois devienne \u00a0une r\u00e9alit\u00e9, je suis convaincue que gr\u00e2ce \u00e0 votre engagement et votre travail acharn\u00e9s, vous parviendrez \u00e0 faire de cette politique un v\u00e9ritable levier de transformation\u00a0: chaque emplois cr\u00e9\u00e9,\u00a0 chaque jeune form\u00e9,\u00a0 chaque entreprise soutenue sera un devoir collectif pour avancer vers une construction d&rsquo;une Guin\u00e9e prosp\u00e8re et harmonieuse \u00bb, a lanc\u00e9 Mme la ministre.<\/p>\n<p>Seny Sylla pour cieldeguinee.net\u00a0620020243<\/p>\n","protected":false},"excerpt":{"rendered":"<p>Dans le cadre de la mat\u00e9rialisation de la vision du Chef de l\u2019\u00c9tat, le G\u00e9n\u00e9ral Mamadi Doumbouya pour une Guin\u00e9e o\u00f9 chaque citoyen en \u00e2ge de travailler acc\u00e8de \u00e0 un emploi productif et d\u00e9cent, un atelier de validation de la premi\u00e8re politique nationale de l\u2019emploi (PNE) ouvre ses travaux ce mardi 9 juillet 2024 \u00e0 [&hellip;]<\/p>\n","protected":false},"author":2,"featured_media":1106,"comment_status":"closed","ping_status":"closed","sticky":false,"template":"","format":"standard","meta":{"footnotes":""},"categories":[23],"tags":[],"class_list":{"0":"post-1105","1":"post","2":"type-post","3":"status-publish","4":"format-standard","5":"has-post-thumbnail","7":"category-societe"},"jetpack_featured_media_url":"https:\/\/cieldeguinee.net\/wp-content\/uploads\/2024\/07\/image1.jpg","_links":{"self":[{"href":"https:\/\/cieldeguinee.net\/index.php\/wp-json\/wp\/v2\/posts\/1105","targetHints":{"allow":["GET"]}}],"collection":[{"href":"https:\/\/cieldeguinee.net\/index.php\/wp-json\/wp\/v2\/posts"}],"about":[{"href":"https:\/\/cieldeguinee.net\/index.php\/wp-json\/wp\/v2\/types\/post"}],"author":[{"embeddable":true,"href":"https:\/\/cieldeguinee.net\/index.php\/wp-json\/wp\/v2\/users\/2"}],"replies":[{"embeddable":true,"href":"https:\/\/cieldeguinee.net\/index.php\/wp-json\/wp\/v2\/comments?post=1105"}],"version-history":[{"count":0,"href":"https:\/\/cieldeguinee.net\/index.php\/wp-json\/wp\/v2\/posts\/1105\/revisions"}],"wp:featuredmedia":[{"embeddable":true,"href":"https:\/\/cieldeguinee.net\/index.php\/wp-json\/wp\/v2\/media\/1106"}],"wp:attachment":[{"href":"https:\/\/cieldeguinee.net\/index.php\/wp-json\/wp\/v2\/media?parent=1105"}],"wp:term":[{"taxonomy":"category","embeddable":true,"href":"https:\/\/cieldeguinee.net\/index.php\/wp-json\/wp\/v2\/categories?post=1105"},{"taxonomy":"post_tag","embeddable":true,"href":"https:\/\/cieldeguinee.net\/index.php\/wp-json\/wp\/v2\/tags?post=1105"}],"curies":[{"name":"wp","href":"https:\/\/api.w.org\/{rel}","templated":true}]}}