{"id":1109,"date":"2024-07-11T12:43:19","date_gmt":"2024-07-11T10:43:19","guid":{"rendered":"https:\/\/cieldeguinee.net\/?p=1109"},"modified":"2024-07-11T12:43:19","modified_gmt":"2024-07-11T10:43:19","slug":"guinee-enseignement-technique-le-document-portant-sur-la-politique-nationale-de-lemploi-pne-valide","status":"publish","type":"post","link":"https:\/\/cieldeguinee.net\/index.php\/guinee-enseignement-technique-le-document-portant-sur-la-politique-nationale-de-lemploi-pne-valide\/","title":{"rendered":"Guin\u00e9e\/Enseignement Technique : le document portant sur la Politique Nationale de l\u2019Emploi (PNE) valid\u00e9 !"},"content":{"rendered":"<p><strong>Au terme de deux jours de travaux intenses sur le processus de validation du document strat\u00e9gique portant sur la Politique Nationale de l\u2019Emploi (PNE) en Guin\u00e9e, les portes et fen\u00eatres de l\u2019atelier ont \u00e9t\u00e9 ferm\u00e9es ce mercredi 10 juillet 2024 dans un r\u00e9ceptif h\u00f4telier de la place. <\/strong><\/p>\n<p>Ce travail s\u2019inscrivait dans une dynamique de mat\u00e9rialisation de la vision du Chef de l\u2019Etat, le G\u00e9n\u00e9ral Mamadi Doumbouya pour une Guin\u00e9e o\u00f9 chaque citoyen en \u00e2ge de travailler, puisse acc\u00e9der \u00e0 un emploi productif et d\u00e9cent.<\/p>\n<p>Pr\u00e9sid\u00e9e par le Premier Ministre, chef du gouvernement M. Amadou Oury Bah en compagnie de Mme la Ministre de l\u2019Enseignement Technique, de la Formation Professionnelle et de l\u2019Emploi mais aussi les membres du gouvernement. Etaient \u00e9galement pr\u00e9sent \u00e0 cette rencontre, le Gouverneur de la Banque centrale de la R\u00e9publique de Guin\u00e9e (BCRG), les syndicats et les ambassadeurs accr\u00e9dit\u00e9s en Guin\u00e9e.<\/p>\n<p>Les travaux ont \u00e9t\u00e9 sanctionn\u00e9s par les six (6) recommandations dont entre autres: la r\u00e9alisation de la volont\u00e9 politique ; la pr\u00e9sentation du processus de validation du document strat\u00e9gique portant sur la politique nationale de l\u2019emploi(PNE) en conseil des ministres; la pr\u00e9sentation publique de la politique nationale de l\u2019emploi ; la participation op\u00e9rationnelle de la mise en \u0153uvre de la PNE au niveau sectoriel, r\u00e9gional et local; le renforcement des capacit\u00e9s du processus de l\u2019emploi \u00e0 tous les niveaux et le d\u00e9ploiement d\u2019outils de planification et de l\u2019utilisation favorable \u00e0 l\u2019emploi au niveau sectoriel, r\u00e9gional et local.<\/p>\n<p>Prenant la parole, la ministre de l\u2019Enseignement Technique, de la Formation Professionnelle et de l\u2019Emploi, Mme Aminata Kaba, se dit satisfaite du travail abattu par les diff\u00e9rents acteurs\u00a0:<\/p>\n<p>\u00ab Cette Politique Nationale est un document qui constitue le socle des futures actions relatives \u00e0 l\u2019emploi de tous les acteurs de d\u00e9veloppement \u00e9conomique et social de notre pays. Ladite politique, poursuit-elle, est une d\u00e9marche participative et inclusive, impliquant tous les acteurs et \u00e0 tous les niveaux, en r\u00e9unissant au sein du comit\u00e9 technique de l\u2019emploi. Il exige une convergence des efforts de tous, car elle est l\u2019aboutissement des r\u00e9formes engag\u00e9es par le Gouvernement devant am\u00e9liorer les conditions d\u2019employabilit\u00e9 de toutes les courses sociales, et particuli\u00e8rement celles des jeunes, des femmes et des personnes vuln\u00e9rables. C\u2019est pourquoi il est fondamental qu\u2019il y ait des actions convenues et concert\u00e9es autour du Gouvernement, du secteur priv\u00e9, les partenaires techniques et financiers, la soci\u00e9t\u00e9 civile entre autres, pour la mise en \u0153uvre de cette politique \u00bb, a indiqu\u00e9 Mme Kaba Aminata<\/p>\n<p>Pour terminer, le Premier ministre M. Amadou Oury Bah a, au nom du Gouvernement, r\u00e9affirm\u00e9 son engagement pour soutenir ce projet d&rsquo;envergure nationale\u00a0:<\/p>\n<p>\u00ab Notre politique de l\u2019emploi ne soit pas un simple document de planification, puisqu\u2019il est le fruit d\u2019un engagement collectif pour construire un avenir o\u00f9 chaque guin\u00e9en aura la possibilit\u00e9 de r\u00e9aliser son potentiel. Les d\u00e9fis tels que la promotion d\u2019un emploi d\u00e9cent et productif, le renforcement de l\u2019ad\u00e9quation des comp\u00e9tences et de l\u2019employabilit\u00e9 de nos jeunes, favoriser le d\u00e9veloppement des entreprises (\u2026) restent importants. Ces d\u00e9fis qui sont des orientations strat\u00e9giques ne resteront pas comme des mots sur le papier. Elle se traduiront en actions concr\u00e8tes. C\u2019est la raison pour laquelle, au niveau du comit\u00e9 interminist\u00e9riel qui se mettra en place, il faudra qu\u2019on se dote de moyens de mesurer l\u2019\u00e9volution du nombre d\u2019emploi cr\u00e9\u00e9s et progressivement \u00e9valuer le taux de ch\u00f4mage qui existe r\u00e9ellement dans le pays \u00bb, a fait savoir le num\u00e9ro de la Primature Guin\u00e9enne.<\/p>\n<p>Enfin, il ajoutera, \u00ab On ne se f\u00e9licite pas que l\u2019\u00c9tat soit le premier employeur, parce que cela n\u2019est pas l\u2019objectif essentiel. Il faut qu\u2019on transforme cette situation\u2026et que le secteur priv\u00e9 supplante en \u00e9tant le v\u00e9ritable pourvoyeur d\u2019emplois et le v\u00e9ritable moteur de la croissance \u00e0 laquelle nous aspirons pour changer la donne dans notre pays. Nous voulons rompre avec l\u2019\u00e9conomie de rente. Nous voulons une \u00e9conomie diversifi\u00e9e o\u00f9 la transformation progressive existe avec une industrialisation qui se mettra de plus en plus en place pour employer des jeunes qualifi\u00e9s pour que la richesse puisse atteindre un taux \u00e0 deux chiffres et que cela puisse s\u2019inscrire dans une dur\u00e9e afin de changer la courbe de ch\u00f4mage \u00bb, a conclu le PM.<\/p>\n<p>Quelques images de l&rsquo;\u00e9v\u00e8nement:<\/p>\n<p><img loading=\"lazy\" decoding=\"async\" class=\" wp-image-1111 aligncenter\" src=\"https:\/\/cieldeguinee.net\/wp-content\/uploads\/2024\/07\/image5-300x225.jpg\" alt=\"\" width=\"385\" height=\"289\" srcset=\"https:\/\/cieldeguinee.net\/wp-content\/uploads\/2024\/07\/image5-300x225.jpg 300w, https:\/\/cieldeguinee.net\/wp-content\/uploads\/2024\/07\/image5-1024x768.jpg 1024w, https:\/\/cieldeguinee.net\/wp-content\/uploads\/2024\/07\/image5-768x576.jpg 768w, https:\/\/cieldeguinee.net\/wp-content\/uploads\/2024\/07\/image5-150x113.jpg 150w, https:\/\/cieldeguinee.net\/wp-content\/uploads\/2024\/07\/image5-696x522.jpg 696w, https:\/\/cieldeguinee.net\/wp-content\/uploads\/2024\/07\/image5-560x420.jpg 560w, https:\/\/cieldeguinee.net\/wp-content\/uploads\/2024\/07\/image5-80x60.jpg 80w, https:\/\/cieldeguinee.net\/wp-content\/uploads\/2024\/07\/image5-265x198.jpg 265w, https:\/\/cieldeguinee.net\/wp-content\/uploads\/2024\/07\/image5.jpg 1032w\" sizes=\"auto, (max-width: 385px) 100vw, 385px\" \/><\/p>\n<p><img loading=\"lazy\" decoding=\"async\" class=\" wp-image-1113 aligncenter\" src=\"https:\/\/cieldeguinee.net\/wp-content\/uploads\/2024\/07\/image2-1-300x134.jpg\" alt=\"\" width=\"407\" height=\"182\" srcset=\"https:\/\/cieldeguinee.net\/wp-content\/uploads\/2024\/07\/image2-1-300x134.jpg 300w, https:\/\/cieldeguinee.net\/wp-content\/uploads\/2024\/07\/image2-1-150x67.jpg 150w, https:\/\/cieldeguinee.net\/wp-content\/uploads\/2024\/07\/image2-1-696x311.jpg 696w, https:\/\/cieldeguinee.net\/wp-content\/uploads\/2024\/07\/image2-1.jpg 768w\" sizes=\"auto, (max-width: 407px) 100vw, 407px\" \/><\/p>\n<p>&nbsp;<\/p>\n<p><img loading=\"lazy\" decoding=\"async\" class=\" wp-image-1114 aligncenter\" src=\"https:\/\/cieldeguinee.net\/wp-content\/uploads\/2024\/07\/image1-1-300x217.jpg\" alt=\"\" width=\"401\" height=\"290\" srcset=\"https:\/\/cieldeguinee.net\/wp-content\/uploads\/2024\/07\/image1-1-300x217.jpg 300w, https:\/\/cieldeguinee.net\/wp-content\/uploads\/2024\/07\/image1-1-1024x741.jpg 1024w, https:\/\/cieldeguinee.net\/wp-content\/uploads\/2024\/07\/image1-1-768x556.jpg 768w, https:\/\/cieldeguinee.net\/wp-content\/uploads\/2024\/07\/image1-1-150x109.jpg 150w, https:\/\/cieldeguinee.net\/wp-content\/uploads\/2024\/07\/image1-1-696x504.jpg 696w, https:\/\/cieldeguinee.net\/wp-content\/uploads\/2024\/07\/image1-1-1068x773.jpg 1068w, https:\/\/cieldeguinee.net\/wp-content\/uploads\/2024\/07\/image1-1-580x420.jpg 580w, https:\/\/cieldeguinee.net\/wp-content\/uploads\/2024\/07\/image1-1-324x235.jpg 324w, https:\/\/cieldeguinee.net\/wp-content\/uploads\/2024\/07\/image1-1-648x470.jpg 648w, https:\/\/cieldeguinee.net\/wp-content\/uploads\/2024\/07\/image1-1.jpg 1080w\" sizes=\"auto, (max-width: 401px) 100vw, 401px\" \/><\/p>\n<p><img loading=\"lazy\" decoding=\"async\" class=\" wp-image-1115 aligncenter\" src=\"https:\/\/cieldeguinee.net\/wp-content\/uploads\/2024\/07\/image4-300x225.jpg\" alt=\"\" width=\"400\" height=\"300\" srcset=\"https:\/\/cieldeguinee.net\/wp-content\/uploads\/2024\/07\/image4-300x225.jpg 300w, https:\/\/cieldeguinee.net\/wp-content\/uploads\/2024\/07\/image4-1024x768.jpg 1024w, https:\/\/cieldeguinee.net\/wp-content\/uploads\/2024\/07\/image4-768x576.jpg 768w, https:\/\/cieldeguinee.net\/wp-content\/uploads\/2024\/07\/image4-150x113.jpg 150w, https:\/\/cieldeguinee.net\/wp-content\/uploads\/2024\/07\/image4-696x522.jpg 696w, https:\/\/cieldeguinee.net\/wp-content\/uploads\/2024\/07\/image4-560x420.jpg 560w, https:\/\/cieldeguinee.net\/wp-content\/uploads\/2024\/07\/image4-80x60.jpg 80w, https:\/\/cieldeguinee.net\/wp-content\/uploads\/2024\/07\/image4-265x198.jpg 265w, https:\/\/cieldeguinee.net\/wp-content\/uploads\/2024\/07\/image4.jpg 1032w\" sizes=\"auto, (max-width: 400px) 100vw, 400px\" \/><\/p>\n<p>Seny Sylla pour cieldeguinee.net\u00a0620020243<\/p>\n","protected":false},"excerpt":{"rendered":"<p>Au terme de deux jours de travaux intenses sur le processus de validation du document strat\u00e9gique portant sur la Politique Nationale de l\u2019Emploi (PNE) en Guin\u00e9e, les portes et fen\u00eatres de l\u2019atelier ont \u00e9t\u00e9 ferm\u00e9es ce mercredi 10 juillet 2024 dans un r\u00e9ceptif h\u00f4telier de la place. Ce travail s\u2019inscrivait dans une dynamique de mat\u00e9rialisation [&hellip;]<\/p>\n","protected":false},"author":2,"featured_media":1110,"comment_status":"closed","ping_status":"closed","sticky":false,"template":"","format":"standard","meta":{"footnotes":""},"categories":[23],"tags":[],"class_list":{"0":"post-1109","1":"post","2":"type-post","3":"status-publish","4":"format-standard","5":"has-post-thumbnail","7":"category-societe"},"jetpack_featured_media_url":"https:\/\/cieldeguinee.net\/wp-content\/uploads\/2024\/07\/image3.jpg","_links":{"self":[{"href":"https:\/\/cieldeguinee.net\/index.php\/wp-json\/wp\/v2\/posts\/1109","targetHints":{"allow":["GET"]}}],"collection":[{"href":"https:\/\/cieldeguinee.net\/index.php\/wp-json\/wp\/v2\/posts"}],"about":[{"href":"https:\/\/cieldeguinee.net\/index.php\/wp-json\/wp\/v2\/types\/post"}],"author":[{"embeddable":true,"href":"https:\/\/cieldeguinee.net\/index.php\/wp-json\/wp\/v2\/users\/2"}],"replies":[{"embeddable":true,"href":"https:\/\/cieldeguinee.net\/index.php\/wp-json\/wp\/v2\/comments?post=1109"}],"version-history":[{"count":0,"href":"https:\/\/cieldeguinee.net\/index.php\/wp-json\/wp\/v2\/posts\/1109\/revisions"}],"wp:featuredmedia":[{"embeddable":true,"href":"https:\/\/cieldeguinee.net\/index.php\/wp-json\/wp\/v2\/media\/1110"}],"wp:attachment":[{"href":"https:\/\/cieldeguinee.net\/index.php\/wp-json\/wp\/v2\/media?parent=1109"}],"wp:term":[{"taxonomy":"category","embeddable":true,"href":"https:\/\/cieldeguinee.net\/index.php\/wp-json\/wp\/v2\/categories?post=1109"},{"taxonomy":"post_tag","embeddable":true,"href":"https:\/\/cieldeguinee.net\/index.php\/wp-json\/wp\/v2\/tags?post=1109"}],"curies":[{"name":"wp","href":"https:\/\/api.w.org\/{rel}","templated":true}]}}