{"id":1154,"date":"2024-07-27T15:32:12","date_gmt":"2024-07-27T13:32:12","guid":{"rendered":"https:\/\/cieldeguinee.net\/?p=1154"},"modified":"2024-07-27T15:33:44","modified_gmt":"2024-07-27T13:33:44","slug":"guinee-justice-la-premiere-edition-de-la-semaine-des-avocats-tenue-a-conakry","status":"publish","type":"post","link":"https:\/\/cieldeguinee.net\/index.php\/guinee-justice-la-premiere-edition-de-la-semaine-des-avocats-tenue-a-conakry\/","title":{"rendered":"Guin\u00e9e-Justice :la premi\u00e8re \u00e9dition de la semaine des avocats tenue \u00e0 Conakry !"},"content":{"rendered":"<p>Dans le cadre du raffermissement des liens amicaux et professionnels, la structure d\u00e9nomm\u00e9e \u2018\u2019 Association des Jeunes Avocats de Guin\u00e9e (AJAG)\u2019\u2019 a regroup\u00e9 l\u2019ensemble de ses membres et sympathisants, des enseignants chercheurs mais aussi des professionnels du droit, du 24 au 26 juillet 2024 \u00e0 Conakry autour des \u00e9changes et partages d\u2019exp\u00e9riences sur le th\u00e8me : \u00ab Corruption en milieu judiciaire \u00bb. C\u2019est le Procureur G\u00e9n\u00e9ral pr\u00e8s la Cour d\u2019Appel de Conakry, Me Falilou Doumbouya qui avait pr\u00e9sid\u00e9 l\u2019ouverture de l\u2019\u00e9v\u00e8nement.<\/p>\n<p>Dans son discours de circonstance, le Pr\u00e9sident de l&rsquo;Association des Jeunes Avocats de Guin\u00e9e (AJAG), Ma\u00eetre Elhadj Madiou Barry\u00a0a fait savoir l\u2019importance du th\u00e8me retenu surtout pour cette corporation sp\u00e9cifique, aujourd\u2019hui, repr\u00e9sent\u00e9e majoritairement par la jeunesse.<img loading=\"lazy\" decoding=\"async\" class=\"td-modal-image wp-image-1156 alignleft\" src=\"https:\/\/cieldeguinee.net\/wp-content\/uploads\/2024\/07\/image2-2-300x169.jpg\" alt=\"\" width=\"444\" height=\"250\" srcset=\"https:\/\/cieldeguinee.net\/wp-content\/uploads\/2024\/07\/image2-2-300x169.jpg 300w, https:\/\/cieldeguinee.net\/wp-content\/uploads\/2024\/07\/image2-2-1024x577.jpg 1024w, https:\/\/cieldeguinee.net\/wp-content\/uploads\/2024\/07\/image2-2-768x433.jpg 768w, https:\/\/cieldeguinee.net\/wp-content\/uploads\/2024\/07\/image2-2-1536x865.jpg 1536w, https:\/\/cieldeguinee.net\/wp-content\/uploads\/2024\/07\/image2-2-150x84.jpg 150w, https:\/\/cieldeguinee.net\/wp-content\/uploads\/2024\/07\/image2-2-696x392.jpg 696w, https:\/\/cieldeguinee.net\/wp-content\/uploads\/2024\/07\/image2-2-1068x601.jpg 1068w, https:\/\/cieldeguinee.net\/wp-content\/uploads\/2024\/07\/image2-2-746x420.jpg 746w, https:\/\/cieldeguinee.net\/wp-content\/uploads\/2024\/07\/image2-2.jpg 1678w\" sizes=\"auto, (max-width: 444px) 100vw, 444px\" \/><\/p>\n<p>\u00ab L\u2019association des jeunes avocats de Guin\u00e9e a choisi un th\u00e8me central qui pr\u00e9occupe plus d&rsquo;un, et qui ne concerne v\u00e9ritablement la justice dans son ensemble, mais au-del\u00e0 de la soci\u00e9t\u00e9 tout enti\u00e8re. Que \u00e7a soit sur le plan historique, sociologique, culturel, mais aussi ce que nous faisons. Ce th\u00e8me intitul\u00e9 \u2018\u2019 la corruption en milieu judiciaire\u2019\u2019, n\u2019a pas \u00e9t\u00e9 choisi de mani\u00e8re fortuite. Nous sommes partis des r\u00e9alit\u00e9s que nous connaissons, des r\u00e9alit\u00e9s que nous vivons. Loin d&rsquo;\u00eatre \u00e9tranger \u00e0 cette r\u00e9alit\u00e9, au moment o\u00f9 notre pays vit une transition qu&rsquo;on va esp\u00e9rer la derni\u00e8re, il \u00e9tait donc important de choisir un th\u00e8me central, f\u00e9d\u00e9rateur afin que nous \u00e9changions sinc\u00e8rement pour que des solutions appropri\u00e9es soient trouv\u00e9es ou tout au moins port\u00e9es \u00e0 l&rsquo;attention des autorit\u00e9s, chacune \u00e0 son niveau afin que cette pand\u00e9mie qui est la corruption cesse&#8230; Je suis convaincu, qu\u2019\u00e0 l&rsquo;issue des trois jours de travaux sur ce th\u00e8me, qui regroupe l&rsquo;ensemble des intervenants dans le domaine du droit, que \u00e7a soit les professionnels de la justice, que \u00e7a soit les enseignants chercheurs de l&rsquo;universit\u00e9, nous pourrons assur\u00e9ment \u00e0 la fin de nos travaux parvenir \u00e0 un rapport qui pourrait v\u00e9ritablement nous permettre, je l&rsquo;esp\u00e8re, \u00e9voluer dans les perspectives de solutions concernant la lutte contre la corruption \u00bb, a-t-il soulign\u00e9.<\/p>\n<p>De son c\u00f4t\u00e9, Le b\u00e2tonnier de l&rsquo;ordre des avocats de Guin\u00e9e Mamadou Souar\u00e9 Diop\u00a0a r\u00e9affirm\u00e9 son engagement \u00e0 soutenir et \u00e0 encourager les jeunes avocats dans leurs \u00e9lans de solidarit\u00e9 parfaite.<\/p>\n<p>\u00ab Je le souhaite de tous mes v\u0153ux que cette semaine du jeune avocat soit d\u00e9sormais tradition pour le barreau de Guin\u00e9e. Il y a un premier pas \u00e0 toute chose et bien je souhaite que \u00e7a soit d\u00e9sormais tous les ans que cette semaine soit organis\u00e9e. Je voudrais au nom du barreau vous remercier de l&rsquo;initiative. Avec cette initiative, vous int\u00e9grez en vous-m\u00eame l&rsquo;obligation de formation initiale et continue que nous impose notre loi.\u00a0 La loi portant sur la profession d&rsquo;avocat. Donc initier une telle formation, c&rsquo;est un honneur pour le barreau.\u00a0 Parce qu&rsquo;avant d&rsquo;\u00eatre jeune avocat, il faut d&rsquo;abord \u00eatre avocat. C&rsquo;est pour \u00e7a, le barreau est concern\u00e9 \u00e0 plus d&rsquo;un titre, dans le cadre des activit\u00e9s de l&rsquo;association des jeunes avocats de Guin\u00e9e \u00bb, a d\u00e9clar\u00e9 Me Diop.<\/p>\n<p>Pour finir, il dira \u00ab Je voudrais engager l&rsquo;ensemble de nos confr\u00e8res et particuli\u00e8rement aux jeunes avocats de s&rsquo;y mettre pour la formation, car vous n&rsquo;\u00eates pas sans savoir que nous sommes confront\u00e9s \u00e0 des d\u00e9fis de formation, parce qu&rsquo;il y va de l&rsquo;avenir et de la survie de notre profession. Vous savez mieux que moi, le droit est devenu une ing\u00e9nierie. Il \u00e9volue au rythme de l&rsquo;\u00e9volution de la soci\u00e9t\u00e9. Donc c&rsquo;est un imp\u00e9ratif pour l&rsquo;avocat de suivre cette \u00e9volution afin d&rsquo;\u00eatre utile \u00e0 sa soci\u00e9t\u00e9 et \u00e0 ses clients \u00bb, a-t-il mentionn\u00e9.<\/p>\n<p>Sana\u00a0Sylla.<\/p>\n","protected":false},"excerpt":{"rendered":"<p>Dans le cadre du raffermissement des liens amicaux et professionnels, la structure d\u00e9nomm\u00e9e \u2018\u2019 Association des Jeunes Avocats de Guin\u00e9e (AJAG)\u2019\u2019 a regroup\u00e9 l\u2019ensemble de ses membres et sympathisants, des enseignants chercheurs mais aussi des professionnels du droit, du 24 au 26 juillet 2024 \u00e0 Conakry autour des \u00e9changes et partages d\u2019exp\u00e9riences sur le th\u00e8me [&hellip;]<\/p>\n","protected":false},"author":2,"featured_media":1155,"comment_status":"closed","ping_status":"closed","sticky":false,"template":"","format":"standard","meta":{"footnotes":""},"categories":[23],"tags":[],"class_list":{"0":"post-1154","1":"post","2":"type-post","3":"status-publish","4":"format-standard","5":"has-post-thumbnail","7":"category-societe"},"jetpack_featured_media_url":"https:\/\/cieldeguinee.net\/wp-content\/uploads\/2024\/07\/image1-3.jpg","_links":{"self":[{"href":"https:\/\/cieldeguinee.net\/index.php\/wp-json\/wp\/v2\/posts\/1154","targetHints":{"allow":["GET"]}}],"collection":[{"href":"https:\/\/cieldeguinee.net\/index.php\/wp-json\/wp\/v2\/posts"}],"about":[{"href":"https:\/\/cieldeguinee.net\/index.php\/wp-json\/wp\/v2\/types\/post"}],"author":[{"embeddable":true,"href":"https:\/\/cieldeguinee.net\/index.php\/wp-json\/wp\/v2\/users\/2"}],"replies":[{"embeddable":true,"href":"https:\/\/cieldeguinee.net\/index.php\/wp-json\/wp\/v2\/comments?post=1154"}],"version-history":[{"count":0,"href":"https:\/\/cieldeguinee.net\/index.php\/wp-json\/wp\/v2\/posts\/1154\/revisions"}],"wp:featuredmedia":[{"embeddable":true,"href":"https:\/\/cieldeguinee.net\/index.php\/wp-json\/wp\/v2\/media\/1155"}],"wp:attachment":[{"href":"https:\/\/cieldeguinee.net\/index.php\/wp-json\/wp\/v2\/media?parent=1154"}],"wp:term":[{"taxonomy":"category","embeddable":true,"href":"https:\/\/cieldeguinee.net\/index.php\/wp-json\/wp\/v2\/categories?post=1154"},{"taxonomy":"post_tag","embeddable":true,"href":"https:\/\/cieldeguinee.net\/index.php\/wp-json\/wp\/v2\/tags?post=1154"}],"curies":[{"name":"wp","href":"https:\/\/api.w.org\/{rel}","templated":true}]}}