{"id":1236,"date":"2024-09-11T20:08:35","date_gmt":"2024-09-11T18:08:35","guid":{"rendered":"https:\/\/cieldeguinee.net\/?p=1236"},"modified":"2024-09-11T20:08:35","modified_gmt":"2024-09-11T18:08:35","slug":"conakry-atelier-regional-sur-la-preservation-du-massif-du-fouta-djallon","status":"publish","type":"post","link":"https:\/\/cieldeguinee.net\/index.php\/conakry-atelier-regional-sur-la-preservation-du-massif-du-fouta-djallon\/","title":{"rendered":"Conakry : Atelier R\u00e9gional sur la Pr\u00e9servation du Massif du Fouta Djallon"},"content":{"rendered":"<p>Le ministre de l&rsquo;\u00c9nergie, Aboubacar Camara, accompagn\u00e9 de son homologue de l&rsquo;Environnement, a pr\u00e9sid\u00e9 ce mercredi 11 septembre 2024 \u00e0 Conakry l&rsquo;atelier r\u00e9gional de validation des outils de mise en \u0153uvre du Programme R\u00e9gional d\u2019Am\u00e9nagement Int\u00e9gr\u00e9 du Massif du Fouta Djallon. Cet \u00e9v\u00e9nement a r\u00e9uni des repr\u00e9sentants des pays membres de la CEDEAO ainsi que leurs partenaires financiers.<\/p>\n<p>Dans son discours, Mme Massandj\u00e9 Tour\u00e9-Litse, commissaire aux Affaires \u00e9conomiques et \u00e0 l&rsquo;Agriculture de la CEDEAO, a soulign\u00e9 l&rsquo;importance symbolique de cette rencontre :<\/p>\n<p>\u00ab Cette c\u00e9r\u00e9monie marque une \u00e9tape cruciale dans l\u2019op\u00e9rationnalisation du Programme R\u00e9gional d\u2019Am\u00e9nagement Int\u00e9gr\u00e9 du Massif du Fouta Djallon, depuis son transfert \u00e0 la CEDEAO en octobre 2018. Le choix de Conakry n\u2019est pas anodin. Selon une \u00e9tude diagnostique r\u00e9alis\u00e9e par l\u2019UICN en 2021, les superficies foresti\u00e8res du massif sont pass\u00e9es de 272 996 km\u00b2 \u00e0 252 400,87 km\u00b2 en 20 ans, soit une perte moyenne de 102 976 hectares. Parall\u00e8lement, les terres agricoles ont augment\u00e9 de 37,42 %, atteignant 2 111 198 hectares. Pendant ces quatre jours de travaux, vous \u00eates invit\u00e9s non seulement \u00e0 r\u00e9fl\u00e9chir et \u00e0 \u00e9changer sur les bases de notre collaboration pour redynamiser ce programme, mais aussi \u00e0 partager et valider les outils et projets n\u00e9cessaires \u00e0 sa mise en \u0153uvre \u00bb, a-t-elle d\u00e9clar\u00e9.<\/p>\n<p>Apr\u00e8s plusieurs interventions des partenaires et des pays membres concernant la mise en \u0153uvre du programme, le ministre de l\u2019\u00c9nergie, Aboubacar Camara, a officiellement lanc\u00e9 les travaux de validation. Il a insist\u00e9 sur l\u2019urgence d&rsquo;agir :<\/p>\n<p>\u00ab L\u2019heure n\u2019est plus aux discours, mais \u00e0 l\u2019action. Le massif du Fouta Djallon est aujourd\u2019hui gravement menac\u00e9 de d\u00e9gradation. C\u2019est pourquoi j\u2019encourage des \u00e9changes constructifs pour formuler des recommandations pertinentes, visant \u00e0 atteindre les objectifs fix\u00e9s par le gouvernement \u00bb, a-t-il d\u00e9clar\u00e9.<\/p>\n<p>Sana Sylla<\/p>\n<p>&nbsp;<\/p>\n","protected":false},"excerpt":{"rendered":"<p>Le ministre de l&rsquo;\u00c9nergie, Aboubacar Camara, accompagn\u00e9 de son homologue de l&rsquo;Environnement, a pr\u00e9sid\u00e9 ce mercredi 11 septembre 2024 \u00e0 Conakry l&rsquo;atelier r\u00e9gional de validation des outils de mise en \u0153uvre du Programme R\u00e9gional d\u2019Am\u00e9nagement Int\u00e9gr\u00e9 du Massif du Fouta Djallon. Cet \u00e9v\u00e9nement a r\u00e9uni des repr\u00e9sentants des pays membres de la CEDEAO ainsi que [&hellip;]<\/p>\n","protected":false},"author":2,"featured_media":1237,"comment_status":"closed","ping_status":"closed","sticky":false,"template":"","format":"standard","meta":{"footnotes":""},"categories":[5],"tags":[],"class_list":{"0":"post-1236","1":"post","2":"type-post","3":"status-publish","4":"format-standard","5":"has-post-thumbnail","7":"category-environnement"},"jetpack_featured_media_url":"https:\/\/cieldeguinee.net\/wp-content\/uploads\/2024\/09\/IMG-20240911-WA00251.jpg","_links":{"self":[{"href":"https:\/\/cieldeguinee.net\/index.php\/wp-json\/wp\/v2\/posts\/1236","targetHints":{"allow":["GET"]}}],"collection":[{"href":"https:\/\/cieldeguinee.net\/index.php\/wp-json\/wp\/v2\/posts"}],"about":[{"href":"https:\/\/cieldeguinee.net\/index.php\/wp-json\/wp\/v2\/types\/post"}],"author":[{"embeddable":true,"href":"https:\/\/cieldeguinee.net\/index.php\/wp-json\/wp\/v2\/users\/2"}],"replies":[{"embeddable":true,"href":"https:\/\/cieldeguinee.net\/index.php\/wp-json\/wp\/v2\/comments?post=1236"}],"version-history":[{"count":0,"href":"https:\/\/cieldeguinee.net\/index.php\/wp-json\/wp\/v2\/posts\/1236\/revisions"}],"wp:featuredmedia":[{"embeddable":true,"href":"https:\/\/cieldeguinee.net\/index.php\/wp-json\/wp\/v2\/media\/1237"}],"wp:attachment":[{"href":"https:\/\/cieldeguinee.net\/index.php\/wp-json\/wp\/v2\/media?parent=1236"}],"wp:term":[{"taxonomy":"category","embeddable":true,"href":"https:\/\/cieldeguinee.net\/index.php\/wp-json\/wp\/v2\/categories?post=1236"},{"taxonomy":"post_tag","embeddable":true,"href":"https:\/\/cieldeguinee.net\/index.php\/wp-json\/wp\/v2\/tags?post=1236"}],"curies":[{"name":"wp","href":"https:\/\/api.w.org\/{rel}","templated":true}]}}