{"id":1247,"date":"2024-09-18T15:44:04","date_gmt":"2024-09-18T13:44:04","guid":{"rendered":"https:\/\/cieldeguinee.net\/?p=1247"},"modified":"2024-09-18T15:44:04","modified_gmt":"2024-09-18T13:44:04","slug":"metfpe-un-atelier-dharmonisation-des-filieres-et-programmes-des-etablissements-au-coeur-dun-debat-a-conakry","status":"publish","type":"post","link":"https:\/\/cieldeguinee.net\/index.php\/metfpe-un-atelier-dharmonisation-des-filieres-et-programmes-des-etablissements-au-coeur-dun-debat-a-conakry\/","title":{"rendered":"METFPE : Un atelier d&rsquo;harmonisation des fili\u00e8res et programmes des \u00e9tablissements au c\u0153ur d&rsquo;un d\u00e9bat \u00e0 Conakry"},"content":{"rendered":"<p>Le Minist\u00e8re de l&rsquo;Enseignement Technique, de la Formation Professionnelle et de l&rsquo;Emploi (METFPE), \u00e0 travers son secr\u00e9taire g\u00e9n\u00e9ral, Dr. Julien Bongono, a proc\u00e9d\u00e9 ce mercredi 18 septembre 2024 au lancement officiel d&rsquo;un atelier de r\u00e9flexion sur le processus de cadrage et d&rsquo;harmonisation des fili\u00e8res et programmes des \u00e9tablissements d&rsquo;Enseignement Technique et de Formation Professionnelle (ETFP).<img loading=\"lazy\" decoding=\"async\" class=\"size-medium wp-image-1249 alignleft\" src=\"https:\/\/cieldeguinee.net\/wp-content\/uploads\/2024\/09\/metfp2-300x169.jpg\" alt=\"\" width=\"300\" height=\"169\" srcset=\"https:\/\/cieldeguinee.net\/wp-content\/uploads\/2024\/09\/metfp2-300x169.jpg 300w, https:\/\/cieldeguinee.net\/wp-content\/uploads\/2024\/09\/metfp2-768x432.jpg 768w, https:\/\/cieldeguinee.net\/wp-content\/uploads\/2024\/09\/metfp2-150x84.jpg 150w, https:\/\/cieldeguinee.net\/wp-content\/uploads\/2024\/09\/metfp2-696x392.jpg 696w, https:\/\/cieldeguinee.net\/wp-content\/uploads\/2024\/09\/metfp2-746x420.jpg 746w, https:\/\/cieldeguinee.net\/wp-content\/uploads\/2024\/09\/metfp2.jpg 1000w\" sizes=\"auto, (max-width: 300px) 100vw, 300px\" \/><!--more--><\/p>\n<p>Pendant trois jours d\u2019\u00e9changes et de partage d\u2019exp\u00e9riences, les participants se pencheront sur plusieurs objectifs : examiner la situation actuelle des d\u00e9nominations des fili\u00e8res et des contenus des programmes d&rsquo;enseignement technique ; et proposer des recommandations strat\u00e9giques pour harmoniser ces fili\u00e8res et programmes en fonction des besoins du march\u00e9 de l\u2019emploi.<\/p>\n<p>Dans son discours d\u2019ouverture, Mohamed Facinet Sylla, chef du d\u00e9veloppement des programmes au sein du minist\u00e8re de tutelle, a soulign\u00e9 l&rsquo;importance de cet atelier qui se tient du 18 au 20 septembre 2024. Selon lui, cet \u00e9v\u00e9nement marque une \u00e9tape cruciale dans l\u2019engagement du minist\u00e8re \u00e0 faire de l\u2019\u00e9ducation un levier puissant pour l\u2019\u00e9conomie nationale. \u00ab Nous sommes convaincus que les recommandations issues de cet atelier traceront une nouvelle voie pour l\u2019enseignement technique et la formation professionnelle \u00bb, a-t-il d\u00e9clar\u00e9.<\/p>\n<p>De son c\u00f4t\u00e9, le secr\u00e9taire g\u00e9n\u00e9ral du METFPE, Dr. Julien Bongono, repr\u00e9sentant la ministre Aminata Kaba, a rappel\u00e9 que l\u2019enseignement technique et la formation professionnelle sont, dans la plupart des pays, des moteurs de la croissance et du d\u00e9veloppement socio-\u00e9conomique. Toutefois, il a reconnu que ce secteur rencontre encore de nombreux d\u00e9fis en Guin\u00e9e.<\/p>\n<p>\u00ab Ce secteur est \u00e0 la tra\u00eene et souffre de plusieurs probl\u00e8mes. Le panel en a discut\u00e9 : il y a un d\u00e9calage entre la formation et les exigences du march\u00e9 de l&#8217;emploi. Les programmes et les fili\u00e8res ne correspondent pas toujours aux attentes des employeurs, et les comp\u00e9tences d\u00e9velopp\u00e9es ne sont pas toujours celles recherch\u00e9es. Face \u00e0 cette r\u00e9alit\u00e9, Madame la Ministre s\u2019est engag\u00e9e \u00e0 r\u00e9former les fili\u00e8res et les programmes pour que nos apprenants acqui\u00e8rent des comp\u00e9tences solides, en ad\u00e9quation avec les besoins du march\u00e9. L&rsquo;objectif est que chaque dipl\u00f4m\u00e9 de nos \u00e9tablissements soit directement employable \u00bb, a expliqu\u00e9 Dr. Bongono.<\/p>\n<p>Par\u00a0Sana\u00a0Sylla<\/p>\n","protected":false},"excerpt":{"rendered":"<p>Le Minist\u00e8re de l&rsquo;Enseignement Technique, de la Formation Professionnelle et de l&rsquo;Emploi (METFPE), \u00e0 travers son secr\u00e9taire g\u00e9n\u00e9ral, Dr. Julien Bongono, a proc\u00e9d\u00e9 ce mercredi 18 septembre 2024 au lancement officiel d&rsquo;un atelier de r\u00e9flexion sur le processus de cadrage et d&rsquo;harmonisation des fili\u00e8res et programmes des \u00e9tablissements d&rsquo;Enseignement Technique et de Formation Professionnelle (ETFP).<\/p>\n","protected":false},"author":2,"featured_media":1248,"comment_status":"closed","ping_status":"closed","sticky":false,"template":"","format":"standard","meta":{"footnotes":""},"categories":[23],"tags":[],"class_list":{"0":"post-1247","1":"post","2":"type-post","3":"status-publish","4":"format-standard","5":"has-post-thumbnail","7":"category-societe"},"jetpack_featured_media_url":"https:\/\/cieldeguinee.net\/wp-content\/uploads\/2024\/09\/metfp.jpg","_links":{"self":[{"href":"https:\/\/cieldeguinee.net\/index.php\/wp-json\/wp\/v2\/posts\/1247","targetHints":{"allow":["GET"]}}],"collection":[{"href":"https:\/\/cieldeguinee.net\/index.php\/wp-json\/wp\/v2\/posts"}],"about":[{"href":"https:\/\/cieldeguinee.net\/index.php\/wp-json\/wp\/v2\/types\/post"}],"author":[{"embeddable":true,"href":"https:\/\/cieldeguinee.net\/index.php\/wp-json\/wp\/v2\/users\/2"}],"replies":[{"embeddable":true,"href":"https:\/\/cieldeguinee.net\/index.php\/wp-json\/wp\/v2\/comments?post=1247"}],"version-history":[{"count":0,"href":"https:\/\/cieldeguinee.net\/index.php\/wp-json\/wp\/v2\/posts\/1247\/revisions"}],"wp:featuredmedia":[{"embeddable":true,"href":"https:\/\/cieldeguinee.net\/index.php\/wp-json\/wp\/v2\/media\/1248"}],"wp:attachment":[{"href":"https:\/\/cieldeguinee.net\/index.php\/wp-json\/wp\/v2\/media?parent=1247"}],"wp:term":[{"taxonomy":"category","embeddable":true,"href":"https:\/\/cieldeguinee.net\/index.php\/wp-json\/wp\/v2\/categories?post=1247"},{"taxonomy":"post_tag","embeddable":true,"href":"https:\/\/cieldeguinee.net\/index.php\/wp-json\/wp\/v2\/tags?post=1247"}],"curies":[{"name":"wp","href":"https:\/\/api.w.org\/{rel}","templated":true}]}}