{"id":1255,"date":"2024-09-20T00:58:10","date_gmt":"2024-09-19T22:58:10","guid":{"rendered":"https:\/\/cieldeguinee.net\/?p=1255"},"modified":"2024-09-20T01:10:54","modified_gmt":"2024-09-19T23:10:54","slug":"claude-pivi-alias-coplan-revient-sur-les-circonstances-de-sa-fuite","status":"publish","type":"post","link":"https:\/\/cieldeguinee.net\/index.php\/claude-pivi-alias-coplan-revient-sur-les-circonstances-de-sa-fuite\/","title":{"rendered":"Claude Pivi alias \u00ab\u00a0Coplan\u00a0\u00bb revient sur les circonstances de sa fuite"},"content":{"rendered":"<p>Claude Pivi, ancien ministre charg\u00e9 de la s\u00e9curit\u00e9 pr\u00e9sidentielle sous le r\u00e9gime du CNDD, a r\u00e9cemment fait des r\u00e9v\u00e9lations sur sa spectaculaire \u00e9vasion de la prison de Coronthie, en novembre 2023. Inculp\u00e9 dans l\u2019affaire du massacre du 28 septembre 2009, Pivi, \u00e9galement connu sous le nom de \u00ab\u00a0Coplan\u00a0\u00bb, avait r\u00e9ussi \u00e0 s\u2019enfuir avec l\u2019aide d\u2019un commando dirig\u00e9 par son propre fils.<\/p>\n<p>Apr\u00e8s plusieurs mois de cavale, Pivi a finalement \u00e9t\u00e9 r\u00e9incarc\u00e9r\u00e9 \u00e0 la maison centrale de Conakry ce jeudi 19 septembre 2024,\u00a0 l\u00e0 m\u00eame d\u2019o\u00f9 il s\u2019\u00e9tait \u00e9vad\u00e9.<\/p>\n<p>Lors d\u2019une br\u00e8ve d\u00e9claration, il a partag\u00e9 quelques d\u00e9tails sur son parcours apr\u00e8s l&rsquo;\u00e9vasion. \u00ab Depuis l\u2019\u00e9vasion \u00e0 Conakry, c\u2019est le m\u00eame jour que j\u2019ai continu\u00e9. Ils m\u2019ont fait accompagner par trois personnes qui sont venues derri\u00e8re moi \u00e0 la S\u00fbret\u00e9. Ils m\u2019ont balanc\u00e9 directement pour aller en for\u00eat. Arriv\u00e9 dans mon village, j\u2019y suis rest\u00e9 trois jours, et le quatri\u00e8me jour, j\u2019ai travers\u00e9 pour aller au Liberia \u00bb, a-t-il expliqu\u00e9.<\/p>\n<p>Claude Pivi, qui \u00e9tait l\u2019une des figures de proue du r\u00e9gime militaire du CNDD de Moussa Dadis CAMARA a \u00e9t\u00e9 condamn\u00e9 \u00e0 la perp\u00e9tuit\u00e9 par le tribunal de premi\u00e8re instance de Dixinn, d\u00e9localis\u00e9 \u00e0 la Cour d\u2019Appel de Conakry. Cette condamnation fait suite \u00e0 son implication dans les \u00e9v\u00e9nements tragiques du 28 septembre 2009, lors desquels des centaines de manifestants ont \u00e9t\u00e9 tu\u00e9s, bless\u00e9s ou viol\u00e9s dans le stade de Conakry. L&rsquo;effet aggravant de cette d\u00e9cision est l&rsquo;\u00e9vasion de cet ancien officier de l&rsquo;arm\u00e9e guin\u00e9enne de la prison.<\/p>\n<p>L\u2019\u00e9vasion de Pivi avait provoqu\u00e9 un scandale au sein des autorit\u00e9s guin\u00e9ennes, soulevant des interrogations sur la s\u00e9curit\u00e9 dans les prisons du pays. Aujourd\u2019hui de retour derri\u00e8re les barreaux, l\u2019ancien ministre doit d\u00e9sormais purger sa peine, mais ses aveux sur sa fuite laissent entendre qu\u2019il a b\u00e9n\u00e9fici\u00e9 de complicit\u00e9s bien organis\u00e9es.<\/p>\n<p>Le myst\u00e8re demeure quant \u00e0 l\u2019ampleur des soutiens dont il a b\u00e9n\u00e9fici\u00e9, tant au niveau local qu\u2019international, pour traverser les fronti\u00e8res et \u00e9chapper \u00e0 la justice pendant plusieurs mois.<\/p>\n<p>\u00c0 rappeler que le fugitif Claude Pivi a \u00e9t\u00e9 mis aux arr\u00eats dans un village frontalier entre la Guin\u00e9e et le Liberia par la police liberienne.<\/p>\n<p>T. Oular\u00e9<\/p>\n<p>&nbsp;<\/p>\n","protected":false},"excerpt":{"rendered":"<p>Claude Pivi, ancien ministre charg\u00e9 de la s\u00e9curit\u00e9 pr\u00e9sidentielle sous le r\u00e9gime du CNDD, a r\u00e9cemment fait des r\u00e9v\u00e9lations sur sa spectaculaire \u00e9vasion de la prison de Coronthie, en novembre 2023. Inculp\u00e9 dans l\u2019affaire du massacre du 28 septembre 2009, Pivi, \u00e9galement connu sous le nom de \u00ab\u00a0Coplan\u00a0\u00bb, avait r\u00e9ussi \u00e0 s\u2019enfuir avec l\u2019aide d\u2019un [&hellip;]<\/p>\n","protected":false},"author":2,"featured_media":1258,"comment_status":"closed","ping_status":"closed","sticky":false,"template":"","format":"standard","meta":{"footnotes":""},"categories":[23],"tags":[],"class_list":{"0":"post-1255","1":"post","2":"type-post","3":"status-publish","4":"format-standard","5":"has-post-thumbnail","7":"category-societe"},"jetpack_featured_media_url":"https:\/\/cieldeguinee.net\/wp-content\/uploads\/2024\/09\/20240919_210022.jpg","_links":{"self":[{"href":"https:\/\/cieldeguinee.net\/index.php\/wp-json\/wp\/v2\/posts\/1255","targetHints":{"allow":["GET"]}}],"collection":[{"href":"https:\/\/cieldeguinee.net\/index.php\/wp-json\/wp\/v2\/posts"}],"about":[{"href":"https:\/\/cieldeguinee.net\/index.php\/wp-json\/wp\/v2\/types\/post"}],"author":[{"embeddable":true,"href":"https:\/\/cieldeguinee.net\/index.php\/wp-json\/wp\/v2\/users\/2"}],"replies":[{"embeddable":true,"href":"https:\/\/cieldeguinee.net\/index.php\/wp-json\/wp\/v2\/comments?post=1255"}],"version-history":[{"count":0,"href":"https:\/\/cieldeguinee.net\/index.php\/wp-json\/wp\/v2\/posts\/1255\/revisions"}],"wp:featuredmedia":[{"embeddable":true,"href":"https:\/\/cieldeguinee.net\/index.php\/wp-json\/wp\/v2\/media\/1258"}],"wp:attachment":[{"href":"https:\/\/cieldeguinee.net\/index.php\/wp-json\/wp\/v2\/media?parent=1255"}],"wp:term":[{"taxonomy":"category","embeddable":true,"href":"https:\/\/cieldeguinee.net\/index.php\/wp-json\/wp\/v2\/categories?post=1255"},{"taxonomy":"post_tag","embeddable":true,"href":"https:\/\/cieldeguinee.net\/index.php\/wp-json\/wp\/v2\/tags?post=1255"}],"curies":[{"name":"wp","href":"https:\/\/api.w.org\/{rel}","templated":true}]}}