{"id":1268,"date":"2024-09-21T20:38:04","date_gmt":"2024-09-21T18:38:04","guid":{"rendered":"https:\/\/cieldeguinee.net\/?p=1268"},"modified":"2024-09-21T20:38:04","modified_gmt":"2024-09-21T18:38:04","slug":"guinee-michel-dussuyer-revient-a-la-tete-de-lequipe-nationale","status":"publish","type":"post","link":"https:\/\/cieldeguinee.net\/index.php\/guinee-michel-dussuyer-revient-a-la-tete-de-lequipe-nationale\/","title":{"rendered":"Guin\u00e9e : Michel Dussuyer revient \u00e0 la t\u00eate de l&rsquo;\u00e9quipe nationale"},"content":{"rendered":"<p>Apr\u00e8s deux d\u00e9faites lors des \u00e9liminatoires de la Coupe d&rsquo;Afrique des Nations (CAN) Maroc 2025, la F\u00e9d\u00e9ration Guin\u00e9enne de Football (FGF) a proc\u00e9d\u00e9 \u00e0 un changement imminent \u00e0 la t\u00eate du Syli National. Les entra\u00eeneurs Charly Paquil\u00e9 et Souleymane Camara ont \u00e9t\u00e9 remplac\u00e9s.<\/p>\n<p>Cette annonce a \u00e9t\u00e9 faite lors d&rsquo;une conf\u00e9rence de presse tenue ce samedi 21 septembre, sous l&rsquo;autorit\u00e9 du pr\u00e9sident Bouba Sampil. Le directeur technique national, Kanfory Lapp\u00e9 Bangoura, accompagn\u00e9 du secr\u00e9taire g\u00e9n\u00e9ral de la FGF, Ibrahima Blasco Barry, ont confirm\u00e9 la nomination de Michel Dussuyer au poste de s\u00e9lectionneur de l\u2019\u00e9quipe nationale. Il sera assist\u00e9 par Mamadou Sylla Gaucher et Alain Ravera.<\/p>\n<p>Le retour de Michel Dussuyer, qui a d\u00e9j\u00e0 dirig\u00e9 l&rsquo;\u00e9quipe \u00e0 deux reprises, devrait permettre d\u2019apporter des changements significatifs dans l\u2019encadrement technique du Syli National. \u00c0 15 jours du prochain rassemblement, o\u00f9 la Guin\u00e9e affrontera l\u2019\u00c9thiopie en double confrontation en octobre, l&rsquo;\u00e9quipe jouera sa qualification sur ces deux matchs.<\/p>\n<p>\u00c0 la suite de cette nomination, le directeur technique national a annonc\u00e9 la composition du nouveau directoire : Michel Dussuyer en tant que s\u00e9lectionneur, assist\u00e9 de Mamadou Sylla Gaucher et Alain Ravera.<\/p>\n<p>Par Sana Sylla.<\/p>\n<p>&nbsp;<\/p>\n<p>&nbsp;<\/p>\n","protected":false},"excerpt":{"rendered":"<p>Apr\u00e8s deux d\u00e9faites lors des \u00e9liminatoires de la Coupe d&rsquo;Afrique des Nations (CAN) Maroc 2025, la F\u00e9d\u00e9ration Guin\u00e9enne de Football (FGF) a proc\u00e9d\u00e9 \u00e0 un changement imminent \u00e0 la t\u00eate du Syli National. Les entra\u00eeneurs Charly Paquil\u00e9 et Souleymane Camara ont \u00e9t\u00e9 remplac\u00e9s. Cette annonce a \u00e9t\u00e9 faite lors d&rsquo;une conf\u00e9rence de presse tenue ce [&hellip;]<\/p>\n","protected":false},"author":2,"featured_media":1269,"comment_status":"closed","ping_status":"closed","sticky":false,"template":"","format":"standard","meta":{"footnotes":""},"categories":[23],"tags":[],"class_list":{"0":"post-1268","1":"post","2":"type-post","3":"status-publish","4":"format-standard","5":"has-post-thumbnail","7":"category-societe"},"jetpack_featured_media_url":"https:\/\/cieldeguinee.net\/wp-content\/uploads\/2024\/09\/IMG-20240921-WA0042.jpg","_links":{"self":[{"href":"https:\/\/cieldeguinee.net\/index.php\/wp-json\/wp\/v2\/posts\/1268","targetHints":{"allow":["GET"]}}],"collection":[{"href":"https:\/\/cieldeguinee.net\/index.php\/wp-json\/wp\/v2\/posts"}],"about":[{"href":"https:\/\/cieldeguinee.net\/index.php\/wp-json\/wp\/v2\/types\/post"}],"author":[{"embeddable":true,"href":"https:\/\/cieldeguinee.net\/index.php\/wp-json\/wp\/v2\/users\/2"}],"replies":[{"embeddable":true,"href":"https:\/\/cieldeguinee.net\/index.php\/wp-json\/wp\/v2\/comments?post=1268"}],"version-history":[{"count":0,"href":"https:\/\/cieldeguinee.net\/index.php\/wp-json\/wp\/v2\/posts\/1268\/revisions"}],"wp:featuredmedia":[{"embeddable":true,"href":"https:\/\/cieldeguinee.net\/index.php\/wp-json\/wp\/v2\/media\/1269"}],"wp:attachment":[{"href":"https:\/\/cieldeguinee.net\/index.php\/wp-json\/wp\/v2\/media?parent=1268"}],"wp:term":[{"taxonomy":"category","embeddable":true,"href":"https:\/\/cieldeguinee.net\/index.php\/wp-json\/wp\/v2\/categories?post=1268"},{"taxonomy":"post_tag","embeddable":true,"href":"https:\/\/cieldeguinee.net\/index.php\/wp-json\/wp\/v2\/tags?post=1268"}],"curies":[{"name":"wp","href":"https:\/\/api.w.org\/{rel}","templated":true}]}}