{"id":1314,"date":"2024-09-26T17:30:31","date_gmt":"2024-09-26T15:30:31","guid":{"rendered":"https:\/\/cieldeguinee.net\/?p=1314"},"modified":"2024-09-26T18:19:16","modified_gmt":"2024-09-26T16:19:16","slug":"eventuelle-candidature-du-general-mamadi-doumbouya-les-mises-au-point-du-leader-cellou-dalein","status":"publish","type":"post","link":"https:\/\/cieldeguinee.net\/index.php\/eventuelle-candidature-du-general-mamadi-doumbouya-les-mises-au-point-du-leader-cellou-dalein\/","title":{"rendered":"Eventuelle candidature du G\u00e9n\u00e9ral Mamadi Doumbouya: les mises au point du leader Cellou Dalein!"},"content":{"rendered":"<p><em><strong>Dans une vid\u00e9o largement partag\u00e9e sur les r\u00e9seaux sociaux et d&rsquo;autres sources de communication, l&rsquo;opposant guin\u00e9en Mamadou Cellou Dalein Diallo s&rsquo;est exprim\u00e9 sur ses pr\u00e9occupations face \u00e0 la conduite de la transition par le G\u00e9n\u00e9ral Mamadi Doumbouya qu&rsquo;il suspecte l&rsquo;intention de confiscation du pouvoir.\u00a0 Nous vous proposons textuellement le contenu de cette vid\u00e9o transcrite par la cellule de communication de l&rsquo;UFDG.\u00a0<\/strong><\/em><\/p>\n<p class=\"p1\">Vaillant et digne peuple de Guin\u00e9e,<\/p>\n<p class=\"p1\">Le temps est le meilleur juge, la patience paye toujours.<\/p>\n<p class=\"p1\">Aujourd\u2019hui, le G\u00e9n\u00e9ral Mamadi\u00a0Doumbouya a tomb\u00e9 le masque apr\u00e8s avoir cherch\u00e9 \u00e0 gagner du temps et \u00e0 abuser ces 3 derni\u00e8res ann\u00e9es de notre confiance et de notre bonne foi. Son intention d\u2019\u00eatre candidat \u00e0 sa propre succession alors qu\u2019il a fait le serment d\u2019organiser des \u00e9lections libres, transparentes et inclusives pour c\u00e9der la place \u00e0 des dirigeants r\u00e9guli\u00e8rement \u00e9lus, est un grave parjure personnel. C\u2019est surtout une d\u00e9claration de guerre ouverte \u00e0 tout le peuple de Guin\u00e9e dans son ensemble.<span id=\"more-275402\"><\/span><\/p>\n<p class=\"p1\">La communaut\u00e9 internationale qui a esp\u00e9r\u00e9 tant et jusqu\u2019au bout qu\u2019il joigne l\u2019acte \u00e0 la parole, est aussi flou\u00e9e que nous. A chacun d\u2019entre nous donc de prendre ses responsabilit\u00e9s, d\u00e9s maintenant, devant sa conscience et l\u2019histoire, pour emp\u00eacher, \u00e0 tout prix et par tous les moyens la forfaiture de se produire, en \u00e9tant aux c\u00f4t\u00e9s du peuple martyr de Guin\u00e9e dans sa qu\u00eate l\u00e9gitime de libert\u00e9, de justice et de D\u00e9mocratie.<\/p>\n<p class=\"p1\">J\u2019en appelle donc \u00e0 toutes les forces vives du pays et \u00e0 la communaut\u00e9 internationale d\u2019agir, en parfaite synergie, pour s\u2019opposer, avec fermet\u00e9 et d\u00e9termination, \u00e0 la volont\u00e9 du G\u00e9n\u00e9ral Mamadi Doumbouya de se maintenir \u00e0 la t\u00eate de l\u2019Etat Guin\u00e9en, de confisquer le pouvoir, d\u2019instaurer une pr\u00e9sidence \u00e0 vie, pour son profit \u00e9go\u00efste et pour les int\u00e9r\u00eats exclusifs de son clan civilo-militaire. Nous devons tous r\u00e9agir \u00e0 la mesure de l\u2019affront et de la provocation.<\/p>\n<p class=\"p1\">Le G\u00e9n\u00e9ral Mamadi Doumbouya et ses soutiens et alli\u00e9s seront tenus pour responsables de tout ce qui adviendra \u00e0 la suite de l\u2019\u00e9preuve de force engag\u00e9e avec le peuple de Guin\u00e9e et de l\u2019acte de d\u00e9fiance d\u00e9mocratique qu\u2019il vient de poser.<\/p>\n<p class=\"p1\">Ensemble, unis et solidaires, nous vaincrons la dictature et toute vell\u00e9it\u00e9 d\u2019imposture et d\u2019usurpation du pouvoir.<\/p>\n<p class=\"p1\">Tous, en ordre de bataille !<\/p>\n<p><a href=\"https:\/\/www.facebook.com\/watch\/?v=1577273806476610&amp;rdid=UklVdRAbmYeNHQiT\"><strong>Par la Cellule de communication de l\u2019UFDG<\/strong><\/a><\/p>\n","protected":false},"excerpt":{"rendered":"<p>Dans une vid\u00e9o largement partag\u00e9e sur les r\u00e9seaux sociaux et d&rsquo;autres sources de communication, l&rsquo;opposant guin\u00e9en Mamadou Cellou Dalein Diallo s&rsquo;est exprim\u00e9 sur ses pr\u00e9occupations face \u00e0 la conduite de la transition par le G\u00e9n\u00e9ral Mamadi Doumbouya qu&rsquo;il suspecte l&rsquo;intention de confiscation du pouvoir.\u00a0 Nous vous proposons textuellement le contenu de cette vid\u00e9o transcrite par [&hellip;]<\/p>\n","protected":false},"author":2,"featured_media":1315,"comment_status":"closed","ping_status":"closed","sticky":false,"template":"","format":"standard","meta":{"footnotes":""},"categories":[3],"tags":[],"class_list":{"0":"post-1314","1":"post","2":"type-post","3":"status-publish","4":"format-standard","5":"has-post-thumbnail","7":"category-politique"},"jetpack_featured_media_url":"https:\/\/cieldeguinee.net\/wp-content\/uploads\/2024\/09\/OIP.jpeg","_links":{"self":[{"href":"https:\/\/cieldeguinee.net\/index.php\/wp-json\/wp\/v2\/posts\/1314","targetHints":{"allow":["GET"]}}],"collection":[{"href":"https:\/\/cieldeguinee.net\/index.php\/wp-json\/wp\/v2\/posts"}],"about":[{"href":"https:\/\/cieldeguinee.net\/index.php\/wp-json\/wp\/v2\/types\/post"}],"author":[{"embeddable":true,"href":"https:\/\/cieldeguinee.net\/index.php\/wp-json\/wp\/v2\/users\/2"}],"replies":[{"embeddable":true,"href":"https:\/\/cieldeguinee.net\/index.php\/wp-json\/wp\/v2\/comments?post=1314"}],"version-history":[{"count":0,"href":"https:\/\/cieldeguinee.net\/index.php\/wp-json\/wp\/v2\/posts\/1314\/revisions"}],"wp:featuredmedia":[{"embeddable":true,"href":"https:\/\/cieldeguinee.net\/index.php\/wp-json\/wp\/v2\/media\/1315"}],"wp:attachment":[{"href":"https:\/\/cieldeguinee.net\/index.php\/wp-json\/wp\/v2\/media?parent=1314"}],"wp:term":[{"taxonomy":"category","embeddable":true,"href":"https:\/\/cieldeguinee.net\/index.php\/wp-json\/wp\/v2\/categories?post=1314"},{"taxonomy":"post_tag","embeddable":true,"href":"https:\/\/cieldeguinee.net\/index.php\/wp-json\/wp\/v2\/tags?post=1314"}],"curies":[{"name":"wp","href":"https:\/\/api.w.org\/{rel}","templated":true}]}}