{"id":1363,"date":"2024-10-01T12:02:44","date_gmt":"2024-10-01T10:02:44","guid":{"rendered":"https:\/\/cieldeguinee.net\/?p=1363"},"modified":"2024-10-01T12:02:44","modified_gmt":"2024-10-01T10:02:44","slug":"inondations-a-gueckedou-elhadj-cellou-dalein-diallo-exprime-sa-solidarite-envers-les-victimes","status":"publish","type":"post","link":"https:\/\/cieldeguinee.net\/index.php\/inondations-a-gueckedou-elhadj-cellou-dalein-diallo-exprime-sa-solidarite-envers-les-victimes\/","title":{"rendered":"Inondations \u00e0 Gu\u00e9ck\u00e9dou : Elhadj Cellou Dalein Diallo exprime sa solidarit\u00e9 envers les victimes"},"content":{"rendered":"<p><em><strong>Les terribles inondations qui ont frapp\u00e9 la Commune urbaine de Gu\u00e9ck\u00e9dou le 26 septembre 2024 continuent de susciter des r\u00e9actions de solidarit\u00e9. A travers sa page Facebook, Elhadj Cellou Dalein Diallo, principal opposant politique en Guin\u00e9e, a exprim\u00e9 sa profonde tristesse face \u00e0 cette catastrophe naturelle qui a caus\u00e9 d&rsquo;\u00e9normes souffrances aux populations locales, tout en endommageant s\u00e9v\u00e8rement les infrastructures publiques et priv\u00e9es.<\/strong><\/em><\/p>\n<p>\u00ab C\u2019est avec une profonde tristesse que j\u2019ai appris les terribles inondations qui ont frapp\u00e9 la Commune urbaine de Gu\u00e9ck\u00e9dou, causant d\u2019\u00e9normes souffrances aux populations et des d\u00e9g\u00e2ts mat\u00e9riels consid\u00e9rables. Je tiens \u00e0 exprimer ma solidarit\u00e9 et mon soutien \u00e0 toutes les familles touch\u00e9es par cette catastrophe \u00bb, a d\u00e9clar\u00e9 M. Diallo dans un communiqu\u00e9.<\/p>\n<p>Connu pour ses prises de position en faveur des populations vuln\u00e9rables, le leader de l&rsquo;opposition a lanc\u00e9 un appel aux autorit\u00e9s et aux citoyens de bonne volont\u00e9 pour venir en aide aux victimes et participer aux efforts de reconstruction des b\u00e2timents d\u00e9truits. \u00ab J\u2019appelle les autorit\u00e9s et toutes les bonnes volont\u00e9s \u00e0 assister les populations \u00e9prouv\u00e9es et \u00e0 s&rsquo;unir dans la reconstruction des b\u00e2timents publics et priv\u00e9s d\u00e9truits par les inondations \u00bb, a-t-il ajout\u00e9.<\/p>\n<p>En marge de cette d\u00e9claration, M. Diallo a \u00e9galement pr\u00e9sent\u00e9 ses condol\u00e9ances aux familles des victimes d\u2019un accident de la route survenu le 30 septembre dans la pr\u00e9fecture voisine de Kissidougou, tout en souhaitant un prompt r\u00e9tablissement aux bless\u00e9s. \u00ab Que Dieu b\u00e9nisse la Guin\u00e9e et prot\u00e8ge chacun de nous \u00bb, a-t-il conclu.<\/p>\n<p>Cette intervention du leader politique souligne l\u2019urgence d\u2019une r\u00e9ponse collective \u00e0 cette crise, alors que les efforts se multiplient pour apporter une aide humanitaire aux victimes et amorcer la reconstruction. Les populations de Gu\u00e9ck\u00e9dou, d\u00e9j\u00e0 \u00e9prouv\u00e9es par des \u00e9v\u00e9nements similaires dans le pass\u00e9, esp\u00e8rent une prise en charge rapide et efficace pour surmonter cette nouvelle \u00e9preuve.<\/p>\n<p>Par Macir\u00e9 Oular\u00e9<\/p>\n<p>&nbsp;<\/p>\n","protected":false},"excerpt":{"rendered":"<p>Les terribles inondations qui ont frapp\u00e9 la Commune urbaine de Gu\u00e9ck\u00e9dou le 26 septembre 2024 continuent de susciter des r\u00e9actions de solidarit\u00e9. A travers sa page Facebook, Elhadj Cellou Dalein Diallo, principal opposant politique en Guin\u00e9e, a exprim\u00e9 sa profonde tristesse face \u00e0 cette catastrophe naturelle qui a caus\u00e9 d&rsquo;\u00e9normes souffrances aux populations locales, tout [&hellip;]<\/p>\n","protected":false},"author":2,"featured_media":1315,"comment_status":"closed","ping_status":"closed","sticky":false,"template":"","format":"standard","meta":{"footnotes":""},"categories":[23],"tags":[],"class_list":{"0":"post-1363","1":"post","2":"type-post","3":"status-publish","4":"format-standard","5":"has-post-thumbnail","7":"category-societe"},"jetpack_featured_media_url":"https:\/\/cieldeguinee.net\/wp-content\/uploads\/2024\/09\/OIP.jpeg","_links":{"self":[{"href":"https:\/\/cieldeguinee.net\/index.php\/wp-json\/wp\/v2\/posts\/1363","targetHints":{"allow":["GET"]}}],"collection":[{"href":"https:\/\/cieldeguinee.net\/index.php\/wp-json\/wp\/v2\/posts"}],"about":[{"href":"https:\/\/cieldeguinee.net\/index.php\/wp-json\/wp\/v2\/types\/post"}],"author":[{"embeddable":true,"href":"https:\/\/cieldeguinee.net\/index.php\/wp-json\/wp\/v2\/users\/2"}],"replies":[{"embeddable":true,"href":"https:\/\/cieldeguinee.net\/index.php\/wp-json\/wp\/v2\/comments?post=1363"}],"version-history":[{"count":0,"href":"https:\/\/cieldeguinee.net\/index.php\/wp-json\/wp\/v2\/posts\/1363\/revisions"}],"wp:featuredmedia":[{"embeddable":true,"href":"https:\/\/cieldeguinee.net\/index.php\/wp-json\/wp\/v2\/media\/1315"}],"wp:attachment":[{"href":"https:\/\/cieldeguinee.net\/index.php\/wp-json\/wp\/v2\/media?parent=1363"}],"wp:term":[{"taxonomy":"category","embeddable":true,"href":"https:\/\/cieldeguinee.net\/index.php\/wp-json\/wp\/v2\/categories?post=1363"},{"taxonomy":"post_tag","embeddable":true,"href":"https:\/\/cieldeguinee.net\/index.php\/wp-json\/wp\/v2\/tags?post=1363"}],"curies":[{"name":"wp","href":"https:\/\/api.w.org\/{rel}","templated":true}]}}