{"id":1374,"date":"2024-10-02T14:14:30","date_gmt":"2024-10-02T12:14:30","guid":{"rendered":"https:\/\/cieldeguinee.net\/?p=1374"},"modified":"2024-10-02T14:14:30","modified_gmt":"2024-10-02T12:14:30","slug":"66eme-anniversaire-de-lindependance-le-general-mamady-doumbouya-depose-une-gerbe-de-fleurs-a-la-place-des-martyrs","status":"publish","type":"post","link":"https:\/\/cieldeguinee.net\/index.php\/66eme-anniversaire-de-lindependance-le-general-mamady-doumbouya-depose-une-gerbe-de-fleurs-a-la-place-des-martyrs\/","title":{"rendered":"66\u00e8me anniversaire de l&rsquo;ind\u00e9pendance : le G\u00e9n\u00e9ral Mamady Doumbouya d\u00e9pose une gerbe de fleurs \u00e0 la Place des Martyrs"},"content":{"rendered":"<p style=\"text-align: left\">La Guin\u00e9e a c\u00e9l\u00e9br\u00e9, ce mardi 2 octobre 2024, le 66\u00e8me anniversaire de son accession \u00e0 l\u2019ind\u00e9pendance. \u00c0 Conakry, le pr\u00e9sident de la transition, le G\u00e9n\u00e9ral Mamady Doumbouya, accompagn\u00e9 de son \u00e9pouse Mme Lauriane Doumbouya, a d\u00e9pos\u00e9 une gerbe de fleurs \u00e0 la Place des Martyrs, situ\u00e9e dans la commune de Kaloum.<\/p>\n<p>Cette c\u00e9r\u00e9monie a connu la pr\u00e9sence du Premier ministre, chef du gouvernement, de la gouverneure de la ville de Conakry, du conseiller \u00e0 la pr\u00e9sidence, du ministre secr\u00e9taire g\u00e9n\u00e9ral de la pr\u00e9sidence, du chef d&rsquo;\u00e9tat-major des arm\u00e9es et du haut commandant de la gendarmerie nationale.<\/p>\n<p>Apr\u00e8s la c\u00e9r\u00e9monie de d\u00e9p\u00f4t de gerbes, le pr\u00e9sident de la transition, le G\u00e9n\u00e9ral Mamady Doumbouya, est retourn\u00e9 au palais pr\u00e9sidentiel avec son \u00e9pouse afin de se pr\u00e9parer pour les festivit\u00e9s du d\u00e9fil\u00e9 des forces arm\u00e9es, qui se tiendra au stade du 28 septembre, dans la commune de Dixinn.<\/p>\n<p>Sana Sylla<\/p>\n","protected":false},"excerpt":{"rendered":"<p>La Guin\u00e9e a c\u00e9l\u00e9br\u00e9, ce mardi 2 octobre 2024, le 66\u00e8me anniversaire de son accession \u00e0 l\u2019ind\u00e9pendance. \u00c0 Conakry, le pr\u00e9sident de la transition, le G\u00e9n\u00e9ral Mamady Doumbouya, accompagn\u00e9 de son \u00e9pouse Mme Lauriane Doumbouya, a d\u00e9pos\u00e9 une gerbe de fleurs \u00e0 la Place des Martyrs, situ\u00e9e dans la commune de Kaloum. Cette c\u00e9r\u00e9monie a [&hellip;]<\/p>\n","protected":false},"author":2,"featured_media":1375,"comment_status":"closed","ping_status":"closed","sticky":false,"template":"","format":"standard","meta":{"footnotes":""},"categories":[3],"tags":[],"class_list":{"0":"post-1374","1":"post","2":"type-post","3":"status-publish","4":"format-standard","5":"has-post-thumbnail","7":"category-politique"},"jetpack_featured_media_url":"https:\/\/cieldeguinee.net\/wp-content\/uploads\/2024\/10\/IMG-20241002-WA0012.jpg","_links":{"self":[{"href":"https:\/\/cieldeguinee.net\/index.php\/wp-json\/wp\/v2\/posts\/1374","targetHints":{"allow":["GET"]}}],"collection":[{"href":"https:\/\/cieldeguinee.net\/index.php\/wp-json\/wp\/v2\/posts"}],"about":[{"href":"https:\/\/cieldeguinee.net\/index.php\/wp-json\/wp\/v2\/types\/post"}],"author":[{"embeddable":true,"href":"https:\/\/cieldeguinee.net\/index.php\/wp-json\/wp\/v2\/users\/2"}],"replies":[{"embeddable":true,"href":"https:\/\/cieldeguinee.net\/index.php\/wp-json\/wp\/v2\/comments?post=1374"}],"version-history":[{"count":0,"href":"https:\/\/cieldeguinee.net\/index.php\/wp-json\/wp\/v2\/posts\/1374\/revisions"}],"wp:featuredmedia":[{"embeddable":true,"href":"https:\/\/cieldeguinee.net\/index.php\/wp-json\/wp\/v2\/media\/1375"}],"wp:attachment":[{"href":"https:\/\/cieldeguinee.net\/index.php\/wp-json\/wp\/v2\/media?parent=1374"}],"wp:term":[{"taxonomy":"category","embeddable":true,"href":"https:\/\/cieldeguinee.net\/index.php\/wp-json\/wp\/v2\/categories?post=1374"},{"taxonomy":"post_tag","embeddable":true,"href":"https:\/\/cieldeguinee.net\/index.php\/wp-json\/wp\/v2\/tags?post=1374"}],"curies":[{"name":"wp","href":"https:\/\/api.w.org\/{rel}","templated":true}]}}