{"id":1379,"date":"2024-10-02T19:50:16","date_gmt":"2024-10-02T17:50:16","guid":{"rendered":"https:\/\/cieldeguinee.net\/?p=1379"},"modified":"2024-10-02T19:50:16","modified_gmt":"2024-10-02T17:50:16","slug":"66eme-anniversaire-de-lindependance-guineenne-cellou-dalein-diallo-appelle-a-la-defense-des-acquis-democratiques","status":"publish","type":"post","link":"https:\/\/cieldeguinee.net\/index.php\/66eme-anniversaire-de-lindependance-guineenne-cellou-dalein-diallo-appelle-a-la-defense-des-acquis-democratiques\/","title":{"rendered":"66\u00e8me Anniversaire de l&rsquo;Ind\u00e9pendance guin\u00e9enne: Cellou Dalein Diallo appelle \u00e0 la d\u00e9fense des acquis d\u00e9mocratiques"},"content":{"rendered":"<p><em><strong>\u00c0 l&rsquo;occasion de la comm\u00e9moration de l&rsquo;an\u00a0 66 de l&rsquo;ind\u00e9pendance de la Guin\u00e9e, c\u00e9l\u00e9br\u00e9e ce 2 octobre 2024, Elhadj Mamadou Cellou Dalein Diallo, ancien Premier ministre et leader de l&rsquo;Union des forces d\u00e9mocratiques de Guin\u00e9e (UFDG), a prononc\u00e9 un discours poignant et plein\u00a0 d&rsquo;engagement pour la pr\u00e9servation des acquis d\u00e9mocratiques en Guin\u00e9e.\u00a0<\/strong><\/em><\/p>\n<p>En rappelant les luttes historiques ayant conduit \u00e0 l&rsquo;ind\u00e9pendance du pays, Cellou Dalein a \u00e9galement lanc\u00e9 un appel pressant \u00e0 la d\u00e9fense des droits et libert\u00e9s qui semble \u00eatre\u00a0 actuellement menac\u00e9s par le r\u00e9gime militaire en place.<\/p>\n<p>Au prime abord, l&rsquo;opposant guin\u00e9en a rendu hommage \u00e0 la fiert\u00e9 nationale incarn\u00e9e par le \u00ab NON \u00bb massif des Guin\u00e9ens, le 28 septembre 1958, au r\u00e9f\u00e9rendum sur le maintien de la domination coloniale fran\u00e7aise. Cet acte courageux, selon lui, a marqu\u00e9 le d\u00e9but du processus de d\u00e9colonisation \u00e0 l&rsquo;\u00e9chelle du continent africain. \u00ab C\u2019est bien cet acte pos\u00e9 par notre peuple fier et uni qui a r\u00e9ellement d\u00e9clench\u00e9 le processus de d\u00e9colonisation du continent africain \u00bb, a-t-il d\u00e9clar\u00e9, en saluant la m\u00e9moire des pionniers de l\u2019ind\u00e9pendance et le soutien in\u00e9branlable de la Guin\u00e9e aux mouvements de lib\u00e9ration africains.<\/p>\n<p>Cependant, le ton du discours s&rsquo;est assombri lorsqu&rsquo;il a abord\u00e9 la situation actuelle de la Guin\u00e9e. Selon Diallo, les acquis d\u00e9mocratiques obtenus au prix de nombreux sacrifices sont aujourd&rsquo;hui en p\u00e9ril. \u00ab Notre pays, qui a \u00e9t\u00e9 le fer de lance de la reconqu\u00eate de la libert\u00e9 et de la dignit\u00e9 de l\u2019Afrique, est confront\u00e9 aujourd\u2019hui \u00e0 un risque majeur de remise en cause des droits et libert\u00e9s de notre peuple ainsi que de ses acquis d\u00e9mocratiques \u00bb, a-t-il averti.<\/p>\n<p>Il a \u00e9galement exhort\u00e9 les Guin\u00e9ens \u00e0 s&rsquo;unir \u00e0 nouveau, comme en 1958, pour d\u00e9fendre ces valeurs fondatrices de la nation. Il a insist\u00e9 sur la n\u00e9cessit\u00e9 d\u2019un retour rapide \u00e0 l\u2019ordre constitutionnel par l\u2019organisation d&rsquo;\u00e9lections inclusives et transparentes, en accord avec la Charte de la Transition. \u00ab Nous devons exiger et obtenir \u00e0 tout prix le retour \u00e0 l\u2019ordre constitutionnel \u00bb, a-t-il martel\u00e9, pointant du doigt la junte dirig\u00e9e par le G\u00e9n\u00e9ral Mamadi Doumbouya, accus\u00e9e de violer ses propres engagements.<\/p>\n<p>Au finish, M. Diallo a appel\u00e9 \u00e0 la responsabilit\u00e9 collective pour honorer les luttes pass\u00e9es et assurer un avenir digne aux g\u00e9n\u00e9rations futures. \u00ab C\u2019est le seul moyen d\u2019\u00eatre dignes de nos devanciers et de m\u00e9riter l\u2019estime et la fiert\u00e9 des g\u00e9n\u00e9rations futures \u00bb, a-t-il affirm\u00e9, appelant \u00e0 une mobilisation nationale pour pr\u00e9server la d\u00e9mocratie en Guin\u00e9e.<\/p>\n<p>Par T. Oular\u00e9<\/p>\n<p>&nbsp;<\/p>\n","protected":false},"excerpt":{"rendered":"<p>\u00c0 l&rsquo;occasion de la comm\u00e9moration de l&rsquo;an\u00a0 66 de l&rsquo;ind\u00e9pendance de la Guin\u00e9e, c\u00e9l\u00e9br\u00e9e ce 2 octobre 2024, Elhadj Mamadou Cellou Dalein Diallo, ancien Premier ministre et leader de l&rsquo;Union des forces d\u00e9mocratiques de Guin\u00e9e (UFDG), a prononc\u00e9 un discours poignant et plein\u00a0 d&rsquo;engagement pour la pr\u00e9servation des acquis d\u00e9mocratiques en Guin\u00e9e.\u00a0 En rappelant les [&hellip;]<\/p>\n","protected":false},"author":2,"featured_media":1315,"comment_status":"closed","ping_status":"closed","sticky":false,"template":"","format":"standard","meta":{"footnotes":""},"categories":[3],"tags":[],"class_list":{"0":"post-1379","1":"post","2":"type-post","3":"status-publish","4":"format-standard","5":"has-post-thumbnail","7":"category-politique"},"jetpack_featured_media_url":"https:\/\/cieldeguinee.net\/wp-content\/uploads\/2024\/09\/OIP.jpeg","_links":{"self":[{"href":"https:\/\/cieldeguinee.net\/index.php\/wp-json\/wp\/v2\/posts\/1379","targetHints":{"allow":["GET"]}}],"collection":[{"href":"https:\/\/cieldeguinee.net\/index.php\/wp-json\/wp\/v2\/posts"}],"about":[{"href":"https:\/\/cieldeguinee.net\/index.php\/wp-json\/wp\/v2\/types\/post"}],"author":[{"embeddable":true,"href":"https:\/\/cieldeguinee.net\/index.php\/wp-json\/wp\/v2\/users\/2"}],"replies":[{"embeddable":true,"href":"https:\/\/cieldeguinee.net\/index.php\/wp-json\/wp\/v2\/comments?post=1379"}],"version-history":[{"count":0,"href":"https:\/\/cieldeguinee.net\/index.php\/wp-json\/wp\/v2\/posts\/1379\/revisions"}],"wp:featuredmedia":[{"embeddable":true,"href":"https:\/\/cieldeguinee.net\/index.php\/wp-json\/wp\/v2\/media\/1315"}],"wp:attachment":[{"href":"https:\/\/cieldeguinee.net\/index.php\/wp-json\/wp\/v2\/media?parent=1379"}],"wp:term":[{"taxonomy":"category","embeddable":true,"href":"https:\/\/cieldeguinee.net\/index.php\/wp-json\/wp\/v2\/categories?post=1379"},{"taxonomy":"post_tag","embeddable":true,"href":"https:\/\/cieldeguinee.net\/index.php\/wp-json\/wp\/v2\/tags?post=1379"}],"curies":[{"name":"wp","href":"https:\/\/api.w.org\/{rel}","templated":true}]}}