{"id":1386,"date":"2024-10-03T17:40:29","date_gmt":"2024-10-03T15:40:29","guid":{"rendered":"https:\/\/cieldeguinee.net\/?p=1386"},"modified":"2024-10-06T00:54:25","modified_gmt":"2024-10-05T22:54:25","slug":"guinee-kankan-quand-toute-degradation-des-effigies-du-gl-doumbouya-deviennent-synonymes-de-repression","status":"publish","type":"post","link":"https:\/\/cieldeguinee.net\/index.php\/guinee-kankan-quand-toute-degradation-des-effigies-du-gl-doumbouya-deviennent-synonymes-de-repression\/","title":{"rendered":"Guin\u00e9e\/Kankan : quand toute d\u00e9gradation des effigies du Gl. Doumbouya devient synonyme de r\u00e9pression"},"content":{"rendered":"<p><strong><em>\u00c0 l&rsquo;occasion du 66e anniversaire de l&rsquo;ind\u00e9pendance de la Guin\u00e9e, c\u00e9l\u00e9br\u00e9 hier mercredi 2 octobre 2024, les propos inqui\u00e9tants du pr\u00e9fet de Kankan jettent une ombre sur l&rsquo;avenir des libert\u00e9s publiques.<\/em><\/strong><\/p>\n<p>Lors de son discours, il a menac\u00e9 de violentes repr\u00e9sailles quiconque oserait s&rsquo;en prendre aux portraits du G\u00e9n\u00e9ral Mamadi Doumbouya, chef de l&rsquo;\u00c9tat. Qualifiant les opposants de \u00ab\u00a0pagailleurs\u00a0\u00bb, il semble indiquer un durcissement r\u00e9pressif, particuli\u00e8rement apr\u00e8s la mort en d\u00e9tention tout derni\u00e8rement \u00e0 Kankan d&rsquo;un m\u00e9decin accus\u00e9 d&rsquo;avoir d\u00e9truit une effigie du leader.<img loading=\"lazy\" decoding=\"async\" class=\"size-medium wp-image-1387 alignleft\" src=\"https:\/\/cieldeguinee.net\/wp-content\/uploads\/2024\/10\/kankn-300x162.jpg\" alt=\"\" width=\"300\" height=\"162\" srcset=\"https:\/\/cieldeguinee.net\/wp-content\/uploads\/2024\/10\/kankn-300x162.jpg 300w, https:\/\/cieldeguinee.net\/wp-content\/uploads\/2024\/10\/kankn-1024x553.jpg 1024w, https:\/\/cieldeguinee.net\/wp-content\/uploads\/2024\/10\/kankn-768x415.jpg 768w, https:\/\/cieldeguinee.net\/wp-content\/uploads\/2024\/10\/kankn-150x81.jpg 150w, https:\/\/cieldeguinee.net\/wp-content\/uploads\/2024\/10\/kankn-696x376.jpg 696w, https:\/\/cieldeguinee.net\/wp-content\/uploads\/2024\/10\/kankn-1068x580.jpg 1068w, https:\/\/cieldeguinee.net\/wp-content\/uploads\/2024\/10\/kankn-778x420.jpg 778w, https:\/\/cieldeguinee.net\/wp-content\/uploads\/2024\/10\/kankn.jpg 1080w\" sizes=\"auto, (max-width: 300px) 100vw, 300px\" \/><\/p>\n<p>Ces menaces, \u00e9manant d&rsquo;un repr\u00e9sentant de l&rsquo;\u00c9tat, soul\u00e8vent de graves inqui\u00e9tudes quant \u00e0 l&rsquo;\u00e9volution autoritaire du r\u00e9gime. Alors que la r\u00e9pression semble remplacer le d\u00e9bat d\u00e9mocratique, les d\u00e9fenseurs des droits humains appellent \u00e0 la vigilance et \u00e0 une enqu\u00eate judiciaire sur\u00a0ces\u00a0d\u00e9rives.<\/p>\n<p>La r\u00e9daction<\/p>\n","protected":false},"excerpt":{"rendered":"<p>\u00c0 l&rsquo;occasion du 66e anniversaire de l&rsquo;ind\u00e9pendance de la Guin\u00e9e, c\u00e9l\u00e9br\u00e9 hier mercredi 2 octobre 2024, les propos inqui\u00e9tants du pr\u00e9fet de Kankan jettent une ombre sur l&rsquo;avenir des libert\u00e9s publiques. Lors de son discours, il a menac\u00e9 de violentes repr\u00e9sailles quiconque oserait s&rsquo;en prendre aux portraits du G\u00e9n\u00e9ral Mamadi Doumbouya, chef de l&rsquo;\u00c9tat. Qualifiant [&hellip;]<\/p>\n","protected":false},"author":2,"featured_media":1388,"comment_status":"closed","ping_status":"closed","sticky":false,"template":"","format":"standard","meta":{"footnotes":""},"categories":[3],"tags":[],"class_list":{"0":"post-1386","1":"post","2":"type-post","3":"status-publish","4":"format-standard","5":"has-post-thumbnail","7":"category-politique"},"jetpack_featured_media_url":"https:\/\/cieldeguinee.net\/wp-content\/uploads\/2024\/10\/R-1.jpeg","_links":{"self":[{"href":"https:\/\/cieldeguinee.net\/index.php\/wp-json\/wp\/v2\/posts\/1386","targetHints":{"allow":["GET"]}}],"collection":[{"href":"https:\/\/cieldeguinee.net\/index.php\/wp-json\/wp\/v2\/posts"}],"about":[{"href":"https:\/\/cieldeguinee.net\/index.php\/wp-json\/wp\/v2\/types\/post"}],"author":[{"embeddable":true,"href":"https:\/\/cieldeguinee.net\/index.php\/wp-json\/wp\/v2\/users\/2"}],"replies":[{"embeddable":true,"href":"https:\/\/cieldeguinee.net\/index.php\/wp-json\/wp\/v2\/comments?post=1386"}],"version-history":[{"count":0,"href":"https:\/\/cieldeguinee.net\/index.php\/wp-json\/wp\/v2\/posts\/1386\/revisions"}],"wp:featuredmedia":[{"embeddable":true,"href":"https:\/\/cieldeguinee.net\/index.php\/wp-json\/wp\/v2\/media\/1388"}],"wp:attachment":[{"href":"https:\/\/cieldeguinee.net\/index.php\/wp-json\/wp\/v2\/media?parent=1386"}],"wp:term":[{"taxonomy":"category","embeddable":true,"href":"https:\/\/cieldeguinee.net\/index.php\/wp-json\/wp\/v2\/categories?post=1386"},{"taxonomy":"post_tag","embeddable":true,"href":"https:\/\/cieldeguinee.net\/index.php\/wp-json\/wp\/v2\/tags?post=1386"}],"curies":[{"name":"wp","href":"https:\/\/api.w.org\/{rel}","templated":true}]}}