{"id":1410,"date":"2024-10-06T00:24:10","date_gmt":"2024-10-05T22:24:10","guid":{"rendered":"https:\/\/cieldeguinee.net\/?p=1410"},"modified":"2024-10-06T00:24:10","modified_gmt":"2024-10-05T22:24:10","slug":"graves-declarations-du-prefet-de-kankan-en-reference-a-la-mort-de-dr-dioubate-lhonorable-mamadou-thug-interpelle-le-chef-de-letat","status":"publish","type":"post","link":"https:\/\/cieldeguinee.net\/index.php\/graves-declarations-du-prefet-de-kankan-en-reference-a-la-mort-de-dr-dioubate-lhonorable-mamadou-thug-interpelle-le-chef-de-letat\/","title":{"rendered":"Graves d\u00e9clarations du pr\u00e9fet de Kankan en r\u00e9f\u00e9rence \u00e0 la mort de Dr Dioubat\u00e9: l&rsquo;honorable Mamadou Thug interpelle le chef de l&rsquo;\u00c9tat"},"content":{"rendered":"<p>En tant que Conseiller national au sein du CNT, je me dois de condamner fermement les r\u00e9centes d\u00e9clarations du Pr\u00e9fet de Kankan, M. Kandja Mara.<\/p>\n<p>En affirmant que \u00ab celui qui sera pris en train de porter atteinte au monument du Pr\u00e9sident de la Transition subira le m\u00eame sort que l\u2019autre \u00bb, le Pr\u00e9fet d\u00e9montre non seulement un profond m\u00e9pris pour les droits humains, mais semble \u00e9galement r\u00e9v\u00e9ler une connaissance troublante des circonstances dramatiques ayant conduit \u00e0 la mort de notre regrett\u00e9 compatriote, le p\u00e9diatre Dr Dioubat\u00e9.<\/p>\n<p>Ces propos, d\u2019une gravit\u00e9 extr\u00eame, trahissent un manque de respect inacceptable pour la vie humaine ainsi que pour les valeurs fondamentales de justice et de dignit\u00e9 qui fondent notre R\u00e9publique. Il est crucial de rappeler que les circonstances de la disparition tragique de Dr Dioubat\u00e9 n\u00e9cessitent une enqu\u00eate approfondie. Il est inadmissible qu\u2019un repr\u00e9sentant de l\u2019\u00c9tat \u00e9voque cette trag\u00e9die avec d\u00e9sinvolture et en vienne \u00e0 prof\u00e9rer des menaces.<\/p>\n<p>Appel aux autorit\u00e9s judiciaires :<\/p>\n<p>J\u2019interpelle avec gravit\u00e9 le Ministre de la Justice et des Droits de l\u2019Homme ainsi que le Procureur pr\u00e8s la Cour d\u2019Appel de Kankan pour qu\u2019ils prennent leurs responsabilit\u00e9s et engagent des poursuites judiciaires contre le Pr\u00e9fet Kandja Mara. Il est imp\u00e9ratif de faire toute la lumi\u00e8re sur les \u00e9v\u00e9nements ayant conduit \u00e0 la mort de Dr Dioubat\u00e9 et de rendre justice. Toute personne impliqu\u00e9e, de pr\u00e8s ou de loin, doit r\u00e9pondre de ses actes devant la loi.<\/p>\n<p>Appel au Pr\u00e9sident de la Transition :<\/p>\n<p>Je m\u2019adresse \u00e9galement \u00e0 Son Excellence Monsieur le Pr\u00e9sident de la R\u00e9publique. Je demande avec humilit\u00e9 et d\u00e9termination que des mesures imm\u00e9diates soient prises et que M. Kandja Mara soit relev\u00e9 de ses fonctions de Pr\u00e9fet de Kankan. Ses propos constituent une insulte \u00e0 la m\u00e9moire de Dr Dioubat\u00e9, un affront \u00e0 sa famille, et une violation flagrante des valeurs de justice et d\u2019humanit\u00e9 que nous devons incarner en tant que serviteurs de la nation.<\/p>\n<p>La Guin\u00e9e, en tant qu\u2019\u00c9tat de droit, ne peut tol\u00e9rer de tels comportements, qui pi\u00e9tinent les droits humains et alimentent l\u2019impunit\u00e9. L\u2019affaire Dr Dioubat\u00e9 doit nous rappeler l\u2019importance de la justice et de la dignit\u00e9 humaine. Nous devons rendre hommage \u00e0 sa m\u00e9moire et apporter un apaisement \u00e0 sa famille.<\/p>\n<p>Il est de notre devoir, en tant que repr\u00e9sentants et citoyens responsables, de veiller \u00e0 ce que de tels propos ne soient plus jamais tenus par ceux qui ont pour mission de prot\u00e9ger et de servir notre peuple. Agissons maintenant pour que la justice et la dignit\u00e9 humaine triomphent.<\/p>\n<p>Honorable Mohamed Lamine Diallo,<br \/>\nMembre de la Commission Sant\u00e9, \u00c9ducation, Affaires sociales et Culturelles du CNT.<\/p>\n","protected":false},"excerpt":{"rendered":"<p>En tant que Conseiller national au sein du CNT, je me dois de condamner fermement les r\u00e9centes d\u00e9clarations du Pr\u00e9fet de Kankan, M. Kandja Mara. En affirmant que \u00ab celui qui sera pris en train de porter atteinte au monument du Pr\u00e9sident de la Transition subira le m\u00eame sort que l\u2019autre \u00bb, le Pr\u00e9fet d\u00e9montre [&hellip;]<\/p>\n","protected":false},"author":2,"featured_media":1411,"comment_status":"closed","ping_status":"closed","sticky":false,"template":"","format":"standard","meta":{"footnotes":""},"categories":[3],"tags":[],"class_list":{"0":"post-1410","1":"post","2":"type-post","3":"status-publish","4":"format-standard","5":"has-post-thumbnail","7":"category-politique"},"jetpack_featured_media_url":"https:\/\/cieldeguinee.net\/wp-content\/uploads\/2024\/10\/prefet_kankan.jpg","_links":{"self":[{"href":"https:\/\/cieldeguinee.net\/index.php\/wp-json\/wp\/v2\/posts\/1410","targetHints":{"allow":["GET"]}}],"collection":[{"href":"https:\/\/cieldeguinee.net\/index.php\/wp-json\/wp\/v2\/posts"}],"about":[{"href":"https:\/\/cieldeguinee.net\/index.php\/wp-json\/wp\/v2\/types\/post"}],"author":[{"embeddable":true,"href":"https:\/\/cieldeguinee.net\/index.php\/wp-json\/wp\/v2\/users\/2"}],"replies":[{"embeddable":true,"href":"https:\/\/cieldeguinee.net\/index.php\/wp-json\/wp\/v2\/comments?post=1410"}],"version-history":[{"count":0,"href":"https:\/\/cieldeguinee.net\/index.php\/wp-json\/wp\/v2\/posts\/1410\/revisions"}],"wp:featuredmedia":[{"embeddable":true,"href":"https:\/\/cieldeguinee.net\/index.php\/wp-json\/wp\/v2\/media\/1411"}],"wp:attachment":[{"href":"https:\/\/cieldeguinee.net\/index.php\/wp-json\/wp\/v2\/media?parent=1410"}],"wp:term":[{"taxonomy":"category","embeddable":true,"href":"https:\/\/cieldeguinee.net\/index.php\/wp-json\/wp\/v2\/categories?post=1410"},{"taxonomy":"post_tag","embeddable":true,"href":"https:\/\/cieldeguinee.net\/index.php\/wp-json\/wp\/v2\/tags?post=1410"}],"curies":[{"name":"wp","href":"https:\/\/api.w.org\/{rel}","templated":true}]}}