{"id":1425,"date":"2024-10-07T19:32:41","date_gmt":"2024-10-07T17:32:41","guid":{"rendered":"https:\/\/cieldeguinee.net\/?p=1425"},"modified":"2024-10-07T19:32:41","modified_gmt":"2024-10-07T17:32:41","slug":"general-mamadi-doumbouya-offre-un-banquet-apres-le-parade-militaire","status":"publish","type":"post","link":"https:\/\/cieldeguinee.net\/index.php\/general-mamadi-doumbouya-offre-un-banquet-apres-le-parade-militaire\/","title":{"rendered":"G\u00e9n\u00e9ral Mamadi Doumbouya offre un banquet apr\u00e8s le parade militaire"},"content":{"rendered":"<p><strong>Apr\u00e8s une parade militaire riche en \u00e9motions, marquant la c\u00e9l\u00e9bration du 66e anniversaire de l\u2019ind\u00e9pendance de la R\u00e9publique de Guin\u00e9e, le Pr\u00e9sident de la R\u00e9publique, S.E le G\u00e9n\u00e9ral Mamadi Doumbouya, a convi\u00e9 ses invit\u00e9s de marque \u00e0 deux grands banquets.<\/strong><\/p>\n<p>Le premi\u00e8re s\u2019est tenu \u00e0 l\u2019esplanade du stade du 28 septembre, et le second au palais pr\u00e9sidentiel Mohammed V. Ce dernier banquet, pr\u00e9sid\u00e9 par le Chef de l\u2019\u00c9tat lui-m\u00eame, a \u00e9t\u00e9 un moment de convivialit\u00e9, d\u2019\u00e9changes et de reconnaissance envers les b\u00e2tisseurs de la Nation et les partenaires strat\u00e9giques de la Guin\u00e9e.<\/p>\n<p>Les repr\u00e9sentations diplomatiques et consulaires en R\u00e9publique de Guin\u00e9e, ainsi que des organisations internationales, ont \u00e9galement honor\u00e9 de leur pr\u00e9sence \u00e0 cet \u00e9v\u00e9nement prestigieux. Plusieurs autres cadres de l\u2019administration publique \u00e9taient \u00e9galement pr\u00e9sents pour cette occasion solennelle.<\/p>\n<p>En outre, Madame la Gouverneure de la ville de Conakry, ainsi que de nombreuses autres personnalit\u00e9s, ont pris part \u00e0 ce banquet. Ce moment fort, plac\u00e9 sous le signe de la fraternit\u00e9 et de la reconnaissance, t\u00e9moigne de la volont\u00e9 de Son Excellence le G\u00e9n\u00e9ral Mamadi Doumbouya de renforcer les liens institutionnels et internationaux pour le d\u00e9veloppement de la Guin\u00e9e. Ce banquet, a eu lieu dans une ambiance empreinte de solennit\u00e9 et de convivialit\u00e9, marquant une c\u00e9l\u00e9bration non seulement de la fiert\u00e9 nationale, mais aussi des valeurs d\u2019unit\u00e9, de cordialit\u00e9 et de solidarit\u00e9 qui caract\u00e9risent le peuple guin\u00e9en.<\/p>\n<p>Dans une ambiance chaleureuse et distingu\u00e9e, les \u00e9changes ont tourn\u00e9 autour des perspectives d\u2019avenir pour la Guin\u00e9e, partant du th\u00e8me de cette ann\u00e9e : \u00ab S\u2019inspirer du pass\u00e9 pour construire le futur ensemble : LA GUIN\u00c9ENNE \u00bb. Un engagement qui r\u00e9affirme la vision du Chef de l\u2019\u00c9tat de b\u00e2tir une Guin\u00e9e unie, prosp\u00e8re et r\u00e9solument tourn\u00e9e vers le progr\u00e8s.<\/p>\n<p>Ce banquet aura marqu\u00e9 la cl\u00f4ture des festivit\u00e9s avec brio, scellant une journ\u00e9e de c\u00e9l\u00e9bration m\u00e9morable, en l\u2019honneur de la souverainet\u00e9 et des avanc\u00e9es de la Guin\u00e9e sur le chemin de son d\u00e9veloppement durable sous le leadership du G\u00e9n\u00e9ral Mamadi Doumbouya.<\/p>\n<p>DCI-PRG<\/p>\n","protected":false},"excerpt":{"rendered":"<p>Apr\u00e8s une parade militaire riche en \u00e9motions, marquant la c\u00e9l\u00e9bration du 66e anniversaire de l\u2019ind\u00e9pendance de la R\u00e9publique de Guin\u00e9e, le Pr\u00e9sident de la R\u00e9publique, S.E le G\u00e9n\u00e9ral Mamadi Doumbouya, a convi\u00e9 ses invit\u00e9s de marque \u00e0 deux grands banquets. Le premi\u00e8re s\u2019est tenu \u00e0 l\u2019esplanade du stade du 28 septembre, et le second au [&hellip;]<\/p>\n","protected":false},"author":2,"featured_media":1426,"comment_status":"closed","ping_status":"closed","sticky":false,"template":"","format":"standard","meta":{"footnotes":""},"categories":[3],"tags":[],"class_list":{"0":"post-1425","1":"post","2":"type-post","3":"status-publish","4":"format-standard","5":"has-post-thumbnail","7":"category-politique"},"jetpack_featured_media_url":"https:\/\/cieldeguinee.net\/wp-content\/uploads\/2024\/10\/BANQUET.jpg","_links":{"self":[{"href":"https:\/\/cieldeguinee.net\/index.php\/wp-json\/wp\/v2\/posts\/1425","targetHints":{"allow":["GET"]}}],"collection":[{"href":"https:\/\/cieldeguinee.net\/index.php\/wp-json\/wp\/v2\/posts"}],"about":[{"href":"https:\/\/cieldeguinee.net\/index.php\/wp-json\/wp\/v2\/types\/post"}],"author":[{"embeddable":true,"href":"https:\/\/cieldeguinee.net\/index.php\/wp-json\/wp\/v2\/users\/2"}],"replies":[{"embeddable":true,"href":"https:\/\/cieldeguinee.net\/index.php\/wp-json\/wp\/v2\/comments?post=1425"}],"version-history":[{"count":0,"href":"https:\/\/cieldeguinee.net\/index.php\/wp-json\/wp\/v2\/posts\/1425\/revisions"}],"wp:featuredmedia":[{"embeddable":true,"href":"https:\/\/cieldeguinee.net\/index.php\/wp-json\/wp\/v2\/media\/1426"}],"wp:attachment":[{"href":"https:\/\/cieldeguinee.net\/index.php\/wp-json\/wp\/v2\/media?parent=1425"}],"wp:term":[{"taxonomy":"category","embeddable":true,"href":"https:\/\/cieldeguinee.net\/index.php\/wp-json\/wp\/v2\/categories?post=1425"},{"taxonomy":"post_tag","embeddable":true,"href":"https:\/\/cieldeguinee.net\/index.php\/wp-json\/wp\/v2\/tags?post=1425"}],"curies":[{"name":"wp","href":"https:\/\/api.w.org\/{rel}","templated":true}]}}