{"id":1433,"date":"2024-10-08T18:40:53","date_gmt":"2024-10-08T16:40:53","guid":{"rendered":"https:\/\/cieldeguinee.net\/?p=1433"},"modified":"2024-10-08T18:40:53","modified_gmt":"2024-10-08T16:40:53","slug":"senegal-macky-sall-demissionne-du-pacte-de-paris-en-vue-des-legislatives","status":"publish","type":"post","link":"https:\/\/cieldeguinee.net\/index.php\/senegal-macky-sall-demissionne-du-pacte-de-paris-en-vue-des-legislatives\/","title":{"rendered":"S\u00e9n\u00e9gal : Macky Sall d\u00e9missionne du Pacte de Paris en vue des l\u00e9gislatives"},"content":{"rendered":"<p><strong>Macky Sall a annonc\u00e9 sa d\u00e9mission du Pacte de Paris (4P) \u00e0 partir du 9 octobre pour se concentrer sur les l\u00e9gislatives de novembre, o\u00f9 il est d\u00e9sign\u00e9 t\u00eate de liste de la coalition Takku Wallu S\u00e9n\u00e9gal.<\/strong><\/p>\n<p data-t=\"{&quot;n&quot;:&quot;blueLinks&quot;}\"><strong>L\u2019ancien pr\u00e9sident s\u00e9n\u00e9galais Macky Sall a officiellement d\u00e9missionn\u00e9 de son poste d&rsquo;envoy\u00e9 sp\u00e9cial du Pacte de Paris pour les peuples et la plan\u00e8te, \u00e9galement appel\u00e9 4P, un poste qu&rsquo;il occupait depuis sa nomination par le pr\u00e9sident fran\u00e7ais Emmanuel Macron il y a un an.<\/strong><\/p>\n<p data-t=\"{&quot;n&quot;:&quot;blueLinks&quot;}\">Lanc\u00e9 en 2023, le 4P vise \u00e0 refonder le syst\u00e8me financier mondial afin de lutter \u00e0 la fois contre le r\u00e9chauffement de la plan\u00e8te et la pauvret\u00e9.<\/p>\n<p class=\"continue-read-break\" data-t=\"{&quot;n&quot;:&quot;blueLinks&quot;}\">Cette d\u00e9mission intervient six mois apr\u00e8s la fin du deuxi\u00e8me mandat de Macky Sall et marque son retour dans la vie politique s\u00e9n\u00e9galaise, en vue des l\u00e9gislatives anticip\u00e9es pr\u00e9vues le 17 novembre 2024. L&rsquo;ancien pr\u00e9sident s\u00e9n\u00e9galais a \u00e9t\u00e9 investi t\u00eate de liste de la coalition d&rsquo;opposition Takku-Wallou.<\/p>\n<p data-t=\"{&quot;n&quot;:&quot;blueLinks&quot;}\">Dans une lettre adress\u00e9e \u00e0 Emmanuel Macron, Macky Sall explique qu\u2019il d\u00e9missionne pour \u00ab pour \u00e9viter tout risque d\u2019incompatibilit\u00e9 et de conflit d\u2019int\u00e9r\u00eat\u00a0\u00bb, avec ses activit\u00e9s politiques, et ce, \u00e0 compter du 9 octobre, apr\u00e8s le sommet de Hambourg sur la durabilit\u00e9 pour lequel Macky Sall avait d\u00e9j\u00e0 pris des engagements.<\/p>\n<p data-t=\"{&quot;n&quot;:&quot;blueLinks&quot;}\">Source: www.msn.com<\/p>\n","protected":false},"excerpt":{"rendered":"<p>Macky Sall a annonc\u00e9 sa d\u00e9mission du Pacte de Paris (4P) \u00e0 partir du 9 octobre pour se concentrer sur les l\u00e9gislatives de novembre, o\u00f9 il est d\u00e9sign\u00e9 t\u00eate de liste de la coalition Takku Wallu S\u00e9n\u00e9gal. L\u2019ancien pr\u00e9sident s\u00e9n\u00e9galais Macky Sall a officiellement d\u00e9missionn\u00e9 de son poste d&rsquo;envoy\u00e9 sp\u00e9cial du Pacte de Paris pour [&hellip;]<\/p>\n","protected":false},"author":2,"featured_media":1435,"comment_status":"closed","ping_status":"closed","sticky":false,"template":"","format":"standard","meta":{"footnotes":""},"categories":[6],"tags":[],"class_list":{"0":"post-1433","1":"post","2":"type-post","3":"status-publish","4":"format-standard","5":"has-post-thumbnail","7":"category-international"},"jetpack_featured_media_url":"https:\/\/cieldeguinee.net\/wp-content\/uploads\/2024\/10\/BB1hUV36.jpeg","_links":{"self":[{"href":"https:\/\/cieldeguinee.net\/index.php\/wp-json\/wp\/v2\/posts\/1433","targetHints":{"allow":["GET"]}}],"collection":[{"href":"https:\/\/cieldeguinee.net\/index.php\/wp-json\/wp\/v2\/posts"}],"about":[{"href":"https:\/\/cieldeguinee.net\/index.php\/wp-json\/wp\/v2\/types\/post"}],"author":[{"embeddable":true,"href":"https:\/\/cieldeguinee.net\/index.php\/wp-json\/wp\/v2\/users\/2"}],"replies":[{"embeddable":true,"href":"https:\/\/cieldeguinee.net\/index.php\/wp-json\/wp\/v2\/comments?post=1433"}],"version-history":[{"count":0,"href":"https:\/\/cieldeguinee.net\/index.php\/wp-json\/wp\/v2\/posts\/1433\/revisions"}],"wp:featuredmedia":[{"embeddable":true,"href":"https:\/\/cieldeguinee.net\/index.php\/wp-json\/wp\/v2\/media\/1435"}],"wp:attachment":[{"href":"https:\/\/cieldeguinee.net\/index.php\/wp-json\/wp\/v2\/media?parent=1433"}],"wp:term":[{"taxonomy":"category","embeddable":true,"href":"https:\/\/cieldeguinee.net\/index.php\/wp-json\/wp\/v2\/categories?post=1433"},{"taxonomy":"post_tag","embeddable":true,"href":"https:\/\/cieldeguinee.net\/index.php\/wp-json\/wp\/v2\/tags?post=1433"}],"curies":[{"name":"wp","href":"https:\/\/api.w.org\/{rel}","templated":true}]}}