{"id":1570,"date":"2024-10-26T20:53:04","date_gmt":"2024-10-26T18:53:04","guid":{"rendered":"https:\/\/cieldeguinee.net\/?p=1570"},"modified":"2024-10-26T20:53:04","modified_gmt":"2024-10-26T18:53:04","slug":"medias-journee-portes-ouvertes-sur-le-germany-news-service-a-conakry","status":"publish","type":"post","link":"https:\/\/cieldeguinee.net\/index.php\/medias-journee-portes-ouvertes-sur-le-germany-news-service-a-conakry\/","title":{"rendered":"M\u00e9dias : journ\u00e9e portes ouvertes sur le Germany News Service \u00e0 Conakry"},"content":{"rendered":"<p>Ce samedi 26 octobre 2024, la cha\u00eene internationale allemande Deutsche Welle (DW) a organis\u00e9 une journ\u00e9e portes ouvertes \u00e0 la Maison de la presse \u00e0 Conakry, d\u00e9di\u00e9e \u00e0 ses plateformes Germany News Service et Germany Today. Cet \u00e9v\u00e9nement s&rsquo;adressait aux journalistes et aux professionnels des m\u00e9dias guin\u00e9ens.<\/p>\n<p><img loading=\"lazy\" decoding=\"async\" class=\"size-medium wp-image-1572 alignleft\" src=\"https:\/\/cieldeguinee.net\/wp-content\/uploads\/2024\/10\/IMG-20241026-WA0029-300x167.jpg\" alt=\"\" width=\"300\" height=\"167\" srcset=\"https:\/\/cieldeguinee.net\/wp-content\/uploads\/2024\/10\/IMG-20241026-WA0029-300x167.jpg 300w, https:\/\/cieldeguinee.net\/wp-content\/uploads\/2024\/10\/IMG-20241026-WA0029-768x428.jpg 768w, https:\/\/cieldeguinee.net\/wp-content\/uploads\/2024\/10\/IMG-20241026-WA0029-150x84.jpg 150w, https:\/\/cieldeguinee.net\/wp-content\/uploads\/2024\/10\/IMG-20241026-WA0029-696x385.jpg 696w, https:\/\/cieldeguinee.net\/wp-content\/uploads\/2024\/10\/IMG-20241026-WA0029-754x420.jpg 754w, https:\/\/cieldeguinee.net\/wp-content\/uploads\/2024\/10\/IMG-20241026-WA0029.jpg 962w\" sizes=\"auto, (max-width: 300px) 100vw, 300px\" \/>L\u2019objectif principal de cette journ\u00e9e, marqu\u00e9e par une table ronde, \u00e9tait de discuter du r\u00f4le des m\u00e9dias dans la lutte contre la d\u00e9sinformation et de la mani\u00e8re dont ils peuvent regagner la confiance du public en devenant des sources cr\u00e9dibles d\u2019information, face aux d\u00e9fis pos\u00e9s par la d\u00e9sinformation.<\/p>\n<p>Pour Amadou Nadhel Diallo, coordinateur de DW en Guin\u00e9e, ces deux plateformes repr\u00e9sentent des sources d\u2019information fiables pour les journalistes du monde entier. Il a pr\u00e9sent\u00e9 les objectifs de cette initiative, qui vise notamment \u00e0 couvrir l&rsquo;ensemble du territoire national. \u00ab Aujourd&rsquo;hui, nous avons besoin de nombreux partenaires parmi les journalistes guin\u00e9ens pour qu&rsquo;ils s&rsquo;inscrivent sur ces plateformes et puissent recevoir gratuitement des informations sur l&rsquo;actualit\u00e9 en Europe, en Afrique et ailleurs \u00bb, a-t-il expliqu\u00e9.<\/p>\n<p>M. Diallo a \u00e9galement pr\u00e9cis\u00e9 que Deutsche Welle met \u00e0 la disposition des m\u00e9dias des images, des vid\u00e9os, des textes et un bulletin d\u2019informations diffus\u00e9 du lundi au vendredi. \u00ab Vous pouvez publier ces contenus int\u00e9gralement ou les utiliser tout en citant la source. En quelque sorte, notre premi\u00e8re source, c\u2019est vous, les m\u00e9dias, qui nous permettez de diffuser ce que nous souhaitons transmettre. Nous sommes \u00e9galement ouverts aux \u00e9tudiants qui souhaitent rejoindre notre plateforme pour faciliter leur acc\u00e8s \u00e0 des informations de qualit\u00e9. Nous restons disponibles \u00e0 tous les niveaux \u00bb, a-t-il ajout\u00e9.<\/p>\n<p>Il a soulign\u00e9 les avantages pour les m\u00e9dias partenaires de publier les contenus de DW, que ce soit sur leurs sites web ou leurs pages Facebook personnelles, en mentionnant que la visibilit\u00e9 accrue g\u00e9n\u00e9r\u00e9e par les clics et les vues pourrait leur \u00eatre b\u00e9n\u00e9fique.<\/p>\n<p>R\u00e9dig\u00e9 par Sana Sylla<\/p>\n<p>&nbsp;<\/p>\n","protected":false},"excerpt":{"rendered":"<p>Ce samedi 26 octobre 2024, la cha\u00eene internationale allemande Deutsche Welle (DW) a organis\u00e9 une journ\u00e9e portes ouvertes \u00e0 la Maison de la presse \u00e0 Conakry, d\u00e9di\u00e9e \u00e0 ses plateformes Germany News Service et Germany Today. Cet \u00e9v\u00e9nement s&rsquo;adressait aux journalistes et aux professionnels des m\u00e9dias guin\u00e9ens. L\u2019objectif principal de cette journ\u00e9e, marqu\u00e9e par une [&hellip;]<\/p>\n","protected":false},"author":2,"featured_media":1571,"comment_status":"closed","ping_status":"closed","sticky":false,"template":"","format":"standard","meta":{"footnotes":""},"categories":[23],"tags":[],"class_list":{"0":"post-1570","1":"post","2":"type-post","3":"status-publish","4":"format-standard","5":"has-post-thumbnail","7":"category-societe"},"jetpack_featured_media_url":"https:\/\/cieldeguinee.net\/wp-content\/uploads\/2024\/10\/IMG-20241026-WA0028.jpg","_links":{"self":[{"href":"https:\/\/cieldeguinee.net\/index.php\/wp-json\/wp\/v2\/posts\/1570","targetHints":{"allow":["GET"]}}],"collection":[{"href":"https:\/\/cieldeguinee.net\/index.php\/wp-json\/wp\/v2\/posts"}],"about":[{"href":"https:\/\/cieldeguinee.net\/index.php\/wp-json\/wp\/v2\/types\/post"}],"author":[{"embeddable":true,"href":"https:\/\/cieldeguinee.net\/index.php\/wp-json\/wp\/v2\/users\/2"}],"replies":[{"embeddable":true,"href":"https:\/\/cieldeguinee.net\/index.php\/wp-json\/wp\/v2\/comments?post=1570"}],"version-history":[{"count":0,"href":"https:\/\/cieldeguinee.net\/index.php\/wp-json\/wp\/v2\/posts\/1570\/revisions"}],"wp:featuredmedia":[{"embeddable":true,"href":"https:\/\/cieldeguinee.net\/index.php\/wp-json\/wp\/v2\/media\/1571"}],"wp:attachment":[{"href":"https:\/\/cieldeguinee.net\/index.php\/wp-json\/wp\/v2\/media?parent=1570"}],"wp:term":[{"taxonomy":"category","embeddable":true,"href":"https:\/\/cieldeguinee.net\/index.php\/wp-json\/wp\/v2\/categories?post=1570"},{"taxonomy":"post_tag","embeddable":true,"href":"https:\/\/cieldeguinee.net\/index.php\/wp-json\/wp\/v2\/tags?post=1570"}],"curies":[{"name":"wp","href":"https:\/\/api.w.org\/{rel}","templated":true}]}}