{"id":1584,"date":"2024-10-29T11:21:32","date_gmt":"2024-10-29T10:21:32","guid":{"rendered":"https:\/\/cieldeguinee.net\/?p=1584"},"modified":"2024-10-29T11:21:32","modified_gmt":"2024-10-29T10:21:32","slug":"guinee-medias-le-syndicat-des-professionnels-de-la-presse-de-guinee-sppg-denonce-une-agression-contre-le-journaliste-bakary-gamalo-bamba","status":"publish","type":"post","link":"https:\/\/cieldeguinee.net\/index.php\/guinee-medias-le-syndicat-des-professionnels-de-la-presse-de-guinee-sppg-denonce-une-agression-contre-le-journaliste-bakary-gamalo-bamba\/","title":{"rendered":"Guin\u00e9e\/M\u00e9dias : Le Syndicat des Professionnels de la Presse de Guin\u00e9e (SPPG) d\u00e9nonce une agression contre le journaliste Bakary Gamalo Bamba"},"content":{"rendered":"<p>Ce mardi 29 octobre 2024 \u00e0 travers une d\u00e9claration, le bureau national du Syndicat des Professionnels de la Presse de Guin\u00e9e (SPPG) a vivement condamn\u00e9 l\u2019agression dont a \u00e9t\u00e9 victime le journaliste d\u2019investigation du bimensuel \u2018\u2019Le Baoabab\u2019\u2019, Bakary Gamalo Bamba. Selon le syndicat, M. Bamba a \u00e9t\u00e9 pris pour cible par Francis Kova Zoumanigui, pr\u00e9sident de la Cour de R\u00e9pression des Infractions \u00c9conomiques et Financi\u00e8res (CRIEF), suite \u00e0 une enqu\u00eate que poursuivait notre confr\u00e8re sur des questions d\u2019int\u00e9r\u00eat public.<\/p>\n<p>Les \u00e9v\u00e9nements se seraient produits le 20 octobre au domicile de M. Zoumanigui, o\u00f9 le journaliste avait \u00e9t\u00e9 re\u00e7u pour des \u00e9changes. Bamba aurait \u00e9t\u00e9 agress\u00e9 par le magistrat puis retenu par la garde de celui-ci, avant d\u2019\u00eatre conduit en d\u00e9tention. Le SPPG a rappel\u00e9 que la loi sur la libert\u00e9 de la presse prot\u00e8ge le journaliste contre la privation de libert\u00e9 dans l\u2019exercice de ses fonctions.<\/p>\n<p>La situation s\u2019est poursuivie avec l\u2019ouverture d\u2019un proc\u00e8s le 22 octobre, et repris ce mardi 29 octobre 2024 au tribunal de premi\u00e8re instance de Kaloum. Lors de l\u2019audience pr\u00e9c\u00e9dente, Bakary Gamalo Bamba a expliqu\u00e9 qu\u2019il avait r\u00e9alis\u00e9 un enregistrement de l\u2019entretien pour s\u2019assurer de la fiabilit\u00e9 des informations, pr\u00e9cisant qu\u2019il n\u2019envisageait pas de le diffuser ni de d\u00e9voiler l\u2019identit\u00e9 de son interlocuteur, respectant ainsi les principes de protection des sources.<\/p>\n<p>Le SPPG consid\u00e8re l\u2019agression et l\u2019incarc\u00e9ration du journaliste comme ill\u00e9gales et d\u00e9plorables, d\u2019autant qu\u2019elles sont le fait d\u2019un magistrat qui devrait, selon le syndicat, incarner le respect de la loi. En cons\u00e9quence, le syndicat appelle M. Bamba \u00e0 porter plainte pour agression et abus\u00a0d\u2019autorit\u00e9.<\/p>\n<p>Une synth\u00e8se de la R\u00e9daction<\/p>\n","protected":false},"excerpt":{"rendered":"<p>Ce mardi 29 octobre 2024 \u00e0 travers une d\u00e9claration, le bureau national du Syndicat des Professionnels de la Presse de Guin\u00e9e (SPPG) a vivement condamn\u00e9 l\u2019agression dont a \u00e9t\u00e9 victime le journaliste d\u2019investigation du bimensuel \u2018\u2019Le Baoabab\u2019\u2019, Bakary Gamalo Bamba. Selon le syndicat, M. Bamba a \u00e9t\u00e9 pris pour cible par Francis Kova Zoumanigui, pr\u00e9sident [&hellip;]<\/p>\n","protected":false},"author":2,"featured_media":1585,"comment_status":"closed","ping_status":"closed","sticky":false,"template":"","format":"standard","meta":{"footnotes":""},"categories":[23],"tags":[],"class_list":{"0":"post-1584","1":"post","2":"type-post","3":"status-publish","4":"format-standard","5":"has-post-thumbnail","7":"category-societe"},"jetpack_featured_media_url":"https:\/\/cieldeguinee.net\/wp-content\/uploads\/2024\/10\/43490637_106176440365403_3152460129308246016_n.jpg","_links":{"self":[{"href":"https:\/\/cieldeguinee.net\/index.php\/wp-json\/wp\/v2\/posts\/1584","targetHints":{"allow":["GET"]}}],"collection":[{"href":"https:\/\/cieldeguinee.net\/index.php\/wp-json\/wp\/v2\/posts"}],"about":[{"href":"https:\/\/cieldeguinee.net\/index.php\/wp-json\/wp\/v2\/types\/post"}],"author":[{"embeddable":true,"href":"https:\/\/cieldeguinee.net\/index.php\/wp-json\/wp\/v2\/users\/2"}],"replies":[{"embeddable":true,"href":"https:\/\/cieldeguinee.net\/index.php\/wp-json\/wp\/v2\/comments?post=1584"}],"version-history":[{"count":0,"href":"https:\/\/cieldeguinee.net\/index.php\/wp-json\/wp\/v2\/posts\/1584\/revisions"}],"wp:featuredmedia":[{"embeddable":true,"href":"https:\/\/cieldeguinee.net\/index.php\/wp-json\/wp\/v2\/media\/1585"}],"wp:attachment":[{"href":"https:\/\/cieldeguinee.net\/index.php\/wp-json\/wp\/v2\/media?parent=1584"}],"wp:term":[{"taxonomy":"category","embeddable":true,"href":"https:\/\/cieldeguinee.net\/index.php\/wp-json\/wp\/v2\/categories?post=1584"},{"taxonomy":"post_tag","embeddable":true,"href":"https:\/\/cieldeguinee.net\/index.php\/wp-json\/wp\/v2\/tags?post=1584"}],"curies":[{"name":"wp","href":"https:\/\/api.w.org\/{rel}","templated":true}]}}