{"id":1615,"date":"2024-10-31T15:28:25","date_gmt":"2024-10-31T14:28:25","guid":{"rendered":"https:\/\/cieldeguinee.net\/?p=1615"},"modified":"2024-10-31T15:28:25","modified_gmt":"2024-10-31T14:28:25","slug":"culture-la-structure-mousapegui-lance-la-3eme-edition-du-festival-international-de-la-sape-a-conakry","status":"publish","type":"post","link":"https:\/\/cieldeguinee.net\/index.php\/culture-la-structure-mousapegui-lance-la-3eme-edition-du-festival-international-de-la-sape-a-conakry\/","title":{"rendered":"Culture : La structure MOUSAPEGUI lance la 3\u00e8me \u00e9dition du Festival International de la Sape \u00e0 Conakry"},"content":{"rendered":"<p><em><strong>La troisi\u00e8me \u00e9dition du Festival International de la Sape de Conakry se tiendra le samedi 2 novembre 2024 au chapiteau \u00ab\u00a0By Issa\u00a0\u00bb du Palais du Peuple. L\u2019annonce a \u00e9t\u00e9 faite par les organisateurs ce jeudi 31 octobre 2024, lors d\u2019une conf\u00e9rence de presse \u00e0 la Maison Commune des Journalistes.<\/strong><\/em><\/p>\n<p>Plac\u00e9e sous le th\u00e8me \u00ab\u00a0La Sape \u00e9conomique : victoire du textile africain\u00a0\u00bb, cette \u00e9dition vise \u00e0 valoriser le potentiel culturel et les valeurs vestimentaires africaines, en cr\u00e9ant des espaces artistiques pour promouvoir la mode africaine.<\/p>\n<p>\u00ab Cette troisi\u00e8me \u00e9dition que nous lan\u00e7ons cet apr\u00e8s-midi a pour principal objectif de mettre en avant le potentiel culturel et les valeurs vestimentaires traditionnelles africaines \u00e0 travers des espaces artistiques. Nous proposons des ventes, expositions, parades, concours de sape, d\u00e9fil\u00e9s de mode et performances artistiques, ax\u00e9s sur la promotion du textile guin\u00e9en et africain, afin de susciter un r\u00e9el engouement aupr\u00e8s de la jeune g\u00e9n\u00e9ration \u00bb, a d\u00e9clar\u00e9 Kaba Dollars, Pr\u00e9sident du Mouvement des Sapeurs de Guin\u00e9e.<\/p>\n<p>L&rsquo;objectif sp\u00e9cifique du Festival International de la Sape de Conakry (FISAC) est de contribuer \u00e0 la valorisation des cr\u00e9ations artistiques et vestimentaires africaines. \u00c0 travers une s\u00e9rie d\u2019activit\u00e9s, le festival veut sensibiliser le public \u00e0 l\u2019importance de l&rsquo;industrie locale de la mode pour un d\u00e9veloppement durable. Cet \u00e9v\u00e9nement met \u00e9galement \u00e0 l&rsquo;honneur les cr\u00e9ateurs et marques africaines, en rassemblant professionnels et amateurs de la sape autour de rencontres et de d\u00e9fil\u00e9s de mode.<\/p>\n<p>Auteur: Sana Sylla<\/p>\n","protected":false},"excerpt":{"rendered":"<p>La troisi\u00e8me \u00e9dition du Festival International de la Sape de Conakry se tiendra le samedi 2 novembre 2024 au chapiteau \u00ab\u00a0By Issa\u00a0\u00bb du Palais du Peuple. L\u2019annonce a \u00e9t\u00e9 faite par les organisateurs ce jeudi 31 octobre 2024, lors d\u2019une conf\u00e9rence de presse \u00e0 la Maison Commune des Journalistes. Plac\u00e9e sous le th\u00e8me \u00ab\u00a0La Sape [&hellip;]<\/p>\n","protected":false},"author":2,"featured_media":1616,"comment_status":"closed","ping_status":"closed","sticky":false,"template":"","format":"standard","meta":{"footnotes":""},"categories":[9],"tags":[],"class_list":{"0":"post-1615","1":"post","2":"type-post","3":"status-publish","4":"format-standard","5":"has-post-thumbnail","7":"category-culture"},"jetpack_featured_media_url":"https:\/\/cieldeguinee.net\/wp-content\/uploads\/2024\/10\/WhatsApp-Image-2024-10-31-a-13.45.27_346b48a6.jpg","_links":{"self":[{"href":"https:\/\/cieldeguinee.net\/index.php\/wp-json\/wp\/v2\/posts\/1615","targetHints":{"allow":["GET"]}}],"collection":[{"href":"https:\/\/cieldeguinee.net\/index.php\/wp-json\/wp\/v2\/posts"}],"about":[{"href":"https:\/\/cieldeguinee.net\/index.php\/wp-json\/wp\/v2\/types\/post"}],"author":[{"embeddable":true,"href":"https:\/\/cieldeguinee.net\/index.php\/wp-json\/wp\/v2\/users\/2"}],"replies":[{"embeddable":true,"href":"https:\/\/cieldeguinee.net\/index.php\/wp-json\/wp\/v2\/comments?post=1615"}],"version-history":[{"count":0,"href":"https:\/\/cieldeguinee.net\/index.php\/wp-json\/wp\/v2\/posts\/1615\/revisions"}],"wp:featuredmedia":[{"embeddable":true,"href":"https:\/\/cieldeguinee.net\/index.php\/wp-json\/wp\/v2\/media\/1616"}],"wp:attachment":[{"href":"https:\/\/cieldeguinee.net\/index.php\/wp-json\/wp\/v2\/media?parent=1615"}],"wp:term":[{"taxonomy":"category","embeddable":true,"href":"https:\/\/cieldeguinee.net\/index.php\/wp-json\/wp\/v2\/categories?post=1615"},{"taxonomy":"post_tag","embeddable":true,"href":"https:\/\/cieldeguinee.net\/index.php\/wp-json\/wp\/v2\/tags?post=1615"}],"curies":[{"name":"wp","href":"https:\/\/api.w.org\/{rel}","templated":true}]}}