{"id":1671,"date":"2024-11-08T12:01:58","date_gmt":"2024-11-08T11:01:58","guid":{"rendered":"https:\/\/cieldeguinee.net\/?p=1671"},"modified":"2024-11-08T12:01:58","modified_gmt":"2024-11-08T11:01:58","slug":"appel-a-la-liberation-du-journaliste-bakary-gamalo-bamba","status":"publish","type":"post","link":"https:\/\/cieldeguinee.net\/index.php\/appel-a-la-liberation-du-journaliste-bakary-gamalo-bamba\/","title":{"rendered":"Appel \u00e0 la lib\u00e9ration du journaliste Bakary Gamalo Bamba"},"content":{"rendered":"<p>Dakar, le 30 octobre 2024 \u2014\u00a0<strong>Le Comit\u00e9 pour la protection des journalistes appelle \u00e0 la lib\u00e9ration du journaliste Bakary Gamalo Bamba, directeur du bimestriel Le Baobab, d\u00e9tenu depuis le 20 octobre pour atteinte \u00e0 la vie priv\u00e9e.<\/strong><\/p>\n<p>\u00ab\u00a0<em>Les autorit\u00e9s guin\u00e9ennes devraient lib\u00e9rer imm\u00e9diatement et sans condition le journaliste Bakary Gamalo Bamba, emprisonn\u00e9 depuis le 20 octobre, lorsqu\u2019il a enregistr\u00e9 un juge dans le cadre de son travail<\/em>\u00a0\u00bb, a d\u00e9clar\u00e9 Angela Quintal, responsable du programme Afrique du CPJ, \u00e0 Johannesburg. \u00ab<em>\u00a0Le fait que la loi guin\u00e9enne prot\u00e8ge les journalistes contre l\u2019emprisonnement en raison de leur travail, sauf dans des circonstances tr\u00e8s pr\u00e9cises, ne fait qu\u2019accentuer l\u2019injustice de l\u2019arrestation et de la d\u00e9tention de Bamba.<\/em>\u00a0\u00bb<\/p>\n<p>Le 20 octobre, Francis Kova Zoumanigui, juge et pr\u00e9sident de la Cour de r\u00e9pression des crimes \u00e9conomiques et financiers de Guin\u00e9e, a gifl\u00e9 et asperg\u00e9 de vin le journaliste apr\u00e8s avoir d\u00e9couvert que le journaliste enregistrait leur entretien au domicile du juge \u00e0 Conakry, la capitale guin\u00e9enne, selon un communiqu\u00e9 du Syndicat des professionnels de la presse de Guin\u00e9e (SPPG).<\/p>\n<p>Bamba, 68 ans, a d\u00e9clar\u00e9 lors de son proc\u00e8s qu\u2019il avait enregistr\u00e9 leur discussion pour pouvoir prendre des notes sur une affaire sur laquelle il enqu\u00eatait, qu\u2019il n\u2019avait pas l\u2019intention de nommer le juge dans son rapport et qu\u2019un agent de s\u00e9curit\u00e9 de Zoumanigui l\u2019avait battu sur ordre du juge.<\/p>\n<p>Zoumanigui a d\u00e9clar\u00e9 au CPJ que Bamba ne s\u2019\u00e9tait pas pr\u00e9sent\u00e9 comme un journaliste et n\u2019avait pas \u00e9t\u00e9 maltrait\u00e9. \u00ab\u00a0<em>Je ne lui souhaite pas de peine de prison, mais je devais redorer mon blason apr\u00e8s les fausses accusations r\u00e9pandues par la presse<\/em>\u00a0\u00bb, a-t-il ajout\u00e9.<\/p>\n<p>Mardi, un juge a rejet\u00e9 la demande de l\u2019avocat de Bamba de lib\u00e9rer le journaliste et a fix\u00e9 au 12 novembre la date des plaidoiries finales.<\/p>\n<p>La d\u00e9tention de Bamba viole la loi guin\u00e9enne sur la libert\u00e9 de la presse , qui stipule que les journalistes ne doivent pas \u00eatre emprisonn\u00e9s pour des infractions commises dans l\u2019exercice de leur profession, selon le SPPG. En vertu de l\u2019article 132, un journaliste r\u00e9sidant en Guin\u00e9e ne peut \u00eatre d\u00e9tenu pour son travail, sauf pour quelques d\u00e9lits sp\u00e9cifiques, tels que l\u2019outrage au chef de l\u2019\u00c9tat et la diffusion de fausses nouvelles.<\/p>\n<h4><strong>CPJ<\/strong><\/h4>\n","protected":false},"excerpt":{"rendered":"<p>Dakar, le 30 octobre 2024 \u2014\u00a0Le Comit\u00e9 pour la protection des journalistes appelle \u00e0 la lib\u00e9ration du journaliste Bakary Gamalo Bamba, directeur du bimestriel Le Baobab, d\u00e9tenu depuis le 20 octobre pour atteinte \u00e0 la vie priv\u00e9e. \u00ab\u00a0Les autorit\u00e9s guin\u00e9ennes devraient lib\u00e9rer imm\u00e9diatement et sans condition le journaliste Bakary Gamalo Bamba, emprisonn\u00e9 depuis le 20 [&hellip;]<\/p>\n","protected":false},"author":2,"featured_media":1672,"comment_status":"closed","ping_status":"closed","sticky":false,"template":"","format":"standard","meta":{"footnotes":""},"categories":[23],"tags":[],"class_list":{"0":"post-1671","1":"post","2":"type-post","3":"status-publish","4":"format-standard","5":"has-post-thumbnail","7":"category-societe"},"jetpack_featured_media_url":"https:\/\/cieldeguinee.net\/wp-content\/uploads\/2024\/11\/Bakary-Gamalo-Bamba-et-Juge-Zoumanigui-750x430-1.webp","_links":{"self":[{"href":"https:\/\/cieldeguinee.net\/index.php\/wp-json\/wp\/v2\/posts\/1671","targetHints":{"allow":["GET"]}}],"collection":[{"href":"https:\/\/cieldeguinee.net\/index.php\/wp-json\/wp\/v2\/posts"}],"about":[{"href":"https:\/\/cieldeguinee.net\/index.php\/wp-json\/wp\/v2\/types\/post"}],"author":[{"embeddable":true,"href":"https:\/\/cieldeguinee.net\/index.php\/wp-json\/wp\/v2\/users\/2"}],"replies":[{"embeddable":true,"href":"https:\/\/cieldeguinee.net\/index.php\/wp-json\/wp\/v2\/comments?post=1671"}],"version-history":[{"count":0,"href":"https:\/\/cieldeguinee.net\/index.php\/wp-json\/wp\/v2\/posts\/1671\/revisions"}],"wp:featuredmedia":[{"embeddable":true,"href":"https:\/\/cieldeguinee.net\/index.php\/wp-json\/wp\/v2\/media\/1672"}],"wp:attachment":[{"href":"https:\/\/cieldeguinee.net\/index.php\/wp-json\/wp\/v2\/media?parent=1671"}],"wp:term":[{"taxonomy":"category","embeddable":true,"href":"https:\/\/cieldeguinee.net\/index.php\/wp-json\/wp\/v2\/categories?post=1671"},{"taxonomy":"post_tag","embeddable":true,"href":"https:\/\/cieldeguinee.net\/index.php\/wp-json\/wp\/v2\/tags?post=1671"}],"curies":[{"name":"wp","href":"https:\/\/api.w.org\/{rel}","templated":true}]}}