{"id":1699,"date":"2024-11-11T08:29:53","date_gmt":"2024-11-11T07:29:53","guid":{"rendered":"https:\/\/cieldeguinee.net\/?p=1699"},"modified":"2024-11-11T08:29:53","modified_gmt":"2024-11-11T07:29:53","slug":"ibrahima-kalil-diallo-ex-journaliste-se-lance-en-politique-pour-contribuer-au-changement-en-guinee","status":"publish","type":"post","link":"https:\/\/cieldeguinee.net\/index.php\/ibrahima-kalil-diallo-ex-journaliste-se-lance-en-politique-pour-contribuer-au-changement-en-guinee\/","title":{"rendered":"Ibrahima Kalil Diallo, ex-journaliste, se lance en politique pour contribuer au changement en Guin\u00e9e"},"content":{"rendered":"<p>Apr\u00e8s une carri\u00e8re de plus de 13 ans dans le journalisme, Ibrahima Kalil Diallo, figure reconnue de la presse guin\u00e9enne, a annonc\u00e9 officiellement son d\u00e9part des m\u00e9dias pour embrasser une nouvelle vocation en politique. Ce tournant marque la fin d\u2019un parcours riche et vari\u00e9, qui l\u2019a men\u00e9 des studios de Familia FM aux r\u00e9dactions de Planet FM, City FM, Hadafo Media, FIM FM, et bien d\u2019autres. Co-fondateur du site Journal Guin\u00e9e avec son coll\u00e8gue Mohamed Lamine Diallo, Diallo a consacr\u00e9 sa vie \u00e0 informer, d\u00e9noncer et mettre en lumi\u00e8re des sujets d\u2019int\u00e9r\u00eat public, souvent au p\u00e9ril de sa propre s\u00e9curit\u00e9.<\/p>\n<p>\u00ab Apr\u00e8s avoir d\u00e9nonc\u00e9 la mauvaise gouvernance pendant tant d\u2019ann\u00e9es, j\u2019ai pris le temps de r\u00e9fl\u00e9chir et d\u2019en discuter avec ma famille. J\u2019ai d\u00e9cid\u00e9 de m\u2019engager en politique, avec l\u2019ambition de contribuer concr\u00e8tement au changement que notre pays m\u00e9rite \u00bb, a d\u00e9clar\u00e9 Diallo.<\/p>\n<p>Cette d\u00e9cision, prise apr\u00e8s une longue r\u00e9flexion et des discussions avec ses proches, traduit un engagement pour la Guin\u00e9e, pays qu\u2019il juge en \u00ab phase critique de son histoire \u00bb. Avec des reportages marquants, notamment sur les manifestations politiques sous le r\u00e9gime d\u2019Alpha Cond\u00e9, Diallo a su b\u00e2tir un r\u00e9seau de contacts et d\u2019amiti\u00e9s avec de nombreux acteurs politiques et sociaux. Fort de cette exp\u00e9rience, il estime que le moment est venu de prendre part activement aux transformations politiques du pays.<\/p>\n<p>Diallo, \u00e9mu et reconnaissant, a exprim\u00e9 sa gratitude envers ses mentors, ses coll\u00e8gues et ses amis. Il a rendu hommage \u00e0 Caleb Koli\u00e9, qui lui a offert son premier stage \u00e0 Familia FM, ainsi qu\u2019\u00e0 ses formateurs, Boubacar Koyla Diallo et Zeze Pierre Guilavogui. Il a aussi salu\u00e9 la m\u00e9moire de son premier employeur, Mandian Sidib\u00e9, et des personnalit\u00e9s influentes de son parcours, notamment Lamine Guirassy, Aboubacar Diallo, et Talib\u00e9 Barry.<\/p>\n<p>Ce virage vers la politique, explique Diallo, n\u2019est pas une simple alternative professionnelle mais un \u00ab devoir d\u2019engagement \u00bb apr\u00e8s des ann\u00e9es de critique de la gouvernance. Conscient des d\u00e9fis qui l\u2019attendent, il s\u2019engage \u00ab r\u00e9solument et concr\u00e8tement en politique \u00bb pour aider \u00e0 construire un avenir meilleur pour la Guin\u00e9e.<\/p>\n<p>Dans un geste touchant, il a demand\u00e9 pardon \u00e0 quiconque aurait pu se sentir bless\u00e9 durant son parcours journalistique, et a sollicit\u00e9 le soutien et les pri\u00e8res de ses amis et coll\u00e8gues pour sa nouvelle aventure politique.<\/p>\n<p>Aujourd&rsquo;hui, alors que la Guin\u00e9e affronte des enjeux critiques, l\u2019exp\u00e9rience et la conviction d\u2019Ibrahima Kalil Diallo repr\u00e9sentent un atout ind\u00e9niable pour l\u2019ar\u00e8ne politique. Son d\u00e9part de la presse laisse un vide, mais ouvre une nouvelle page pleine de promesses pour un homme r\u00e9solu \u00e0 \u0153uvrer pour le bien de son pays.<\/p>\n<p>Tamba Oular\u00e9<\/p>\n<p>DP Cieldeguinee.net<\/p>\n<p>&nbsp;<\/p>\n","protected":false},"excerpt":{"rendered":"<p>Apr\u00e8s une carri\u00e8re de plus de 13 ans dans le journalisme, Ibrahima Kalil Diallo, figure reconnue de la presse guin\u00e9enne, a annonc\u00e9 officiellement son d\u00e9part des m\u00e9dias pour embrasser une nouvelle vocation en politique. Ce tournant marque la fin d\u2019un parcours riche et vari\u00e9, qui l\u2019a men\u00e9 des studios de Familia FM aux r\u00e9dactions de [&hellip;]<\/p>\n","protected":false},"author":2,"featured_media":1700,"comment_status":"closed","ping_status":"closed","sticky":false,"template":"","format":"standard","meta":{"footnotes":""},"categories":[3],"tags":[],"class_list":{"0":"post-1699","1":"post","2":"type-post","3":"status-publish","4":"format-standard","5":"has-post-thumbnail","7":"category-politique"},"jetpack_featured_media_url":"https:\/\/cieldeguinee.net\/wp-content\/uploads\/2024\/11\/IMG-20241110-WA0031.jpg","_links":{"self":[{"href":"https:\/\/cieldeguinee.net\/index.php\/wp-json\/wp\/v2\/posts\/1699","targetHints":{"allow":["GET"]}}],"collection":[{"href":"https:\/\/cieldeguinee.net\/index.php\/wp-json\/wp\/v2\/posts"}],"about":[{"href":"https:\/\/cieldeguinee.net\/index.php\/wp-json\/wp\/v2\/types\/post"}],"author":[{"embeddable":true,"href":"https:\/\/cieldeguinee.net\/index.php\/wp-json\/wp\/v2\/users\/2"}],"replies":[{"embeddable":true,"href":"https:\/\/cieldeguinee.net\/index.php\/wp-json\/wp\/v2\/comments?post=1699"}],"version-history":[{"count":0,"href":"https:\/\/cieldeguinee.net\/index.php\/wp-json\/wp\/v2\/posts\/1699\/revisions"}],"wp:featuredmedia":[{"embeddable":true,"href":"https:\/\/cieldeguinee.net\/index.php\/wp-json\/wp\/v2\/media\/1700"}],"wp:attachment":[{"href":"https:\/\/cieldeguinee.net\/index.php\/wp-json\/wp\/v2\/media?parent=1699"}],"wp:term":[{"taxonomy":"category","embeddable":true,"href":"https:\/\/cieldeguinee.net\/index.php\/wp-json\/wp\/v2\/categories?post=1699"},{"taxonomy":"post_tag","embeddable":true,"href":"https:\/\/cieldeguinee.net\/index.php\/wp-json\/wp\/v2\/tags?post=1699"}],"curies":[{"name":"wp","href":"https:\/\/api.w.org\/{rel}","templated":true}]}}