{"id":1702,"date":"2024-11-11T14:53:43","date_gmt":"2024-11-11T13:53:43","guid":{"rendered":"https:\/\/cieldeguinee.net\/?p=1702"},"modified":"2024-11-11T14:53:43","modified_gmt":"2024-11-11T13:53:43","slug":"106eme-anniversaire-de-larmistice-la-guinee-celebre-et-rend-hommage-aux-anciens-combattants","status":"publish","type":"post","link":"https:\/\/cieldeguinee.net\/index.php\/106eme-anniversaire-de-larmistice-la-guinee-celebre-et-rend-hommage-aux-anciens-combattants\/","title":{"rendered":"106\u00e8me anniversaire de l&rsquo;armistice : la Guin\u00e9e c\u00e9l\u00e8bre et rend hommage aux anciens combattants"},"content":{"rendered":"<p>L&rsquo;armistice, sign\u00e9 le 11 novembre 1918 \u00e0 5h15, a mis fin aux combats de la Premi\u00e8re Guerre mondiale (1914-1918) et a marqu\u00e9 la victoire des Alli\u00e9s et la d\u00e9faite de l&rsquo;Allemagne. Ce cessez-le-feu a entra\u00een\u00e9, sur l&rsquo;ensemble du territoire fran\u00e7ais, des vol\u00e9es de cloches et des sonneries de clairons, annon\u00e7ant la fin d&rsquo;un conflit qui a fait plus de 18,6 millions de morts parmi l&rsquo;ensemble des bellig\u00e9rants.<\/p>\n<p>\u00c0 l&rsquo;occasion de ce 106\u00e8me anniversaire, la Direction g\u00e9n\u00e9rale des pensions militaires et retrait\u00e9s, sous la direction du g\u00e9n\u00e9ral Fatoumata Yarie Sylla, a organis\u00e9 ce lundi 11 novembre 2024, \u00e0 Conakry, une c\u00e9r\u00e9monie marquante pour rendre hommage aux soldats africains tomb\u00e9s lors de cette guerre historique.<\/p>\n<p>\u00ab Il y a un peu plus de dix (10) jours, nous c\u00e9l\u00e9brions le soixante-sixi\u00e8me anniversaire de la cr\u00e9ation de l&rsquo;arm\u00e9e guin\u00e9enne. Aujourd&rsquo;hui, nous comm\u00e9morons le cent-sixi\u00e8me (106\u00e8me) anniversaire de l&rsquo;armistice qui a mis fin aux hostilit\u00e9s de la Premi\u00e8re Guerre mondiale, le lundi 11 novembre 1918 \u00e0 5h15. Ces deux \u00e9v\u00e9nements ont en commun de placer au centre de la m\u00e9moire collective les anciens combattants, connus sous le nom de tirailleurs africains. Cent trente-quatre mille (134 000) tirailleurs africains ont combattu l&rsquo;Allemagne aux c\u00f4t\u00e9s des Alli\u00e9s durant cette grande guerre. Environ trente mille (30 000) d&rsquo;entre eux sont morts ou ont \u00e9t\u00e9 port\u00e9s disparus, parmi lesquels des ressortissants guin\u00e9ens \u00bb, a d\u00e9clar\u00e9 le g\u00e9n\u00e9ral Fatoumata Yarie Sylla.<\/p>\n<p>Elle a ajout\u00e9 : \u00ab Comme pour tous les autres combattants, nous affirmons que la nation ne les oubliera pas. \u00c0 vous, combattants de la libert\u00e9, nous disons que notre pays, la R\u00e9publique de Guin\u00e9e, est engag\u00e9 depuis son accession \u00e0 la souverainet\u00e9 nationale \u00e0 promouvoir la paix, comme en t\u00e9moignent les nombreuses missions de maintien de la paix effectu\u00e9es par ses forces arm\u00e9es \u00e0 travers le continent africain. Le 11 novembre n&rsquo;est pas pour nous un simple jour de comm\u00e9moration historique, c&rsquo;est aussi un moment de profonde reconnaissance envers nos anciens combattants et une r\u00e9flexion collective sur le pass\u00e9, le pr\u00e9sent et l&rsquo;avenir de la nation et du monde. En cette p\u00e9riode de fortes tensions internationales, nos peuples doivent \u00eatre pr\u00eats \u00e0 d\u00e9fendre toutes leurs valeurs de libert\u00e9 et de droits de l&rsquo;homme pour mieux vivre en paix. \u00bb<\/p>\n<p>Pour sa part, le repr\u00e9sentant du ministre de la D\u00e9fense nationale, le g\u00e9n\u00e9ral David Haba, chef de cabinet, a tenu \u00e0 remercier la coop\u00e9ration fran\u00e7aise pour son soutien aux anciens combattants.<\/p>\n<p>\u00ab Le geste de solidarit\u00e9 et de reconnaissance de l&rsquo;Ambassade de France, \u00e0 travers les dons offerts en ce jour, t\u00e9moigne de l&rsquo;engagement continu de l&rsquo;\u00c9tat fran\u00e7ais \u00e0 honorer ces sacrifices. \u00c0 vous, chers anciens combattants, je tiens \u00e0 dire que nous vous devons beaucoup. Vous avez \u00e9crit avec votre sang des pages glorieuses de l&rsquo;histoire de la France et de la Guin\u00e9e. Votre sacrifice restera grav\u00e9 dans nos c\u0153urs et notre m\u00e9moire collective \u00bb, a d\u00e9clar\u00e9 le chef de cabinet.<\/p>\n<p>Auteur: Sana Sylla<\/p>\n","protected":false},"excerpt":{"rendered":"<p>L&rsquo;armistice, sign\u00e9 le 11 novembre 1918 \u00e0 5h15, a mis fin aux combats de la Premi\u00e8re Guerre mondiale (1914-1918) et a marqu\u00e9 la victoire des Alli\u00e9s et la d\u00e9faite de l&rsquo;Allemagne. Ce cessez-le-feu a entra\u00een\u00e9, sur l&rsquo;ensemble du territoire fran\u00e7ais, des vol\u00e9es de cloches et des sonneries de clairons, annon\u00e7ant la fin d&rsquo;un conflit qui [&hellip;]<\/p>\n","protected":false},"author":2,"featured_media":1703,"comment_status":"closed","ping_status":"closed","sticky":false,"template":"","format":"standard","meta":{"footnotes":""},"categories":[3],"tags":[],"class_list":{"0":"post-1702","1":"post","2":"type-post","3":"status-publish","4":"format-standard","5":"has-post-thumbnail","7":"category-politique"},"jetpack_featured_media_url":"https:\/\/cieldeguinee.net\/wp-content\/uploads\/2024\/11\/armistie.jpg","_links":{"self":[{"href":"https:\/\/cieldeguinee.net\/index.php\/wp-json\/wp\/v2\/posts\/1702","targetHints":{"allow":["GET"]}}],"collection":[{"href":"https:\/\/cieldeguinee.net\/index.php\/wp-json\/wp\/v2\/posts"}],"about":[{"href":"https:\/\/cieldeguinee.net\/index.php\/wp-json\/wp\/v2\/types\/post"}],"author":[{"embeddable":true,"href":"https:\/\/cieldeguinee.net\/index.php\/wp-json\/wp\/v2\/users\/2"}],"replies":[{"embeddable":true,"href":"https:\/\/cieldeguinee.net\/index.php\/wp-json\/wp\/v2\/comments?post=1702"}],"version-history":[{"count":0,"href":"https:\/\/cieldeguinee.net\/index.php\/wp-json\/wp\/v2\/posts\/1702\/revisions"}],"wp:featuredmedia":[{"embeddable":true,"href":"https:\/\/cieldeguinee.net\/index.php\/wp-json\/wp\/v2\/media\/1703"}],"wp:attachment":[{"href":"https:\/\/cieldeguinee.net\/index.php\/wp-json\/wp\/v2\/media?parent=1702"}],"wp:term":[{"taxonomy":"category","embeddable":true,"href":"https:\/\/cieldeguinee.net\/index.php\/wp-json\/wp\/v2\/categories?post=1702"},{"taxonomy":"post_tag","embeddable":true,"href":"https:\/\/cieldeguinee.net\/index.php\/wp-json\/wp\/v2\/tags?post=1702"}],"curies":[{"name":"wp","href":"https:\/\/api.w.org\/{rel}","templated":true}]}}