{"id":1719,"date":"2024-11-15T09:49:32","date_gmt":"2024-11-15T08:49:32","guid":{"rendered":"https:\/\/cieldeguinee.net\/?p=1719"},"modified":"2024-11-15T09:49:32","modified_gmt":"2024-11-15T08:49:32","slug":"conakry-le-journaliste-mamadou-saliou-diallo-agresse-par-un-policier","status":"publish","type":"post","link":"https:\/\/cieldeguinee.net\/index.php\/conakry-le-journaliste-mamadou-saliou-diallo-agresse-par-un-policier\/","title":{"rendered":"Conakry : le journaliste Mamadou Saliou Diallo agress\u00e9 par un policier"},"content":{"rendered":"<p>La presse ind\u00e9pendante en Guin\u00e9e continue de subir des violences et intimidations, marquant une p\u00e9riode critique depuis son \u00e9mergence dans les ann\u00e9es 90. Alors que Bakari Gamalo Bamba, directeur du bimensuel Le Baobab, est d\u00e9tenu arbitrairement \u00e0 Conakry, rappelle un confr\u00e8re du site www.leverificateur.net,\u00a0 Mamadou Saliou Diallo, fondateur de Nouvelledeguinee.com, a \u00e9t\u00e9 agress\u00e9 par un policier, le lieutenant Abdoulaye Camara, le 13 novembre 2024.<\/p>\n<p>Selon la victime, cette agression refl\u00e8te l\u2019hostilit\u00e9 du policier envers les journalistes ind\u00e9pendants. Le journaliste\u00a0 a port\u00e9 plainte aupr\u00e8s du Tribunal de Dixinn, esp\u00e9rant que justice sera faite.<\/p>\n<p>Ce n\u2019est pas la premi\u00e8re fois que Mamadou Saliou Diallo est victime d\u2019abus. En 2018, il avait \u00e9t\u00e9 arr\u00eat\u00e9 et emprisonn\u00e9 pour \u00ab\u00a0diffamation\u00a0\u00bb, sous le r\u00e9gime d\u2019Alpha Cond\u00e9, avant d\u2019\u00eatre condamn\u00e9 \u00e0 une amende. Ces faits illustrent les d\u00e9fis croissants auxquels font face les m\u00e9dias en Guin\u00e9e.<\/p>\n<p>La R\u00e9daction<\/p>\n","protected":false},"excerpt":{"rendered":"<p>La presse ind\u00e9pendante en Guin\u00e9e continue de subir des violences et intimidations, marquant une p\u00e9riode critique depuis son \u00e9mergence dans les ann\u00e9es 90. Alors que Bakari Gamalo Bamba, directeur du bimensuel Le Baobab, est d\u00e9tenu arbitrairement \u00e0 Conakry, rappelle un confr\u00e8re du site www.leverificateur.net,\u00a0 Mamadou Saliou Diallo, fondateur de Nouvelledeguinee.com, a \u00e9t\u00e9 agress\u00e9 par un [&hellip;]<\/p>\n","protected":false},"author":2,"featured_media":1720,"comment_status":"closed","ping_status":"closed","sticky":false,"template":"","format":"standard","meta":{"footnotes":""},"categories":[23],"tags":[],"class_list":{"0":"post-1719","1":"post","2":"type-post","3":"status-publish","4":"format-standard","5":"has-post-thumbnail","7":"category-societe"},"jetpack_featured_media_url":"https:\/\/cieldeguinee.net\/wp-content\/uploads\/2024\/11\/journaliste_agresse.jpg","_links":{"self":[{"href":"https:\/\/cieldeguinee.net\/index.php\/wp-json\/wp\/v2\/posts\/1719","targetHints":{"allow":["GET"]}}],"collection":[{"href":"https:\/\/cieldeguinee.net\/index.php\/wp-json\/wp\/v2\/posts"}],"about":[{"href":"https:\/\/cieldeguinee.net\/index.php\/wp-json\/wp\/v2\/types\/post"}],"author":[{"embeddable":true,"href":"https:\/\/cieldeguinee.net\/index.php\/wp-json\/wp\/v2\/users\/2"}],"replies":[{"embeddable":true,"href":"https:\/\/cieldeguinee.net\/index.php\/wp-json\/wp\/v2\/comments?post=1719"}],"version-history":[{"count":0,"href":"https:\/\/cieldeguinee.net\/index.php\/wp-json\/wp\/v2\/posts\/1719\/revisions"}],"wp:featuredmedia":[{"embeddable":true,"href":"https:\/\/cieldeguinee.net\/index.php\/wp-json\/wp\/v2\/media\/1720"}],"wp:attachment":[{"href":"https:\/\/cieldeguinee.net\/index.php\/wp-json\/wp\/v2\/media?parent=1719"}],"wp:term":[{"taxonomy":"category","embeddable":true,"href":"https:\/\/cieldeguinee.net\/index.php\/wp-json\/wp\/v2\/categories?post=1719"},{"taxonomy":"post_tag","embeddable":true,"href":"https:\/\/cieldeguinee.net\/index.php\/wp-json\/wp\/v2\/tags?post=1719"}],"curies":[{"name":"wp","href":"https:\/\/api.w.org\/{rel}","templated":true}]}}