{"id":1793,"date":"2024-11-27T16:34:57","date_gmt":"2024-11-27T15:34:57","guid":{"rendered":"https:\/\/cieldeguinee.net\/?p=1793"},"modified":"2024-11-27T16:34:57","modified_gmt":"2024-11-27T15:34:57","slug":"soutien-au-cnrd-makanera-kake-appelle-les-guineens-a-privilegier-la-paix-et-lunite","status":"publish","type":"post","link":"https:\/\/cieldeguinee.net\/index.php\/soutien-au-cnrd-makanera-kake-appelle-les-guineens-a-privilegier-la-paix-et-lunite\/","title":{"rendered":"Soutien au CNRD : Makanera Kak\u00e9 appelle les Guin\u00e9ens \u00e0 privil\u00e9gier la paix et l&rsquo;unit\u00e9"},"content":{"rendered":"<p><strong><em>Lors d\u2019une conf\u00e9rence de presse tenue ce mercredi 27 novembre 2024, Alhousseine Makanera Kak\u00e9, ancien ministre de la Communication et pr\u00e9sident du Front National pour la D\u00e9mocratie (FND), a partag\u00e9 les conclusions de sa r\u00e9cente tourn\u00e9e en Guin\u00e9e Foresti\u00e8re aux c\u00f4t\u00e9s d&rsquo;Amara Camara, ministre secr\u00e9taire g\u00e9n\u00e9ral \u00e0 la pr\u00e9sidence. <\/em><\/strong><\/p>\n<p>Cette mission, ax\u00e9e sur la paix et la coh\u00e9sion sociale, a permis \u00e0 la d\u00e9l\u00e9gation d\u2019\u00e9valuer la perception des populations sur les actions du Comit\u00e9 National du Rassemblement pour le D\u00e9veloppement (CNRD).<\/p>\n<p>Makanera Kak\u00e9, face aux journalistes, a salu\u00e9 l&rsquo;accueil et la maturit\u00e9 des populations rencontr\u00e9es, tout en appelant \u00e0 un soutien massif aux id\u00e9aux de paix pr\u00f4n\u00e9s par le CNRD. \u00ab Cette mission avait un seul objectif : la paix. Nous avons d\u00e9couvert une grande maturit\u00e9, tant de la part des populations \u00e0 la base que des membres de notre d\u00e9l\u00e9gation. Cela d\u00e9montre qu&rsquo;il existe parfois un \u00e9cart significatif entre la perception des gens et la r\u00e9alit\u00e9. C\u2019est pourquoi, m\u00eame si certains ne soutiennent pas le CNRD, il est important de reconna\u00eetre et d\u2019appuyer sa vision, car elle repose sur la paix, la tranquillit\u00e9 et le d\u00e9veloppement \u00bb, a-t-il d\u00e9clar\u00e9.<\/p>\n<p>Sur le plan \u00e9conomique, Makanera Kak\u00e9 a mis en avant des progr\u00e8s significatifs : \u00ab Ce matin, en consultant certains indicateurs macro\u00e9conomiques, j\u2019ai \u00e9t\u00e9 surpris. Quand je quittais l\u2019Assembl\u00e9e, notre PIB \u00e9tait de 15 milliards de dollars. Aujourd\u2019hui, il est estim\u00e9 \u00e0 23,6 milliards de dollars, avec une pr\u00e9vision de 26 milliards d\u2019ici quatre ans. Pour rappel, depuis l\u2019ind\u00e9pendance jusqu\u2019en 2010, notre PIB n\u2019atteignait que 6 milliards. Ces chiffres montrent une avanc\u00e9e remarquable sous la direction actuelle. \u00bb<\/p>\n<p>Abordant la question de la r\u00e9conciliation nationale, il a soulign\u00e9 les r\u00e9formes apport\u00e9es par le CNRD, notamment la transformation du Comit\u00e9 provisoire pour la r\u00e9conciliation nationale. \u00ab La paix est une valeur fondamentale. En tant que musulmans, nous pronon\u00e7ons des salutations de paix plusieurs fois par jour. Si nous nous battons entre nous, c\u2019est que nous avons perdu cette voie de s\u00e9r\u00e9nit\u00e9. J\u2019invite tous ceux qui partagent ma vision \u00e0 soutenir les efforts de paix et de tranquillit\u00e9 du CNRD \u00bb, a-t-il ajout\u00e9.<\/p>\n<p>Pour conclure, Makanera Kak\u00e9 a exprim\u00e9 un message d\u2019espoir et de fiert\u00e9 envers la Guin\u00e9e : \u00ab Certains disaient que la Guin\u00e9e \u00e9tait un paradis et d\u2019autres s\u2019en moquaient. Mais je vous assure, j\u2019ai vu les signes de ce paradis en devenir. J\u2019encourage chacun \u00e0 explorer cette opportunit\u00e9 et \u00e0 croire en notre avenir commun. \u00bb<\/p>\n<p>Un appel \u00e0 la paix, \u00e0 l\u2019unit\u00e9 et au soutien des id\u00e9aux du CNRD, lanc\u00e9 avec ferveur par une figure politique d\u00e9termin\u00e9e \u00e0 accompagner le d\u00e9veloppement du pays.<\/p>\n<p>Sana Sylla<\/p>\n<p>&nbsp;<\/p>\n","protected":false},"excerpt":{"rendered":"<p>Lors d\u2019une conf\u00e9rence de presse tenue ce mercredi 27 novembre 2024, Alhousseine Makanera Kak\u00e9, ancien ministre de la Communication et pr\u00e9sident du Front National pour la D\u00e9mocratie (FND), a partag\u00e9 les conclusions de sa r\u00e9cente tourn\u00e9e en Guin\u00e9e Foresti\u00e8re aux c\u00f4t\u00e9s d&rsquo;Amara Camara, ministre secr\u00e9taire g\u00e9n\u00e9ral \u00e0 la pr\u00e9sidence. Cette mission, ax\u00e9e sur la paix [&hellip;]<\/p>\n","protected":false},"author":2,"featured_media":1794,"comment_status":"closed","ping_status":"closed","sticky":false,"template":"","format":"standard","meta":{"footnotes":""},"categories":[3],"tags":[],"class_list":{"0":"post-1793","1":"post","2":"type-post","3":"status-publish","4":"format-standard","5":"has-post-thumbnail","7":"category-politique"},"jetpack_featured_media_url":"https:\/\/cieldeguinee.net\/wp-content\/uploads\/2024\/11\/IMG-20241127-WA0007.jpg","_links":{"self":[{"href":"https:\/\/cieldeguinee.net\/index.php\/wp-json\/wp\/v2\/posts\/1793","targetHints":{"allow":["GET"]}}],"collection":[{"href":"https:\/\/cieldeguinee.net\/index.php\/wp-json\/wp\/v2\/posts"}],"about":[{"href":"https:\/\/cieldeguinee.net\/index.php\/wp-json\/wp\/v2\/types\/post"}],"author":[{"embeddable":true,"href":"https:\/\/cieldeguinee.net\/index.php\/wp-json\/wp\/v2\/users\/2"}],"replies":[{"embeddable":true,"href":"https:\/\/cieldeguinee.net\/index.php\/wp-json\/wp\/v2\/comments?post=1793"}],"version-history":[{"count":0,"href":"https:\/\/cieldeguinee.net\/index.php\/wp-json\/wp\/v2\/posts\/1793\/revisions"}],"wp:featuredmedia":[{"embeddable":true,"href":"https:\/\/cieldeguinee.net\/index.php\/wp-json\/wp\/v2\/media\/1794"}],"wp:attachment":[{"href":"https:\/\/cieldeguinee.net\/index.php\/wp-json\/wp\/v2\/media?parent=1793"}],"wp:term":[{"taxonomy":"category","embeddable":true,"href":"https:\/\/cieldeguinee.net\/index.php\/wp-json\/wp\/v2\/categories?post=1793"},{"taxonomy":"post_tag","embeddable":true,"href":"https:\/\/cieldeguinee.net\/index.php\/wp-json\/wp\/v2\/tags?post=1793"}],"curies":[{"name":"wp","href":"https:\/\/api.w.org\/{rel}","templated":true}]}}