{"id":1800,"date":"2024-11-28T07:55:13","date_gmt":"2024-11-28T06:55:13","guid":{"rendered":"https:\/\/cieldeguinee.net\/?p=1800"},"modified":"2024-11-28T07:55:13","modified_gmt":"2024-11-28T06:55:13","slug":"passeports-biometriques-guineens-coup-de-main-historique-du-general-refondateur-aux-compatriotes-de-la-diaspora","status":"publish","type":"post","link":"https:\/\/cieldeguinee.net\/index.php\/passeports-biometriques-guineens-coup-de-main-historique-du-general-refondateur-aux-compatriotes-de-la-diaspora\/","title":{"rendered":"Passeports biom\u00e9triques guin\u00e9ens: Coup de main historique du G\u00e9n\u00e9ral-refondateur aux compatriotes de la diaspora."},"content":{"rendered":"<p>Lorsqu&rsquo;il est question de voler au secours de ses concitoyens en g\u00e9n\u00e9ral, et ceux de la diaspora en particulier, ceux qui sont dans la d\u00e9tresse, loin de la terre de leurs anc\u00eatres, la R\u00e9publique de Guin\u00e9e, en l&rsquo;occurrence, pour le G\u00e9n\u00e9ral-Pr\u00e9sident Mamadi Doumbouya, le P\u00e8re de la Nation, il n&rsquo;ya pas une seule seconde \u00e0 perdre. Il faut agir et parer au plus press\u00e9.<\/p>\n<p>Le G\u00e9n\u00e9ral-refondateur voit, toujours, les choses en grand pour la Guin\u00e9e, pays, jadis aux abois, qu&rsquo;il est en train de remettre sur pied, avec dext\u00e9rit\u00e9, savoir-faire et sens \u00e9lev\u00e9 du devoir republicain.<\/p>\n<p>Sans conteste, le G\u00e9n\u00e9ral Mamadi Doumbouya se fait du souci pour ses compatriotes confront\u00e9s \u00e0 des difficult\u00e9s d&rsquo;ordre administratif \u00e0 l&rsquo;ext\u00e9rieur de notre ch\u00e8re patrie, notre \u00ab\u00a0Paradis\u00a0\u00bb avec le M\u00e9ga-Projet Simandou 2040.<\/p>\n<p>D\u00e9termin\u00e9 \u00e0 servir, avec humilit\u00e9, ses compatriotes vivant aux quatre coins du Monde, le Pr\u00e9sident de la R\u00e9publique, Chef de l&rsquo;Etat, Chef Supr\u00eame des Forces Arm\u00e9es, Son Excellence le G\u00e9n\u00e9ral d&rsquo;arm\u00e9e Mamadi Doumbouya, vient de prendre une d\u00e9cision historique, une d\u00e9cision phare qui va clairement redonner l&rsquo;espoir et le sourire aux Guin\u00e9ennes et Guin\u00e9ens priv\u00e9s de passeports \u00e0 l&rsquo;\u00e9tranger. Coinc\u00e9s entre le marteau et l&rsquo;enclume, loin de chez eux.<\/p>\n<p>En effet, le G\u00e9n\u00e9ral-Patriote, l&rsquo;Homme providentiel du 05 septembre 2021, d\u00e9cide de faire sien le calvaire de ces compatriotes et prend les choses en main.<\/p>\n<p>Pragmatique, r\u00e9aliste, le Pr\u00e9sident de la R\u00e9publique, qui brille et rayonne par les nombreux et divers actes concrets, pos\u00e9s en cascade, depuis le 05 septembre 2021, instruit le Minist\u00e8re de la S\u00e9curit\u00e9 et de la Protection Civile et celui des Affaires Etrang\u00e8res, de l&rsquo; Int\u00e9gration Africaine et des Guin\u00e9ens \u00e9tablis \u00e0 l&rsquo;Etranger, de tout mettre en \u0153uvre pour aider au plus vite, dans les r\u00e8gles de l&rsquo;art, les Guin\u00e9ens de la diaspora priv\u00e9s de passeports biom\u00e9triques.<\/p>\n<p>Pour le Chef de l&rsquo;Etat, P\u00e8re de la Nation, l&rsquo;obtention d&rsquo;un passeport guin\u00e9en pour les Guin\u00e9ennes et Guin\u00e9ens ne doit plus jamais \u00eatre un privil\u00e8ge, mais, en clair, un droit inali\u00e9nable.<\/p>\n<p>Sous les directives \u00e9clair\u00e9es du visionnaire, le G\u00e9n\u00e9ral d&rsquo;arm\u00e9e Mamadi Doumbouya, toutes les repr\u00e9sentations diplomatiques et consulaires de la R\u00e9publique de Guin\u00e9e sont d\u00e9sormais mobilis\u00e9es et invit\u00e9es \u00e0 rassembler toutes leurs \u00e9nergies, toutes leurs forces, dans le but de prendre en charge, dans les meilleurs d\u00e9lais, les compatriotes en difficult\u00e9s \u00e0 l&rsquo;\u00e9tranger pour cause de passeports non valides. Il faut rappeler que plusieurs d&rsquo;entre eux en ont v\u00e9ritablement besoin pour pouvoir travailler l\u00e9galement dans leur pays d&rsquo;accueil. Le P\u00e8re de la Nation garde un \u0153il permanent sur ce dossier qui lui tient v\u00e9ritablement \u00e0 c\u0153ur.<br \/>\nDepuis sa prise de responsabilit\u00e9 salvatrice, salutaire et salu\u00e9e le 05 septembre 2021, le Pr\u00e9sident de la R\u00e9publique fait de son cheval de bataille l&rsquo;am\u00e9lioration significative des conditions de vie de ses concitoyens de l&rsquo;int\u00e9rieur et de l&rsquo;ext\u00e9rieur. Sous le leadership \u00e9clair\u00e9 du G\u00e9n\u00e9ral-Pr\u00e9sident de g\u00e9nie, chaque Guin\u00e9enne, chaque Guin\u00e9en, aussi bien de l&rsquo;int\u00e9rieur que de la diaspora, doit trouver, en beaut\u00e9, son compte dans la refondation en cours au pays du grand panafricaniste, feu Ahmed S\u00e9kou Tour\u00e9.<\/p>\n<p>Avec l&rsquo;illustre enfant prodige de Kankan-Nabaya, digne h\u00e9ritier de la Maman Nationale, Hadja Mandioula Sylla, la R\u00e9publique de Guin\u00e9e est plus que jamais d\u00e9bout. Elle est en marche vers un avenir radieux, des lendemains meilleurs.<\/p>\n<p>Gr\u00e2ce \u00e0 l&rsquo;engagement et la d\u00e9termination sans faille de l&rsquo;intr\u00e9pide G\u00e9n\u00e9ral cinq \u00e9toiles, sous sa haute et clairvoyante direction avis\u00e9e, la refondation va aboutir, \u00e0 terme, \u00e0 l&rsquo;atteinte des nobles objectifs du CNRD pour le plus grand bonheur de tous les Guin\u00e9ens. Sans exclusive. \u00c0 vos ordres, mon G\u00e9n\u00e9ral !<\/p>\n<p>Mandian SIDIB\u00c9, Journaliste<\/p>\n","protected":false},"excerpt":{"rendered":"<p>Lorsqu&rsquo;il est question de voler au secours de ses concitoyens en g\u00e9n\u00e9ral, et ceux de la diaspora en particulier, ceux qui sont dans la d\u00e9tresse, loin de la terre de leurs anc\u00eatres, la R\u00e9publique de Guin\u00e9e, en l&rsquo;occurrence, pour le G\u00e9n\u00e9ral-Pr\u00e9sident Mamadi Doumbouya, le P\u00e8re de la Nation, il n&rsquo;ya pas une seule seconde \u00e0 [&hellip;]<\/p>\n","protected":false},"author":2,"featured_media":662,"comment_status":"closed","ping_status":"closed","sticky":false,"template":"","format":"standard","meta":{"footnotes":""},"categories":[3],"tags":[],"class_list":{"0":"post-1800","1":"post","2":"type-post","3":"status-publish","4":"format-standard","5":"has-post-thumbnail","7":"category-politique"},"jetpack_featured_media_url":"https:\/\/cieldeguinee.net\/wp-content\/uploads\/2023\/12\/mandian.webp","_links":{"self":[{"href":"https:\/\/cieldeguinee.net\/index.php\/wp-json\/wp\/v2\/posts\/1800","targetHints":{"allow":["GET"]}}],"collection":[{"href":"https:\/\/cieldeguinee.net\/index.php\/wp-json\/wp\/v2\/posts"}],"about":[{"href":"https:\/\/cieldeguinee.net\/index.php\/wp-json\/wp\/v2\/types\/post"}],"author":[{"embeddable":true,"href":"https:\/\/cieldeguinee.net\/index.php\/wp-json\/wp\/v2\/users\/2"}],"replies":[{"embeddable":true,"href":"https:\/\/cieldeguinee.net\/index.php\/wp-json\/wp\/v2\/comments?post=1800"}],"version-history":[{"count":0,"href":"https:\/\/cieldeguinee.net\/index.php\/wp-json\/wp\/v2\/posts\/1800\/revisions"}],"wp:featuredmedia":[{"embeddable":true,"href":"https:\/\/cieldeguinee.net\/index.php\/wp-json\/wp\/v2\/media\/662"}],"wp:attachment":[{"href":"https:\/\/cieldeguinee.net\/index.php\/wp-json\/wp\/v2\/media?parent=1800"}],"wp:term":[{"taxonomy":"category","embeddable":true,"href":"https:\/\/cieldeguinee.net\/index.php\/wp-json\/wp\/v2\/categories?post=1800"},{"taxonomy":"post_tag","embeddable":true,"href":"https:\/\/cieldeguinee.net\/index.php\/wp-json\/wp\/v2\/tags?post=1800"}],"curies":[{"name":"wp","href":"https:\/\/api.w.org\/{rel}","templated":true}]}}