{"id":1805,"date":"2024-11-30T23:44:12","date_gmt":"2024-11-30T22:44:12","guid":{"rendered":"https:\/\/cieldeguinee.net\/?p=1805"},"modified":"2024-11-30T23:44:12","modified_gmt":"2024-11-30T22:44:12","slug":"diplomatie-general-mounir-cisse-nomme-ambassadeur-de-la-guinee-en-egypte","status":"publish","type":"post","link":"https:\/\/cieldeguinee.net\/index.php\/diplomatie-general-mounir-cisse-nomme-ambassadeur-de-la-guinee-en-egypte\/","title":{"rendered":"Diplomatie: G\u00e9n\u00e9ral Mounir Ciss\u00e9 nomm\u00e9 ambassadeur de la Guin\u00e9e  en \u00c9gypte"},"content":{"rendered":"<p style=\"text-align: left\">La R\u00e9publique de Guin\u00e9e se dote d&rsquo;un nouvel ambassadeur en \u00c9gypte. Le G\u00e9n\u00e9ral Mounir Ciss\u00e9, contr\u00f4leur g\u00e9n\u00e9ral de police, a \u00e9t\u00e9 officiellement d\u00e9sign\u00e9 ambassadeur pl\u00e9nipotentiaire par un d\u00e9cret pr\u00e9sidentiel lu ce soir au journal t\u00e9l\u00e9vis\u00e9 de 20h30 sur la RTG.<\/p>\n<p>Cette nomination marque un tournant dans la carri\u00e8re de ce haut grad\u00e9 connu pour sa discr\u00e9tion. Ancien proche collaborateur du g\u00e9n\u00e9ral S\u00e9kouba Konat\u00e9, Mounir Ciss\u00e9 s\u2019est distingu\u00e9 par sa prudence et son effacement de la sc\u00e8ne publique, notamment sous le r\u00e9gime du pr\u00e9sident Alpha Cond\u00e9, o\u00f9 il occupait le poste de Directeur G\u00e9n\u00e9ral adjoint du Patrimoine B\u00e2ti Public.<\/p>\n<p>Bien qu\u2019il ait \u00e9t\u00e9 peu expos\u00e9 m\u00e9diatiquement, son exp\u00e9rience et sa connaissance des rouages administratifs pourraient \u00eatre des atouts dans ses nouvelles fonctions diplomatiques. Ce choix illustre une volont\u00e9 du gouvernement guin\u00e9en de diversifier les profils \u00e0 la t\u00eate de ses repr\u00e9sentations diplomatiques strat\u00e9giques.<\/p>\n<p>Mohamed Kaba<\/p>\n<p>&nbsp;<\/p>\n","protected":false},"excerpt":{"rendered":"<p>La R\u00e9publique de Guin\u00e9e se dote d&rsquo;un nouvel ambassadeur en \u00c9gypte. Le G\u00e9n\u00e9ral Mounir Ciss\u00e9, contr\u00f4leur g\u00e9n\u00e9ral de police, a \u00e9t\u00e9 officiellement d\u00e9sign\u00e9 ambassadeur pl\u00e9nipotentiaire par un d\u00e9cret pr\u00e9sidentiel lu ce soir au journal t\u00e9l\u00e9vis\u00e9 de 20h30 sur la RTG. Cette nomination marque un tournant dans la carri\u00e8re de ce haut grad\u00e9 connu pour sa [&hellip;]<\/p>\n","protected":false},"author":2,"featured_media":1806,"comment_status":"closed","ping_status":"closed","sticky":false,"template":"","format":"standard","meta":{"footnotes":""},"categories":[3],"tags":[],"class_list":{"0":"post-1805","1":"post","2":"type-post","3":"status-publish","4":"format-standard","5":"has-post-thumbnail","7":"category-politique"},"jetpack_featured_media_url":"https:\/\/cieldeguinee.net\/wp-content\/uploads\/2024\/11\/FB_IMG_1733006152323.jpg","_links":{"self":[{"href":"https:\/\/cieldeguinee.net\/index.php\/wp-json\/wp\/v2\/posts\/1805","targetHints":{"allow":["GET"]}}],"collection":[{"href":"https:\/\/cieldeguinee.net\/index.php\/wp-json\/wp\/v2\/posts"}],"about":[{"href":"https:\/\/cieldeguinee.net\/index.php\/wp-json\/wp\/v2\/types\/post"}],"author":[{"embeddable":true,"href":"https:\/\/cieldeguinee.net\/index.php\/wp-json\/wp\/v2\/users\/2"}],"replies":[{"embeddable":true,"href":"https:\/\/cieldeguinee.net\/index.php\/wp-json\/wp\/v2\/comments?post=1805"}],"version-history":[{"count":0,"href":"https:\/\/cieldeguinee.net\/index.php\/wp-json\/wp\/v2\/posts\/1805\/revisions"}],"wp:featuredmedia":[{"embeddable":true,"href":"https:\/\/cieldeguinee.net\/index.php\/wp-json\/wp\/v2\/media\/1806"}],"wp:attachment":[{"href":"https:\/\/cieldeguinee.net\/index.php\/wp-json\/wp\/v2\/media?parent=1805"}],"wp:term":[{"taxonomy":"category","embeddable":true,"href":"https:\/\/cieldeguinee.net\/index.php\/wp-json\/wp\/v2\/categories?post=1805"},{"taxonomy":"post_tag","embeddable":true,"href":"https:\/\/cieldeguinee.net\/index.php\/wp-json\/wp\/v2\/tags?post=1805"}],"curies":[{"name":"wp","href":"https:\/\/api.w.org\/{rel}","templated":true}]}}