{"id":1888,"date":"2025-01-07T12:48:09","date_gmt":"2025-01-07T11:48:09","guid":{"rendered":"https:\/\/cieldeguinee.net\/?p=1888"},"modified":"2025-01-07T12:48:09","modified_gmt":"2025-01-07T11:48:09","slug":"tpi-de-kaloum-aliou-bah-condamne-a-2-demprisonnement-ferme","status":"publish","type":"post","link":"https:\/\/cieldeguinee.net\/index.php\/tpi-de-kaloum-aliou-bah-condamne-a-2-demprisonnement-ferme\/","title":{"rendered":"TPI de Kaloum: Aliou Bah condamn\u00e9 \u00e0 2 d&#8217;emprisonnement ferme !"},"content":{"rendered":"<p>Ce mardi 7 janvier 2025, le tribunal de premi\u00e8re instance de Kaloum, \u00e0 Conakry, a rendu son verdict dans une affaire qui a capt\u00e9 l\u2019attention de l\u2019opinion publique guin\u00e9enne. Aliou Bah, figure politique bien connue, a \u00e9t\u00e9 reconnu coupable des faits d\u2019outrage et de diffamation \u00e0 l\u2019endroit du chef de l\u2019\u00c9tat, le g\u00e9n\u00e9ral Mamadi Doumbouya. Pour la r\u00e9pression,\u00a0 Il a \u00e9t\u00e9 condamn\u00e9 \u00e0 2 ans de prison ferme.<\/p>\n<p>Les accusations port\u00e9es contre Aliou Bah d\u00e9coulaient de d\u00e9clarations jug\u00e9es offensantes \u00e0 l\u2019\u00e9gard du pr\u00e9sident de la transition guin\u00e9enne. Selon les autorit\u00e9s judiciaires, ces propos ont \u00e9t\u00e9 consid\u00e9r\u00e9s comme une atteinte \u00e0 l\u2019honneur et \u00e0 la dignit\u00e9 du chef de l\u2019\u00c9tat, dans un contexte o\u00f9 les discours politiques sont scrut\u00e9s de pr\u00e8s.<\/p>\n<p>Le jugement a suscit\u00e9 des r\u00e9actions contrast\u00e9es. Si certains estiment que cette d\u00e9cision est une d\u00e9fense l\u00e9gitime des institutions de la R\u00e9publique, d\u2019autres y voient une menace pour la libert\u00e9 d\u2019expression et une tentative de museler l\u2019opposition politique.<\/p>\n<p>Pour l\u2019heure, les proches de l\u2019accus\u00e9 n\u2019ont pas encore annonc\u00e9 s\u2019ils comptent faire appel de la d\u00e9cision. Ce verdict relance n\u00e9anmoins le d\u00e9bat sur les limites entre libert\u00e9 d\u2019expression et respect des institutions dans un pays en pleine transition politique.<\/p>\n<p>Avec ce verdict, la Guin\u00e9e r\u00e9affirme son attachement \u00e0 la protection de l\u2019image des dirigeants, mais le d\u00e9fi reste de garantir un \u00e9quilibre entre la libert\u00e9 d\u2019opinion et le respect des lois en vigueur.<\/p>\n<p>Tamba OULARE<\/p>\n<p>&nbsp;<\/p>\n","protected":false},"excerpt":{"rendered":"<p>Ce mardi 7 janvier 2025, le tribunal de premi\u00e8re instance de Kaloum, \u00e0 Conakry, a rendu son verdict dans une affaire qui a capt\u00e9 l\u2019attention de l\u2019opinion publique guin\u00e9enne. Aliou Bah, figure politique bien connue, a \u00e9t\u00e9 reconnu coupable des faits d\u2019outrage et de diffamation \u00e0 l\u2019endroit du chef de l\u2019\u00c9tat, le g\u00e9n\u00e9ral Mamadi Doumbouya. [&hellip;]<\/p>\n","protected":false},"author":2,"featured_media":1890,"comment_status":"closed","ping_status":"closed","sticky":false,"template":"","format":"standard","meta":{"footnotes":""},"categories":[3],"tags":[],"class_list":{"0":"post-1888","1":"post","2":"type-post","3":"status-publish","4":"format-standard","5":"has-post-thumbnail","7":"category-politique"},"jetpack_featured_media_url":"https:\/\/cieldeguinee.net\/wp-content\/uploads\/2025\/01\/20241231_140221-1.jpg","_links":{"self":[{"href":"https:\/\/cieldeguinee.net\/index.php\/wp-json\/wp\/v2\/posts\/1888","targetHints":{"allow":["GET"]}}],"collection":[{"href":"https:\/\/cieldeguinee.net\/index.php\/wp-json\/wp\/v2\/posts"}],"about":[{"href":"https:\/\/cieldeguinee.net\/index.php\/wp-json\/wp\/v2\/types\/post"}],"author":[{"embeddable":true,"href":"https:\/\/cieldeguinee.net\/index.php\/wp-json\/wp\/v2\/users\/2"}],"replies":[{"embeddable":true,"href":"https:\/\/cieldeguinee.net\/index.php\/wp-json\/wp\/v2\/comments?post=1888"}],"version-history":[{"count":0,"href":"https:\/\/cieldeguinee.net\/index.php\/wp-json\/wp\/v2\/posts\/1888\/revisions"}],"wp:featuredmedia":[{"embeddable":true,"href":"https:\/\/cieldeguinee.net\/index.php\/wp-json\/wp\/v2\/media\/1890"}],"wp:attachment":[{"href":"https:\/\/cieldeguinee.net\/index.php\/wp-json\/wp\/v2\/media?parent=1888"}],"wp:term":[{"taxonomy":"category","embeddable":true,"href":"https:\/\/cieldeguinee.net\/index.php\/wp-json\/wp\/v2\/categories?post=1888"},{"taxonomy":"post_tag","embeddable":true,"href":"https:\/\/cieldeguinee.net\/index.php\/wp-json\/wp\/v2\/tags?post=1888"}],"curies":[{"name":"wp","href":"https:\/\/api.w.org\/{rel}","templated":true}]}}