{"id":1894,"date":"2025-01-07T17:42:20","date_gmt":"2025-01-07T16:42:20","guid":{"rendered":"https:\/\/cieldeguinee.net\/?p=1894"},"modified":"2025-01-07T17:42:20","modified_gmt":"2025-01-07T16:42:20","slug":"tpi-de-kaloum-cellou-dalein-diallo-sinsurge-contre-la-condamnation-daliou-bah-la-qualifiant-de-farce-judiciaire","status":"publish","type":"post","link":"https:\/\/cieldeguinee.net\/index.php\/tpi-de-kaloum-cellou-dalein-diallo-sinsurge-contre-la-condamnation-daliou-bah-la-qualifiant-de-farce-judiciaire\/","title":{"rendered":"TPI de Kaloum: Cellou Dalein Diallo s\u2019insurge contre la condamnation d\u2019Aliou Bah la qualifiant de \u00a0\u00bb farce judiciaire \u00ab\u00a0"},"content":{"rendered":"<p><strong><em>Le leader de l\u2019Union des Forces D\u00e9mocratiques de Guin\u00e9e (UFDG), Mamadou Cellou Dalein Diallo, a vivement d\u00e9nonc\u00e9 ce mardi 07 janvier 2025, \u00e0 travers une publication sur sa page Facebook, la condamnation d\u2019Aliou Bah, pr\u00e9sident du parti Model, \u00e0 deux ans de prison ferme pour offense au Chef de l\u2019\u00c9tat<\/em><\/strong>.<\/p>\n<p>Ce verdict, prononc\u00e9 par le Tribunal de Premi\u00e8re Instance de Kaloum, suscite une vague d\u2019indignation dans les rangs de l\u2019opposition et parmi les d\u00e9fenseurs des droits humains.<\/p>\n<p>Cellou Dalein Diallo a qualifi\u00e9 cette d\u00e9cision de \u00ab farce judiciaire \u00bb et fustig\u00e9 ce qu\u2019il consid\u00e8re comme une man\u0153uvre r\u00e9pressive destin\u00e9e \u00e0 museler toute forme de contestation. Selon lui, les accusations port\u00e9es contre Aliou Bah sont \u00ab grotesques et inqui\u00e9tantes \u00bb et illustrent une volont\u00e9 manifeste de punir un acte l\u00e9gitime de critique envers un r\u00e9gime qu\u2019il accuse de d\u00e9rives autoritaires.<\/p>\n<p>Pour le chef de l\u2019UFDG, cette sentence marque une nouvelle \u00e9tape dans l\u2019escalade de la r\u00e9pression en Guin\u00e9e, o\u00f9 les libert\u00e9s fondamentales seraient constamment bafou\u00e9es. \u00ab Le d\u00e9lit d\u2019Aliou Bah ? Exercer ce qui reste d\u2019un droit fondamental dans un pays o\u00f9 les libert\u00e9s se meurent \u00e0 petit feu \u00bb, a-t-il d\u00e9clar\u00e9. Diallo a qualifi\u00e9 ce verdict d\u2019\u00ab absurde \u00bb et a estim\u00e9 qu\u2019il refl\u00e9tait la volont\u00e9 de la junte de r\u00e9duire l\u2019opposition au silence par la peur et l\u2019intimidation.<\/p>\n<p>Cellou Dalein Diallo a \u00e9galement d\u00e9nonc\u00e9 ce qu\u2019il appelle une <em><strong>\u00ab journ\u00e9e funeste pour la d\u00e9mocratie, les libert\u00e9s et les droits humains en Guin\u00e9e \u00bb<\/strong><\/em>. Il a exig\u00e9 la lib\u00e9ration imm\u00e9diate et inconditionnelle d\u2019Aliou Bah et appel\u00e9 \u00e0 une mobilisation pour d\u00e9fendre les libert\u00e9s fondamentales. \u00ab Le peuple guin\u00e9en ne se laissera pas r\u00e9duire au silence par la terreur judiciaire d\u2019une junte aux abois \u00bb, a-t-il affirm\u00e9, tout en r\u00e9it\u00e9rant son engagement \u00e0 continuer la lutte pour une Guin\u00e9e d\u00e9mocratique.<\/p>\n<p>Ce nouvel \u00e9pisode judiciaire alimente les inqui\u00e9tudes croissantes sur l\u2019\u00e9tat des droits humains et de la libert\u00e9 d\u2019expression en Guin\u00e9e, pla\u00e7ant une fois de plus le pays sous les projecteurs de la communaut\u00e9 internationale.<\/p>\n<p>Tamba OULAR\u00c9<\/p>\n<blockquote><p>&nbsp;<\/p><\/blockquote>\n<p>&nbsp;<\/p>\n","protected":false},"excerpt":{"rendered":"<p>Le leader de l\u2019Union des Forces D\u00e9mocratiques de Guin\u00e9e (UFDG), Mamadou Cellou Dalein Diallo, a vivement d\u00e9nonc\u00e9 ce mardi 07 janvier 2025, \u00e0 travers une publication sur sa page Facebook, la condamnation d\u2019Aliou Bah, pr\u00e9sident du parti Model, \u00e0 deux ans de prison ferme pour offense au Chef de l\u2019\u00c9tat. Ce verdict, prononc\u00e9 par le [&hellip;]<\/p>\n","protected":false},"author":2,"featured_media":1895,"comment_status":"closed","ping_status":"closed","sticky":false,"template":"","format":"standard","meta":{"footnotes":""},"categories":[3],"tags":[],"class_list":{"0":"post-1894","1":"post","2":"type-post","3":"status-publish","4":"format-standard","5":"has-post-thumbnail","7":"category-politique"},"jetpack_featured_media_url":"https:\/\/cieldeguinee.net\/wp-content\/uploads\/2025\/01\/FB_IMG_1736266487486.jpg","_links":{"self":[{"href":"https:\/\/cieldeguinee.net\/index.php\/wp-json\/wp\/v2\/posts\/1894","targetHints":{"allow":["GET"]}}],"collection":[{"href":"https:\/\/cieldeguinee.net\/index.php\/wp-json\/wp\/v2\/posts"}],"about":[{"href":"https:\/\/cieldeguinee.net\/index.php\/wp-json\/wp\/v2\/types\/post"}],"author":[{"embeddable":true,"href":"https:\/\/cieldeguinee.net\/index.php\/wp-json\/wp\/v2\/users\/2"}],"replies":[{"embeddable":true,"href":"https:\/\/cieldeguinee.net\/index.php\/wp-json\/wp\/v2\/comments?post=1894"}],"version-history":[{"count":0,"href":"https:\/\/cieldeguinee.net\/index.php\/wp-json\/wp\/v2\/posts\/1894\/revisions"}],"wp:featuredmedia":[{"embeddable":true,"href":"https:\/\/cieldeguinee.net\/index.php\/wp-json\/wp\/v2\/media\/1895"}],"wp:attachment":[{"href":"https:\/\/cieldeguinee.net\/index.php\/wp-json\/wp\/v2\/media?parent=1894"}],"wp:term":[{"taxonomy":"category","embeddable":true,"href":"https:\/\/cieldeguinee.net\/index.php\/wp-json\/wp\/v2\/categories?post=1894"},{"taxonomy":"post_tag","embeddable":true,"href":"https:\/\/cieldeguinee.net\/index.php\/wp-json\/wp\/v2\/tags?post=1894"}],"curies":[{"name":"wp","href":"https:\/\/api.w.org\/{rel}","templated":true}]}}