{"id":1970,"date":"2025-01-24T17:14:48","date_gmt":"2025-01-24T16:14:48","guid":{"rendered":"https:\/\/cieldeguinee.net\/?p=1970"},"modified":"2025-01-28T13:38:44","modified_gmt":"2025-01-28T12:38:44","slug":"yarawadou-koro-de-la-sous-prefecture-de-kobikoro-un-fils-du-village-offre-une-ecole-a-sa-communaute","status":"publish","type":"post","link":"https:\/\/cieldeguinee.net\/index.php\/yarawadou-koro-de-la-sous-prefecture-de-kobikoro-un-fils-du-village-offre-une-ecole-a-sa-communaute\/","title":{"rendered":"Yarawadou K\u00f4ro de la sous-pr\u00e9fecture de Kobikoro : Un fils du village offre une \u00e9cole \u00e0 sa communaut\u00e9"},"content":{"rendered":"<p>En termes de participation citoyenne aux actions de d\u00e9veloppement local, Faya Y\u00f4ff\u00f4 CAMARA, commer\u00e7ant domicili\u00e9 \u00e0 Kissidougou et originaire de Yarawadou K\u00f4r\u00f4, situ\u00e9 dans le district de Yomadou, sous-pr\u00e9fecture de Kobikoro, pr\u00e9fecture de Faranah, a offert en ce 11 janvier 2025, une \u00e9cole de deux salles de classes et une direction \u00e0 sa communaut\u00e9. L\u2019\u00e9cole a \u00e9t\u00e9 construite sur fonds propre et mise \u00e0 la disposition du Gouvernement Guin\u00e9en pour appuyer les actions des autorit\u00e9s \u00e9ducatives \u00e0 la base, du d\u00e9partement en charge de l\u2019\u00e9ducation mais aussi celles du Pr\u00e9sident de la R\u00e9publique le G\u00e9n\u00e9ral Mamadi Doumbouya dans sa vision de faire de l\u2019\u00e9ducation, un levier de d\u00e9veloppement national.<\/p>\n<p><img loading=\"lazy\" decoding=\"async\" class=\"alignleft wp-image-1972\" src=\"https:\/\/cieldeguinee.net\/wp-content\/uploads\/2025\/01\/yarawadou-300x135.jpg\" alt=\"\" width=\"449\" height=\"202\" srcset=\"https:\/\/cieldeguinee.net\/wp-content\/uploads\/2025\/01\/yarawadou-300x135.jpg 300w, https:\/\/cieldeguinee.net\/wp-content\/uploads\/2025\/01\/yarawadou-150x68.jpg 150w, https:\/\/cieldeguinee.net\/wp-content\/uploads\/2025\/01\/yarawadou-696x313.jpg 696w, https:\/\/cieldeguinee.net\/wp-content\/uploads\/2025\/01\/yarawadou.jpg 720w\" sizes=\"auto, (max-width: 449px) 100vw, 449px\" \/>Le projet qui voit jour est le r\u00e9sultat de plusieurs d\u00e9cennies de r\u00eave et d\u2019ambition nourris par le donateur afin d\u2019offrir \u00e0 son village et aux 7 autres villages environnants qui manquaient d\u2019infrastructure \u00e9ducative depuis belle lurette. \u00c0 la c\u00e9r\u00e9monie d\u2019inauguration, le donateur a partag\u00e9 ses motivations.<\/p>\n<p>\u00a0\u00bb Depuis 1963, aucune \u00e9cole n\u2019a \u00e9t\u00e9 construite dans notre village. Je souhaite que les enfants de ma contr\u00e9e puissent apprendre et devenir les leaders de demain. Ce n\u2019est pas un probl\u00e8me d\u2019argent, mais un acte d\u2019amour envers ma communaut\u00e9. Au titre des difficult\u00e9s, nous en avons assez, tout d\u2019abord, la communaut\u00e9 manque d\u2019eau potable, pour cela, il nous faut des forages. On n\u2019a pas de grande mosqu\u00e9e, l\u2019\u00e9tat de la route, on en parle pas, puisque M. Kandas CAMARA, Directeur Pr\u00e9fectoral de l\u2019Education (DPE) de Faranah, venu officier la c\u00e9r\u00e9monie de l\u2019ouverture de l\u2019\u00e9cole a d\u00e9j\u00e0 vu la situation catastrophique que vivent les commuanut\u00e9s de Yarawadou K\u00f4r\u00f4, qui est \u00e0 seulement 23 kilom\u00e8tres de la sous-pr\u00e9fecture de Kobikoro, a-t-il pr\u00e9cis\u00e9.<\/p>\n<figure id=\"attachment_1973\" aria-describedby=\"caption-attachment-1973\" style=\"width: 406px\" class=\"wp-caption alignright\"><img loading=\"lazy\" decoding=\"async\" class=\" wp-image-1973\" src=\"https:\/\/cieldeguinee.net\/wp-content\/uploads\/2025\/01\/yoffo-300x135.jpg\" alt=\"\" width=\"406\" height=\"183\" srcset=\"https:\/\/cieldeguinee.net\/wp-content\/uploads\/2025\/01\/yoffo-300x135.jpg 300w, https:\/\/cieldeguinee.net\/wp-content\/uploads\/2025\/01\/yoffo-150x68.jpg 150w, https:\/\/cieldeguinee.net\/wp-content\/uploads\/2025\/01\/yoffo-696x313.jpg 696w, https:\/\/cieldeguinee.net\/wp-content\/uploads\/2025\/01\/yoffo.jpg 720w\" sizes=\"auto, (max-width: 406px) 100vw, 406px\" \/><figcaption id=\"caption-attachment-1973\" class=\"wp-caption-text\">Le donateur \u00e0 gauche en bazin<\/figcaption><\/figure>\n<p>Et de poursuivre, \u00a0\u00bb Nous sollicitons \u00e0 cet effet, l&rsquo;appui de\u00a0 l\u2019\u00c9tat afin d&rsquo;avoir le cycle primaire au complet, de la 1\u00e8re ann\u00e9e \u00e0 la 6\u00e8me ann\u00e9e et un poste de sant\u00e9 pour assurer la prise en charge sanitaire de cette population scolaire\u00a0\u00bb, a laiss\u00e9 entendre le donateur. Le co\u00fbt total de l\u2019investissement de cette infrastructure s\u2019\u00e9l\u00e8ve \u00e0 157 500 000(cent cinquante-sept millions cinq cent milles) francs guin\u00e9ens. A cette occasion, M. CAMARA a exhort\u00e9 \u00e0 l\u2019union entre les filles et fils de la communaut\u00e9 pour faire de cette \u00e9cole un bien commun pour le bonheur des enfants de la communaut\u00e9, a soutenu le donateur.<\/p>\n<p>Il a \u00e9galement sollicit\u00e9 l\u2019appui du Gouvernement Guin\u00e9en \u00e0 sa t\u00eate le Chef de l\u2019Etat. \u00a0\u00bb Nous sollicitons l\u2019appui des autorit\u00e9s \u00e0 tous les niveaux, principalement le Pr\u00e9sident G\u00e9n\u00e9ral Mamadi Doumbouya pour nous aider \u00e0 d\u00e9senclaver nos villages et ainsi r\u00e9duire les difficult\u00e9s li\u00e9es au transport routier, vecteur de d\u00e9veloppement \u00e9conomique d\u2019une localit\u00e9\u00a0\u00bb, a-t-il fait savoir.<\/p>\n<div data-v-dcb8084a=\"\"><\/div>\n<div class=\"highlights-border-container\" data-v-dcb8084a=\"\"><span class=\"highlights\" data-v-dcb8084a=\"\">Prenant la parole, M. Kandas CAMARA, DPE de Faranah a tout d\u2019abord salu\u00e9 l\u2019acte humaniste pos\u00e9 par le donateur, acte qu\u2019il qualifie de g\u00e9n\u00e9rosit\u00e9. \u00a0\u00bb C\u2019est un geste remarquable d\u2019un natif qui construit une \u00e9cole sans assistance gouvernementale. Nous invitons d\u2019autres fils et filles de Faranah de faire de m\u00eame\u00a0\u00bb. Il a \u00e9galement promis que la DPE accomapgnera le projet sur le plan \u00e9ducatif. <\/span><\/div>\n<div data-v-dcb8084a=\"\"><\/div>\n<div data-v-dcb8084a=\"\"><\/div>\n<div class=\"highlights-border-container\" data-v-dcb8084a=\"\"><span class=\"highlights\" data-v-dcb8084a=\"\">Mme Touk\u00f4 Matronne MANSAR\u00c9 qui a repr\u00e9sent\u00e9 le Pr\u00e9sident de la D\u00e9l\u00e9gation Sp\u00e9ciale de Kobikoro \u00e0 l\u2019\u00e9v\u00e8nement a tout d\u2019abord remerci\u00e9 le donateur et a soulign\u00e9 l\u2019importance de l\u2019\u00e9ducation, en particulier pour les jeunes filles. Elle a \u00e9galement plaid\u00e9 pour l\u2019\u00e9lectrification de l\u2019\u00e9cole \u00e0 travers des installations solaires, facilitant ainsi les \u00e9tudes des \u00e9l\u00e8ves. <\/span><\/div>\n<div data-v-dcb8084a=\"\"><\/div>\n<div data-v-dcb8084a=\"\"><\/div>\n<div class=\"highlights-border-container\" data-v-dcb8084a=\"\"><span class=\"highlights\" data-v-dcb8084a=\"\">Ce projet d\u2019\u00e9cole \u00e0 Yarawadou K\u00f4r\u00f4 repr\u00e9sente une lueur d\u2019espoir pour la communaut\u00e9, qui aspire \u00e0 un avenir meilleur gr\u00e2ce \u00e0 l\u2019\u00e9ducation. La d\u00e9termination et l\u2019engagement de Faya Y\u00f4ff\u00f4 CAMARA constituent un exemple inspirant de d\u00e9veloppement local, t\u00e9moignant de la force de la solidarit\u00e9 communautaire. La c\u00e9r\u00e9monie a connue la participation de l&rsquo;ensemble des acteurs \u00e9ducatifs de la zone, des communaut\u00e9s riveraines et de l&rsquo;ensemble des responsables administratifs \u00e0 la base.\u00a0<\/span><\/div>\n<div data-v-dcb8084a=\"\"><\/div>\n<div data-v-dcb8084a=\"\"><\/div>\n<div class=\"highlights-border-container\" data-v-dcb8084a=\"\"><span class=\"highlights\" data-v-dcb8084a=\"\">Un bel exemple \u00e0 suivre de la part des autres citoyennes et citoyens des autres communaut\u00e9s de r\u00e9gion de Faranah tout en invitant les autorit\u00e9s \u00e0 tous les niveaux de soutenir et appuyer les initiatives citoyennes en termes de d\u00e9veloppement local \u00e0 la base. <\/span><\/div>\n<div data-v-dcb8084a=\"\"><\/div>\n<div class=\"highlights-border-container\" data-v-dcb8084a=\"\"><span class=\"highlights\" data-v-dcb8084a=\"\">Depuis Faranah, Moussa Mansar\u00e9, correspondant r\u00e9gional de CIELDEGUINE.NET\u00a0<\/span><\/div>\n<div data-v-dcb8084a=\"\"><\/div>\n","protected":false},"excerpt":{"rendered":"<p>En termes de participation citoyenne aux actions de d\u00e9veloppement local, Faya Y\u00f4ff\u00f4 CAMARA, commer\u00e7ant domicili\u00e9 \u00e0 Kissidougou et originaire de Yarawadou K\u00f4r\u00f4, situ\u00e9 dans le district de Yomadou, sous-pr\u00e9fecture de Kobikoro, pr\u00e9fecture de Faranah, a offert en ce 11 janvier 2025, une \u00e9cole de deux salles de classes et une direction \u00e0 sa communaut\u00e9. L\u2019\u00e9cole [&hellip;]<\/p>\n","protected":false},"author":2,"featured_media":1971,"comment_status":"closed","ping_status":"closed","sticky":false,"template":"","format":"standard","meta":{"footnotes":""},"categories":[23],"tags":[],"class_list":{"0":"post-1970","1":"post","2":"type-post","3":"status-publish","4":"format-standard","5":"has-post-thumbnail","7":"category-societe"},"jetpack_featured_media_url":"https:\/\/cieldeguinee.net\/wp-content\/uploads\/2025\/01\/dpe.jpg","_links":{"self":[{"href":"https:\/\/cieldeguinee.net\/index.php\/wp-json\/wp\/v2\/posts\/1970","targetHints":{"allow":["GET"]}}],"collection":[{"href":"https:\/\/cieldeguinee.net\/index.php\/wp-json\/wp\/v2\/posts"}],"about":[{"href":"https:\/\/cieldeguinee.net\/index.php\/wp-json\/wp\/v2\/types\/post"}],"author":[{"embeddable":true,"href":"https:\/\/cieldeguinee.net\/index.php\/wp-json\/wp\/v2\/users\/2"}],"replies":[{"embeddable":true,"href":"https:\/\/cieldeguinee.net\/index.php\/wp-json\/wp\/v2\/comments?post=1970"}],"version-history":[{"count":0,"href":"https:\/\/cieldeguinee.net\/index.php\/wp-json\/wp\/v2\/posts\/1970\/revisions"}],"wp:featuredmedia":[{"embeddable":true,"href":"https:\/\/cieldeguinee.net\/index.php\/wp-json\/wp\/v2\/media\/1971"}],"wp:attachment":[{"href":"https:\/\/cieldeguinee.net\/index.php\/wp-json\/wp\/v2\/media?parent=1970"}],"wp:term":[{"taxonomy":"category","embeddable":true,"href":"https:\/\/cieldeguinee.net\/index.php\/wp-json\/wp\/v2\/categories?post=1970"},{"taxonomy":"post_tag","embeddable":true,"href":"https:\/\/cieldeguinee.net\/index.php\/wp-json\/wp\/v2\/tags?post=1970"}],"curies":[{"name":"wp","href":"https:\/\/api.w.org\/{rel}","templated":true}]}}