{"id":2039,"date":"2025-03-06T11:07:06","date_gmt":"2025-03-06T10:07:06","guid":{"rendered":"https:\/\/cieldeguinee.net\/?p=2039"},"modified":"2025-03-06T11:07:06","modified_gmt":"2025-03-06T10:07:06","slug":"biodiversite-le-projet-natura-guinee-pose-les-bases-dune-conservation-durable","status":"publish","type":"post","link":"https:\/\/cieldeguinee.net\/index.php\/biodiversite-le-projet-natura-guinee-pose-les-bases-dune-conservation-durable\/","title":{"rendered":"Biodiversit\u00e9 : le projet Natura Guin\u00e9e pose les bases d\u2019une conservation durable"},"content":{"rendered":"<p>Un an apr\u00e8s son lancement, le projet Natura Guin\u00e9e dresse un premier bilan lors d\u2019un atelier organis\u00e9 \u00e0 Conakry les 12 et 13 f\u00e9vrier 2025. Initi\u00e9 dans le cadre de l\u2019initiative NaturAfrica de l\u2019Union europ\u00e9enne, ce programme vise \u00e0 renforcer la protection de l\u2019environnement et la gestion des aires prot\u00e9g\u00e9es en Guin\u00e9e. Cet atelier s\u2019est tenu en pr\u00e9sence du Secr\u00e9taire g\u00e9n\u00e9ral du minist\u00e8re de l\u2019Environnement et du D\u00e9veloppement durable, Dr Karim Samoura, de S.E. Mme l\u2019Ambassadrice de l\u2019Union europ\u00e9enne en Guin\u00e9e, Jolita Pons ainsi que des acteurs locaux venus de Koundara et Mamou.<\/p>\n<p>Les discussions ont mis en avant plusieurs avanc\u00e9es, notamment le renforcement de la gestion des aires prot\u00e9g\u00e9es du Parc national du Badiar et de Pinseli-Soyah-Sabouya (PSS), la mont\u00e9e en puissance de la Brigade nationale de lutte contre la criminalit\u00e9 faunique et le suivi des impacts environnementaux du chemin de fer Trans-Guin\u00e9e. Sur le terrain, la surveillance des aires prot\u00e9g\u00e9es s\u2019est consid\u00e9rablement am\u00e9lior\u00e9e, avec une couverture de 89,2 % pour le futur Parc national PSS et 69 % pour le Parc national du Badiar. Cette intensification des patrouilles a permis de porter 15 affaires en justice et de saisir 2 036 madriers de bois ill\u00e9gal, 11 tron\u00e7onneuses, 25 machines d\u2019orpaillage et 4 fusils.<\/p>\n<p>Par ailleurs, Natura Guin\u00e9e s\u2019attache \u00e0 associer les communaut\u00e9s locales \u00e0 la conservation en leur proposant des alternatives \u00e9conomiques durables. \u00c0 ce jour, 10 711 personnes, dont 5 067 femmes, ont b\u00e9n\u00e9fici\u00e9 de formations sur la gestion des parcs, les pratiques agro \u00e9cologiques et la gestion des feux. Quatre fili\u00e8res \u00e9conomiques ont \u00e9t\u00e9 d\u00e9velopp\u00e9es : miel, arachide, oignons et beurre de karit\u00e9, g\u00e9n\u00e9rant des revenus estim\u00e9s \u00e0 231 417 000 GNF (~24 000 euros). Parmi les r\u00e9sultats concrets, 1 700 kg de beurre de karit\u00e9 ont \u00e9t\u00e9 produits au Badiar et 7 800 litres de miel r\u00e9colt\u00e9s dans la zone du PSS.<\/p>\n<p>Dans la perspective d\u2019un impact durable, l\u2019engagement de la Guin\u00e9e pour la conservation est de 30% dit objectif 3030, donc, couvrir 30 % du territoire national en aire prot\u00e9g\u00e9e d\u2019ici 2030 du territoire national et \u00e0 renforcer le dialogue entre acteurs locaux et d\u00e9cideurs.<\/p>\n<p>Pour Dr Karim Samoura, secr\u00e9taire g\u00e9n\u00e9ral du minist\u00e8re de l\u2019Environnement et du D\u00e9veloppement durable, la transparence et la concertation sont essentielles pour assurer la r\u00e9ussite du projet.<\/p>\n<figure id=\"attachment_2042\" aria-describedby=\"caption-attachment-2042\" style=\"width: 300px\" class=\"wp-caption aligncenter\"><img loading=\"lazy\" decoding=\"async\" class=\"size-medium wp-image-2042\" src=\"https:\/\/cieldeguinee.net\/wp-content\/uploads\/2025\/03\/6f-300x239.jpg\" alt=\"\" width=\"300\" height=\"239\" srcset=\"https:\/\/cieldeguinee.net\/wp-content\/uploads\/2025\/03\/6f-300x239.jpg 300w, https:\/\/cieldeguinee.net\/wp-content\/uploads\/2025\/03\/6f-1024x817.jpg 1024w, https:\/\/cieldeguinee.net\/wp-content\/uploads\/2025\/03\/6f-768x613.jpg 768w, https:\/\/cieldeguinee.net\/wp-content\/uploads\/2025\/03\/6f-150x120.jpg 150w, https:\/\/cieldeguinee.net\/wp-content\/uploads\/2025\/03\/6f-696x556.jpg 696w, https:\/\/cieldeguinee.net\/wp-content\/uploads\/2025\/03\/6f-1068x852.jpg 1068w, https:\/\/cieldeguinee.net\/wp-content\/uploads\/2025\/03\/6f-526x420.jpg 526w, https:\/\/cieldeguinee.net\/wp-content\/uploads\/2025\/03\/6f.jpg 1080w\" sizes=\"auto, (max-width: 300px) 100vw, 300px\" \/><figcaption id=\"caption-attachment-2042\" class=\"wp-caption-text\">Dr K arim Samoura, SG MEDD<\/figcaption><\/figure>\n<p>\u00ab Notre objectif est de rendre ind\u00e9l\u00e9biles les acquis du projet et d\u2019en faire un moteur du changement en faveur de la conservation et de la lutte contre le changement climatique en Guin\u00e9e \u00bb, a-t-il d\u00e9clar\u00e9.<\/p>\n<p>De son c\u00f4t\u00e9, l\u2019Ambassadrice de l\u2019Union europ\u00e9enne en Guin\u00e9e, Jolita Pons, a soulign\u00e9 l\u2019importance d\u2019un engagement collectif pour assurer la p\u00e9rennit\u00e9 du projet.<\/p>\n<figure id=\"attachment_2043\" aria-describedby=\"caption-attachment-2043\" style=\"width: 324px\" class=\"wp-caption alignleft\"><img loading=\"lazy\" decoding=\"async\" class=\"wp-image-2043\" src=\"https:\/\/cieldeguinee.net\/wp-content\/uploads\/2025\/03\/1-300x200.jpg\" alt=\"\" width=\"324\" height=\"216\" srcset=\"https:\/\/cieldeguinee.net\/wp-content\/uploads\/2025\/03\/1-300x200.jpg 300w, https:\/\/cieldeguinee.net\/wp-content\/uploads\/2025\/03\/1-1024x682.jpg 1024w, https:\/\/cieldeguinee.net\/wp-content\/uploads\/2025\/03\/1-768x512.jpg 768w, https:\/\/cieldeguinee.net\/wp-content\/uploads\/2025\/03\/1-1536x1024.jpg 1536w, https:\/\/cieldeguinee.net\/wp-content\/uploads\/2025\/03\/1-150x100.jpg 150w, https:\/\/cieldeguinee.net\/wp-content\/uploads\/2025\/03\/1-696x464.jpg 696w, https:\/\/cieldeguinee.net\/wp-content\/uploads\/2025\/03\/1-1068x712.jpg 1068w, https:\/\/cieldeguinee.net\/wp-content\/uploads\/2025\/03\/1-630x420.jpg 630w, https:\/\/cieldeguinee.net\/wp-content\/uploads\/2025\/03\/1.jpg 1538w\" sizes=\"auto, (max-width: 324px) 100vw, 324px\" \/><figcaption id=\"caption-attachment-2043\" class=\"wp-caption-text\">Jolita Pons, ambassadrice de l&rsquo;UE<\/figcaption><\/figure>\n<p>\u00ab\u00a0L\u2019initiative Natura Africa a \u00e9t\u00e9 lanc\u00e9e en 2021 par l\u2019Union europ\u00e9enne, visant \u00e0 soutenir la conservation de biodiversit\u00e9 en Afrique, en adoptant une approche innovante, centr\u00e9e sur les personnes. Natura Guin\u00e9e est le r\u00e9sultat de cette initiative globale ainsi que le r\u00e9sultat d\u2019une \u00e9troite collaboration avec nos partenaires en Guin\u00e9e\u00a0: le Minist\u00e8re de l\u2019Environnement et du D\u00e9veloppement durable, l\u2019Office guin\u00e9en des parcs nationaux et r\u00e9serves de faune et notre partenaire de mise en \u0153uvre Wild Chimpanzee Foundation (WCF) \u00bb, a d\u00e9clar\u00e9 l\u2019ambassadrice madame Pons.<\/p>\n<p>Avec des r\u00e9sultats encourageants d\u00e8s la premi\u00e8re ann\u00e9e, Natura Guin\u00e9e s\u2019affirme comme un levier majeur pour la pr\u00e9servation de la biodiversit\u00e9 et le d\u00e9veloppement durable en Guin\u00e9e.<\/p>\n<p>Source: www,guineematin,com<\/p>\n","protected":false},"excerpt":{"rendered":"<p>Un an apr\u00e8s son lancement, le projet Natura Guin\u00e9e dresse un premier bilan lors d\u2019un atelier organis\u00e9 \u00e0 Conakry les 12 et 13 f\u00e9vrier 2025. Initi\u00e9 dans le cadre de l\u2019initiative NaturAfrica de l\u2019Union europ\u00e9enne, ce programme vise \u00e0 renforcer la protection de l\u2019environnement et la gestion des aires prot\u00e9g\u00e9es en Guin\u00e9e. Cet atelier s\u2019est [&hellip;]<\/p>\n","protected":false},"author":2,"featured_media":2041,"comment_status":"closed","ping_status":"closed","sticky":false,"template":"","format":"standard","meta":{"footnotes":""},"categories":[5],"tags":[],"class_list":{"0":"post-2039","1":"post","2":"type-post","3":"status-publish","4":"format-standard","5":"has-post-thumbnail","7":"category-environnement"},"jetpack_featured_media_url":"https:\/\/cieldeguinee.net\/wp-content\/uploads\/2025\/03\/Image1-1.jpg","_links":{"self":[{"href":"https:\/\/cieldeguinee.net\/index.php\/wp-json\/wp\/v2\/posts\/2039","targetHints":{"allow":["GET"]}}],"collection":[{"href":"https:\/\/cieldeguinee.net\/index.php\/wp-json\/wp\/v2\/posts"}],"about":[{"href":"https:\/\/cieldeguinee.net\/index.php\/wp-json\/wp\/v2\/types\/post"}],"author":[{"embeddable":true,"href":"https:\/\/cieldeguinee.net\/index.php\/wp-json\/wp\/v2\/users\/2"}],"replies":[{"embeddable":true,"href":"https:\/\/cieldeguinee.net\/index.php\/wp-json\/wp\/v2\/comments?post=2039"}],"version-history":[{"count":0,"href":"https:\/\/cieldeguinee.net\/index.php\/wp-json\/wp\/v2\/posts\/2039\/revisions"}],"wp:featuredmedia":[{"embeddable":true,"href":"https:\/\/cieldeguinee.net\/index.php\/wp-json\/wp\/v2\/media\/2041"}],"wp:attachment":[{"href":"https:\/\/cieldeguinee.net\/index.php\/wp-json\/wp\/v2\/media?parent=2039"}],"wp:term":[{"taxonomy":"category","embeddable":true,"href":"https:\/\/cieldeguinee.net\/index.php\/wp-json\/wp\/v2\/categories?post=2039"},{"taxonomy":"post_tag","embeddable":true,"href":"https:\/\/cieldeguinee.net\/index.php\/wp-json\/wp\/v2\/tags?post=2039"}],"curies":[{"name":"wp","href":"https:\/\/api.w.org\/{rel}","templated":true}]}}