{"id":2092,"date":"2025-03-23T15:43:03","date_gmt":"2025-03-23T14:43:03","guid":{"rendered":"https:\/\/cieldeguinee.net\/?p=2092"},"modified":"2025-03-23T15:43:03","modified_gmt":"2025-03-23T14:43:03","slug":"nzerekore-demarrage-de-la-construction-du-siege-regional-de-la-hac-dans-une-grande-ferveur","status":"publish","type":"post","link":"https:\/\/cieldeguinee.net\/index.php\/nzerekore-demarrage-de-la-construction-du-siege-regional-de-la-hac-dans-une-grande-ferveur\/","title":{"rendered":"N\u2019Zerekore : d\u00e9marrage de la construction du si\u00e8ge r\u00e9gional de la HAC dans une grande ferveur"},"content":{"rendered":"<p><strong>C\u2019est dans une grande ferveur que la premi\u00e8re brique du nouveau si\u00e8ge de la Haute Autorit\u00e9 de la Communication (HAC) \u00e0 N\u2019Zerekore a m \u00e9t\u00e9 pos\u00e9e ce samedi, 22 mars 2025 , dans le quartier Gonia 3, secteur Kpomota.<\/strong><\/p>\n<p>Cette c\u00e9r\u00e9monie de pose de la premi\u00e8re pierre a connu la pr\u00e9sence effective des autorit\u00e9s r\u00e9gionales, pr\u00e9fectorales, religieuses et les citoyens de la localit\u00e9 qui ont marqu\u00e9 leur enthousiasme et apport \u00e0 cette cordiale c\u00e9r\u00e9monie.<\/p>\n<p>Le Pr\u00e9sident de la d\u00e9l\u00e9gation sp\u00e9ciale de la commune urbaine, Oscar Lamah a accord\u00e9 une attention particuli\u00e8re \u00e0 la construction de ce bijou non seulement dans sa localit\u00e9 mais aussi dans d\u2019autres r\u00e9gions administratives.<\/p>\n<p>\u00ab En pr\u00e9lude des -futures \u2013 \u00e9lections, nous saluons la construction de ces bureaux dans notre commune pour la r\u00e9gulation de la Communication afin de pr\u00e9server la paix et la cohabitation pacifique pour le bonheur de nos braves populations \u00bb s\u2019est-il f\u00e9licit\u00e9.<\/p>\n<p>Ce si\u00e8ge r\u00e9gional sera en r\u00e9alit\u00e9 un b\u00e2timent compos\u00e9 d\u2019un bureau du directeur, d\u2019une grande salle de r\u00e9union, d\u2019une salle de monitoring, d\u2019une salle audiovisuelle, d\u2019un secr\u00e9tariat central et des bureaux auxiliaires .<\/p>\n<p>\u00ab Permettez moi de remercier tr\u00e8s sinc\u00e8rement M. Le President de la R\u00e9publique, G\u00e9n\u00e9ral Mamadi Doumbouya, pour sa vision \u00e9clair\u00e9e et son soutien ind\u00e9fectible au d\u00e9veloppement des infrastructures publiques notamment dans le domaine de la communication. Son engagement pour la Guin\u00e9e moderne, decentralis\u00e9e se concretise aujourd\u2019hui \u00e0 travers ce projet qui renforcera notre pays dans des valeurs de libert\u00e9 d\u2019expression et de r\u00e9gulation des m\u00e9dias \u00bb s\u2019est aussi r\u00e9jouit le Directeur de cabinet du Gouvernorat de Nzerekore, El Hadj Soumah.<\/p>\n<p>Tr\u00e8s satisfait de la marque de sympathie du v\u00e9n\u00e9r\u00e9 Patriarche de Nzerekore, qui a fait personnellement le d\u00e9placement, le President de la Haute Autorit\u00e9 de la Communication a tenu \u00e0 souligner le r\u00f4le important et pr\u00e9cieux du P\u00e8re de la Nation dans ce projet.<\/p>\n<p>\u00ab Ce projet a \u00e9t\u00e9 possible gr\u00e2ce \u00e0 un homme qui a eu une vision de d\u00e9centralisation, je veux nommer le G\u00e9n\u00e9ral de corps d\u2019arm\u00e9es Mamadi Doumbouya, qui nous a instruit de d\u00e9localiser nos si\u00e8ges dans toutes les r\u00e9gions administratives de la Guin\u00e9e. Je voudrais \u00e0 ce titre lui transmettre les sinc\u00e8res f\u00e9licitations de la HAC et toute notre reconnaissance. Je voudrais saisir cette occasion pour saluer le patriarche de N\u2019Zerekore qui nous a ouvert ses portes, qui nous a ouvert son c\u0153ur et qui nous a donn\u00e9 la cl\u00e9 de N\u2019Zerekore \u00bb a-t-il clam\u00e9 haut et fort.<\/p>\n<p>\u00ab Comme vous le savez, continue le Pr\u00e9sident de la HAC, la presse a un pouvoir, parfois m\u00eame on dit que la presse est un pouvoir. Lorsque ce pouvoir n\u2019est pas accompagn\u00e9 de responsabilit\u00e9, il y a de gros risques pour l\u2019unit\u00e9 nationale, pour la coh\u00e9sion sociale, pour le vivre ensemble. En ce qui concerne la presse, nous en sommes gardiens. Notre r\u00f4le, c\u2019est d\u2019encourager les bons journalistes, ceux qui font bien, ceux qui respectent l\u2019\u00e9thique, la d\u00e9ontologie, les lois en vigueur. Et notre r\u00f4le aussi, c\u2019est de conseiller ceux qui font mal. Et s\u2019ils r\u00e9sistent, c\u2019est de les sanctionner conform\u00e9ment \u00e0 la loi. La presse en Guin\u00e9e, elle est libre, je le r\u00e9affirme ici en N\u2019Zerekore. \u00bb<\/p>\n<p>Boubacar Yacine Diallo \u00e0 \u00e9galement salu\u00e9 le professionnalisme et l\u2019esprit de responsabilit\u00e9 qui ont caract\u00e9ris\u00e9 la presse \u00e0 N\u2019Zerekore lors des \u00e9v\u00e9nements douloureux au stade de la ville.<\/p>\n<p>\u00ab Je voudrais pr\u00e9senter nos condol\u00e9ances aux familles des victimes et souhaiter prompt r\u00e9tablissement aux bless\u00e9s. Je voudrais aussi vous dire que cette presse nous la saluons, la presse de N\u2019Zerekore. Depuis que nous sommes en fonction, nous n\u2019avons jamais re\u00e7u une plainte ni d\u2019un citoyen, ni d\u2019une autorit\u00e9 contre un journaliste, contre un m\u00e9dia \u00e0 N\u2019Zerekore. Je voudrais que la presse, les journalistes de kankanen tirent le\u00e7on. Vous le savez, il y a deux jours, nous avons v\u00e9cu un \u00e9v\u00e8nement tragique \u00e0 Kankan. Un homme, je dirais un criminel a l\u00e2chement assassin\u00e9 une dame. Et je voudrais donc inviter la presse de Kankan \u00e0 prendre l\u2019exemple de la presse de N\u2019Zerekore pour traiter cette actualit\u00e9 avec beaucoup de retenue mais \u00e9galement avec beaucoup de responsabilit\u00e9 \u00bb.<\/p>\n<p>Apr\u00e8s la c\u00e9r\u00e9monie de pose de la premi\u00e8re pierre de cet \u00e9difice, marquant le lancement officiel des travaux, Boubacar Yacine Diallo a confi\u00e9 ledit chantier au v\u00e9n\u00e9r\u00e9 Patriarche de Nzerekore et au Secr\u00e9taire G\u00e9n\u00e9ral aux Affaires religieuses de la r\u00e9gion.<\/p>\n<p>Les pri\u00e8res et b\u00e9n\u00e9dictions ont \u00e9t\u00e9 formul\u00e9es pour marquer la fin de la c\u00e9r\u00e9monie.<\/p>\n<p><strong>Alpha Ibrahima Tour\u00e9<\/strong><br \/>\n<strong>Bureau de Presse\/HAC<\/strong><\/p>\n","protected":false},"excerpt":{"rendered":"<p>C\u2019est dans une grande ferveur que la premi\u00e8re brique du nouveau si\u00e8ge de la Haute Autorit\u00e9 de la Communication (HAC) \u00e0 N\u2019Zerekore a m \u00e9t\u00e9 pos\u00e9e ce samedi, 22 mars 2025 , dans le quartier Gonia 3, secteur Kpomota. Cette c\u00e9r\u00e9monie de pose de la premi\u00e8re pierre a connu la pr\u00e9sence effective des autorit\u00e9s r\u00e9gionales, [&hellip;]<\/p>\n","protected":false},"author":2,"featured_media":2093,"comment_status":"closed","ping_status":"closed","sticky":false,"template":"","format":"standard","meta":{"footnotes":""},"categories":[3],"tags":[],"class_list":{"0":"post-2092","1":"post","2":"type-post","3":"status-publish","4":"format-standard","5":"has-post-thumbnail","7":"category-politique"},"jetpack_featured_media_url":"https:\/\/cieldeguinee.net\/wp-content\/uploads\/2025\/03\/hac1.webp","_links":{"self":[{"href":"https:\/\/cieldeguinee.net\/index.php\/wp-json\/wp\/v2\/posts\/2092","targetHints":{"allow":["GET"]}}],"collection":[{"href":"https:\/\/cieldeguinee.net\/index.php\/wp-json\/wp\/v2\/posts"}],"about":[{"href":"https:\/\/cieldeguinee.net\/index.php\/wp-json\/wp\/v2\/types\/post"}],"author":[{"embeddable":true,"href":"https:\/\/cieldeguinee.net\/index.php\/wp-json\/wp\/v2\/users\/2"}],"replies":[{"embeddable":true,"href":"https:\/\/cieldeguinee.net\/index.php\/wp-json\/wp\/v2\/comments?post=2092"}],"version-history":[{"count":0,"href":"https:\/\/cieldeguinee.net\/index.php\/wp-json\/wp\/v2\/posts\/2092\/revisions"}],"wp:featuredmedia":[{"embeddable":true,"href":"https:\/\/cieldeguinee.net\/index.php\/wp-json\/wp\/v2\/media\/2093"}],"wp:attachment":[{"href":"https:\/\/cieldeguinee.net\/index.php\/wp-json\/wp\/v2\/media?parent=2092"}],"wp:term":[{"taxonomy":"category","embeddable":true,"href":"https:\/\/cieldeguinee.net\/index.php\/wp-json\/wp\/v2\/categories?post=2092"},{"taxonomy":"post_tag","embeddable":true,"href":"https:\/\/cieldeguinee.net\/index.php\/wp-json\/wp\/v2\/tags?post=2092"}],"curies":[{"name":"wp","href":"https:\/\/api.w.org\/{rel}","templated":true}]}}