{"id":2128,"date":"2025-04-12T13:19:00","date_gmt":"2025-04-12T11:19:00","guid":{"rendered":"https:\/\/cieldeguinee.net\/?p=2128"},"modified":"2025-04-12T13:19:55","modified_gmt":"2025-04-12T11:19:55","slug":"leadership-educatif-en-afrique-des-graines-despoir-semees-a-dakar","status":"publish","type":"post","link":"https:\/\/cieldeguinee.net\/index.php\/leadership-educatif-en-afrique-des-graines-despoir-semees-a-dakar\/","title":{"rendered":"Leadership \u00e9ducatif en Afrique : des graines d\u2019espoir sem\u00e9es \u00e0 Dakar !"},"content":{"rendered":"<p>Du 7 au 11 avril 2025, Dakar a accueilli un s\u00e9minaire de haut niveau sur le leadership en \u00e9ducation, organis\u00e9 par le Campus Global de l\u2019IIPE-UNESCO. Cette session en pr\u00e9sentiel, seconde \u00e9tape d\u2019un parcours entam\u00e9 en ligne du 24 f\u00e9vrier au 30 mars, a rassembl\u00e9 des responsables \u00e9ducatifs venus de divers pays d\u2019Afrique pour renforcer leurs capacit\u00e9s strat\u00e9giques et humaines.<\/p>\n<p><img loading=\"lazy\" decoding=\"async\" class=\" wp-image-2130 aligncenter\" src=\"https:\/\/cieldeguinee.net\/wp-content\/uploads\/2025\/04\/madela3-300x199.jpg\" alt=\"\" width=\"507\" height=\"336\" srcset=\"https:\/\/cieldeguinee.net\/wp-content\/uploads\/2025\/04\/madela3-300x199.jpg 300w, https:\/\/cieldeguinee.net\/wp-content\/uploads\/2025\/04\/madela3-150x100.jpg 150w, https:\/\/cieldeguinee.net\/wp-content\/uploads\/2025\/04\/madela3-633x420.jpg 633w, https:\/\/cieldeguinee.net\/wp-content\/uploads\/2025\/04\/madela3.jpg 696w\" sizes=\"auto, (max-width: 507px) 100vw, 507px\" \/>Parmi eux, M. Aboubacar Mandela Camara, conseiller en charge de la l\u00e9gislation scolaire au Minist\u00e8re de l\u2019enseignement pr\u00e9-universitaire et de\u00a0 l\u2019alphab\u00e9tisation (MEPU-A) \u00a0de la R\u00e9publique de \u00a0Guin\u00e9e, s\u2019est distingu\u00e9 en pronon\u00e7ant le discours de cl\u00f4ture. Il a compar\u00e9 cette formation \u00e0 des graines de qualit\u00e9, promises \u00e0 un avenir f\u00e9cond au service des syst\u00e8mes \u00e9ducatifs du continent.<\/p>\n<p>Pendant cinq jours, les \u00e9changes ont port\u00e9 sur des modules essentiels \u00e0 la transformation des politiques \u00e9ducatives, tout en valorisant le leadership transformationnel, fait de persuasion, de vision et d\u2019inspiration. M. Camara a salu\u00e9 l\u2019engagement de l\u2019IIPE-UNESCO et le soutien de la Fondation Gates, sans oublier les formateurs dont les noms resteront grav\u00e9s dans les esprits.<\/p>\n<p>Il a conclu sur une note d\u2019engagement collectif, appelant \u00e0 un avenir \u00e9ducatif africain fond\u00e9 sur la qualit\u00e9, l\u2019\u00e9quit\u00e9 et l\u2019inclusion, en r\u00e9sonance avec les mots de Nelson Mandela : \u00ab L\u2019\u00e9ducation est l\u2019arme la plus puissante que l\u2019on puisse utiliser pour changer\u00a0le\u00a0monde.\u00a0\u00bb, va-t-il conclure.<\/p>\n<p>Focus de T. Oular\u00e9<\/p>\n","protected":false},"excerpt":{"rendered":"<p>Du 7 au 11 avril 2025, Dakar a accueilli un s\u00e9minaire de haut niveau sur le leadership en \u00e9ducation, organis\u00e9 par le Campus Global de l\u2019IIPE-UNESCO. Cette session en pr\u00e9sentiel, seconde \u00e9tape d\u2019un parcours entam\u00e9 en ligne du 24 f\u00e9vrier au 30 mars, a rassembl\u00e9 des responsables \u00e9ducatifs venus de divers pays d\u2019Afrique pour renforcer [&hellip;]<\/p>\n","protected":false},"author":2,"featured_media":2129,"comment_status":"closed","ping_status":"closed","sticky":false,"template":"","format":"standard","meta":{"footnotes":""},"categories":[23],"tags":[],"class_list":{"0":"post-2128","1":"post","2":"type-post","3":"status-publish","4":"format-standard","5":"has-post-thumbnail","7":"category-societe"},"jetpack_featured_media_url":"https:\/\/cieldeguinee.net\/wp-content\/uploads\/2025\/04\/mandela2.jpg","_links":{"self":[{"href":"https:\/\/cieldeguinee.net\/index.php\/wp-json\/wp\/v2\/posts\/2128","targetHints":{"allow":["GET"]}}],"collection":[{"href":"https:\/\/cieldeguinee.net\/index.php\/wp-json\/wp\/v2\/posts"}],"about":[{"href":"https:\/\/cieldeguinee.net\/index.php\/wp-json\/wp\/v2\/types\/post"}],"author":[{"embeddable":true,"href":"https:\/\/cieldeguinee.net\/index.php\/wp-json\/wp\/v2\/users\/2"}],"replies":[{"embeddable":true,"href":"https:\/\/cieldeguinee.net\/index.php\/wp-json\/wp\/v2\/comments?post=2128"}],"version-history":[{"count":0,"href":"https:\/\/cieldeguinee.net\/index.php\/wp-json\/wp\/v2\/posts\/2128\/revisions"}],"wp:featuredmedia":[{"embeddable":true,"href":"https:\/\/cieldeguinee.net\/index.php\/wp-json\/wp\/v2\/media\/2129"}],"wp:attachment":[{"href":"https:\/\/cieldeguinee.net\/index.php\/wp-json\/wp\/v2\/media?parent=2128"}],"wp:term":[{"taxonomy":"category","embeddable":true,"href":"https:\/\/cieldeguinee.net\/index.php\/wp-json\/wp\/v2\/categories?post=2128"},{"taxonomy":"post_tag","embeddable":true,"href":"https:\/\/cieldeguinee.net\/index.php\/wp-json\/wp\/v2\/tags?post=2128"}],"curies":[{"name":"wp","href":"https:\/\/api.w.org\/{rel}","templated":true}]}}