{"id":2135,"date":"2025-04-17T14:28:40","date_gmt":"2025-04-17T12:28:40","guid":{"rendered":"https:\/\/cieldeguinee.net\/?p=2135"},"modified":"2025-04-17T14:28:40","modified_gmt":"2025-04-17T12:28:40","slug":"culture-le-festival-kola-makissio-celebre-la-richesse-du-textile-kissien-au-palais-du-peuple","status":"publish","type":"post","link":"https:\/\/cieldeguinee.net\/index.php\/culture-le-festival-kola-makissio-celebre-la-richesse-du-textile-kissien-au-palais-du-peuple\/","title":{"rendered":"Culture : le festival \u00ab\u00a0Kola Makissio\u00a0\u00bb c\u00e9l\u00e8bre la richesse du textile kissien au Palais du Peuple"},"content":{"rendered":"<p>La maison <strong>Menelas Production<\/strong> poursuit son engagement en faveur de la promotion et de la valorisation du textile kissien avec l\u2019organisation de la 4\u00e8me \u00e9dition du festival <strong><em>\u00ab\u00a0Kola Makissio\u00a0\u00bb,<\/em><\/strong> qui se tient ce 25 mai 2025 \u00e0 Conakry, \u00e0 partir de 14h au Palais du Peuple de Guin\u00e9e.<\/p>\n<p>V\u00e9ritable vitrine culturelle, cet \u00e9v\u00e9nement annuel met \u00e0 l\u2019honneur le savoir-faire ancestral des artisans de la communaut\u00e9 kissienne de Guin\u00e9e et d&rsquo;ailleurs, \u00e0 travers des expositions, des d\u00e9fil\u00e9s de mode, des performances artistiques et des activit\u00e9s th\u00e9matiques autour du patrimoine textile.<\/p>\n<p>L\u2019initiative, port\u00e9e par <strong><em>Menelas Production<\/em><\/strong>, vise \u00e0 valoriser les tissus traditionnels tout en stimulant la cr\u00e9ativit\u00e9 locale et en renfor\u00e7ant le sentiment d&rsquo;identit\u00e9 culturelle. \u00c0 l&rsquo;heure de la mondialisation, le festival \u00ab\u00a0Kola Makissio\u00a0\u00bb se positionne comme un espace de pr\u00e9servation et de rayonnement de l\u2019h\u00e9ritage kissien.<\/p>\n<p>Cette \u00e9dition 2025 promet d&rsquo;attirer aussi bien des passionn\u00e9s de mode que des acteurs culturels, des chercheurs, ainsi que le grand public, curieux de d\u00e9couvrir ou red\u00e9couvrir l\u2019esth\u00e9tique et la symbolique du textile kissien. Une occasion unique de c\u00e9l\u00e9brer l\u2019authenticit\u00e9, la tradition et l\u2019innovation dans un esprit de partage et de fiert\u00e9\u00a0communautaire.<\/p>\n<p>La R\u00e9daction<\/p>\n","protected":false},"excerpt":{"rendered":"<p>La maison Menelas Production poursuit son engagement en faveur de la promotion et de la valorisation du textile kissien avec l\u2019organisation de la 4\u00e8me \u00e9dition du festival \u00ab\u00a0Kola Makissio\u00a0\u00bb, qui se tient ce 25 mai 2025 \u00e0 Conakry, \u00e0 partir de 14h au Palais du Peuple de Guin\u00e9e. V\u00e9ritable vitrine culturelle, cet \u00e9v\u00e9nement annuel met [&hellip;]<\/p>\n","protected":false},"author":2,"featured_media":2136,"comment_status":"closed","ping_status":"closed","sticky":false,"template":"","format":"standard","meta":{"footnotes":""},"categories":[9],"tags":[],"class_list":{"0":"post-2135","1":"post","2":"type-post","3":"status-publish","4":"format-standard","5":"has-post-thumbnail","7":"category-culture"},"jetpack_featured_media_url":"https:\/\/cieldeguinee.net\/wp-content\/uploads\/2025\/04\/kissi.jpg","_links":{"self":[{"href":"https:\/\/cieldeguinee.net\/index.php\/wp-json\/wp\/v2\/posts\/2135","targetHints":{"allow":["GET"]}}],"collection":[{"href":"https:\/\/cieldeguinee.net\/index.php\/wp-json\/wp\/v2\/posts"}],"about":[{"href":"https:\/\/cieldeguinee.net\/index.php\/wp-json\/wp\/v2\/types\/post"}],"author":[{"embeddable":true,"href":"https:\/\/cieldeguinee.net\/index.php\/wp-json\/wp\/v2\/users\/2"}],"replies":[{"embeddable":true,"href":"https:\/\/cieldeguinee.net\/index.php\/wp-json\/wp\/v2\/comments?post=2135"}],"version-history":[{"count":0,"href":"https:\/\/cieldeguinee.net\/index.php\/wp-json\/wp\/v2\/posts\/2135\/revisions"}],"wp:featuredmedia":[{"embeddable":true,"href":"https:\/\/cieldeguinee.net\/index.php\/wp-json\/wp\/v2\/media\/2136"}],"wp:attachment":[{"href":"https:\/\/cieldeguinee.net\/index.php\/wp-json\/wp\/v2\/media?parent=2135"}],"wp:term":[{"taxonomy":"category","embeddable":true,"href":"https:\/\/cieldeguinee.net\/index.php\/wp-json\/wp\/v2\/categories?post=2135"},{"taxonomy":"post_tag","embeddable":true,"href":"https:\/\/cieldeguinee.net\/index.php\/wp-json\/wp\/v2\/tags?post=2135"}],"curies":[{"name":"wp","href":"https:\/\/api.w.org\/{rel}","templated":true}]}}