{"id":2138,"date":"2025-04-22T17:22:31","date_gmt":"2025-04-22T15:22:31","guid":{"rendered":"https:\/\/cieldeguinee.net\/?p=2138"},"modified":"2025-04-22T17:22:31","modified_gmt":"2025-04-22T15:22:31","slug":"robert-sarah-le-cardinal-du-silence-un-papabile-venu-dafrique","status":"publish","type":"post","link":"https:\/\/cieldeguinee.net\/index.php\/robert-sarah-le-cardinal-du-silence-un-papabile-venu-dafrique\/","title":{"rendered":"Robert Sarah : le cardinal du silence, un papabile venu d\u2019Afrique"},"content":{"rendered":"<p>Le pape Fran\u00e7ois est mort ce matin(lundi,21 Avril 2025), \u00e0 l\u2019aube d\u2019un printemps romain teint\u00e9 de deuil. Avec lui s\u2019\u00e9teint un pontificat de plus de dix ans, marqu\u00e9 par l\u2019audace pastorale, les r\u00e9formes administratives, une ouverture vers les p\u00e9riph\u00e9ries, mais aussi de profondes divisions internes. \u00c0 peine la nouvelle annonc\u00e9e, les cloches de Saint-Pierre ont sonn\u00e9 lentement, et d\u00e9j\u00e0 la question se pose : quel cardinal pour conduire l\u2019\u00c9glise dans ces temps de confusion spirituelle, de tension morale, de fracture culturelle ?<\/p>\n<p>Dans les couloirs feutr\u00e9s du Vatican,et \u00e0 la une plusieurs m\u00e9dias,un nom ancien r\u00e9appara\u00eet, avec une intensit\u00e9 renouvel\u00e9e : Robert Sarah. Cardinal guin\u00e9en, figure forte de la tradition catholique, il incarne une voix qui ne c\u00e8de ni aux modes ni aux compromis. Dans le tumulte qui s\u2019annonce, il repr\u00e9sente pour certains un recours, pour d\u2019autres une boussole.<\/p>\n<p>Un destin forg\u00e9 dans l\u2019humilit\u00e9 et la foi<\/p>\n<p>N\u00e9 en 1945 \u00e0 Ourous,au nord de la Guin\u00e9e, Robert Sarah conna\u00eet d\u00e8s l\u2019enfance les rigueurs d\u2019un monde sans artifice, marqu\u00e9 par la pauvret\u00e9, le travail et la pri\u00e8re. Tr\u00e8s jeune, il est remarqu\u00e9 pour son intelligence et sa ferveur. Form\u00e9 dans des s\u00e9minaires en Guin\u00e9e, au S\u00e9n\u00e9gal, puis \u00e0 Rome et en Allemagne, il est ordonn\u00e9 pr\u00eatre en 1969. \u00c0 seulement 34 ans, Jean-Paul II le nomme archev\u00eaque de Conakry, faisant de lui l\u2019un des plus jeunes \u00e9v\u00eaques du monde \u00e0 l\u2019\u00e9poque.<\/p>\n<p>Durant pr\u00e8s de deux d\u00e9cennies, il cohabite sagement avec le r\u00e9gime de S\u00e9kou Tour\u00e9. Son autorit\u00e9 morale s\u2019ancre dans cette r\u00e9sistance : discr\u00e8te mais intransigeante. En 2001, il est appel\u00e9 \u00e0 Rome comme secr\u00e9taire de la Congr\u00e9gation pour l\u2019\u00e9vang\u00e9lisation des peuples, avant d\u2019\u00eatre cr\u00e9\u00e9 cardinal par Beno\u00eet XVI en 2010, puis nomm\u00e9 \u00e0 la t\u00eate de la Congr\u00e9gation pour le culte divin et la discipline des sacrements en 2014 par le pape Fran\u00e7ois.<\/p>\n<p>Le gardien de la tradition<\/p>\n<p>\u00c0 Rome, le cardinal Sarah s\u2019impose rapidement comme une voix forte de la tradition. Son orientation th\u00e9ologique est claire : refus du relativisme moral, critique de l\u2019individualisme occidental, d\u00e9fense de la messe c\u00e9l\u00e9br\u00e9e ad orientem, attachement au silence comme lieu de rencontre avec Dieu. Son \u0153uvre litt\u00e9raire, notamment Dieu ou rien (2015), La force du silence (2016) et Le soir approche et d\u00e9j\u00e0 le jour baisse (2019), a connu un succ\u00e8s mondial, traduite en de nombreuses langues, salu\u00e9e tant par les fid\u00e8les que par les intellectuels.<\/p>\n<p>Ce succ\u00e8s ne repose pas sur des formules-choc, mais sur une rigueur spirituelle rare. L\u00e0 o\u00f9 d\u2019autres c\u00e8dent \u00e0 la tentation du consensus, Sarah parle de \u201cv\u00e9rit\u00e9\u201d, m\u00eame si elle d\u00e9range. Il ne cache pas son inqui\u00e9tude face \u00e0 ce qu\u2019il nomme une \u201capostasie silencieuse\u201d, en Occident comme parfois au sein m\u00eame de l\u2019\u00c9glise. Pour autant, il ne s\u2019agit pas d\u2019un pr\u00e9lat nostalgique : sa fid\u00e9lit\u00e9 \u00e0 la tradition n\u2019est pas un refus du monde, mais un d\u00e9sir de le sauver sans se trahir.<\/p>\n<p>Une figure papabile ?<\/p>\n<p>Depuis quelques ann\u00e9es, le nom de Robert Sarah circule parmi les papabili, ces cardinaux que l\u2019on estime capables de succ\u00e9der au pape r\u00e9gnant. \u00c2g\u00e9 de 79 ans, il est encore en mesure de participer au conclave qui sera convoqu\u00e9 dans les prochaines heures. Il incarne pour beaucoup un profil de rassembleur spirituel et d\u2019autorit\u00e9 morale. Son \u00e9lection serait hautement symbolique : un pape africain, conservateur mais pas r\u00e9actionnaire, profond\u00e9ment enracin\u00e9 dans l\u2019universel.<\/p>\n<p>Fort de son exp\u00e9rience, tol\u00e9rant,v\u00e9ridique, Robert Sarah appara\u00eet pour certains comme l\u2019homme qu\u2019il faut pour l\u2019\u00c9glise en ces temps troubl\u00e9s. Certes, ses positions tranch\u00e9es peuvent heurter certains milieux progressistes. Mais sa profondeur spirituelle, sa stature intellectuelle, et son parcours exceptionnel dans les p\u00e9riph\u00e9ries de l\u2019\u00c9glise lui conf\u00e8rent une l\u00e9gitimit\u00e9 rare. Dans un contexte de fragmentation croissante, il pourrait \u00eatre celui qui rappelle \u00e0 l\u2019\u00c9glise sa mission premi\u00e8re : \u00eatre lumi\u00e8re dans l\u2019obscurit\u00e9, non un miroir du monde.<\/p>\n<p>Un homme pour les temps de crise<\/p>\n<p>Robert Sarah ne cherche pas le pouvoir. Il ne cultive pas l\u2019image. Mais c\u2019est peut-\u00eatre pr\u00e9cis\u00e9ment cette absence d\u2019ambition mondaine qui fait de lui une figure cr\u00e9dible et inspirante. Son silence, sa parole m\u00fbrie dans la pri\u00e8re, son ancrage dans l\u2019esp\u00e9rance chr\u00e9tienne tout cela parle \u00e0 une \u00c9glise en qu\u00eate de rep\u00e8res et d\u2019\u00e2me.<\/p>\n<p>Alors que l\u2019ombre de la succession de Fran\u00e7ois plane doucement sur le Vatican, le cardinal Sarah rappelle que, parfois, les voix les plus puissantes sont celles qui parlent \u00e0 genoux.<\/p>\n<p>Lancin\u00e8\u00a0Marcus\u00a0DIOUBATE<\/p>\n","protected":false},"excerpt":{"rendered":"<p>Le pape Fran\u00e7ois est mort ce matin(lundi,21 Avril 2025), \u00e0 l\u2019aube d\u2019un printemps romain teint\u00e9 de deuil. Avec lui s\u2019\u00e9teint un pontificat de plus de dix ans, marqu\u00e9 par l\u2019audace pastorale, les r\u00e9formes administratives, une ouverture vers les p\u00e9riph\u00e9ries, mais aussi de profondes divisions internes. \u00c0 peine la nouvelle annonc\u00e9e, les cloches de Saint-Pierre ont [&hellip;]<\/p>\n","protected":false},"author":2,"featured_media":2139,"comment_status":"closed","ping_status":"closed","sticky":false,"template":"","format":"standard","meta":{"footnotes":""},"categories":[6],"tags":[],"class_list":{"0":"post-2138","1":"post","2":"type-post","3":"status-publish","4":"format-standard","5":"has-post-thumbnail","7":"category-international"},"jetpack_featured_media_url":"https:\/\/cieldeguinee.net\/wp-content\/uploads\/2025\/04\/robert_sara.jpg","_links":{"self":[{"href":"https:\/\/cieldeguinee.net\/index.php\/wp-json\/wp\/v2\/posts\/2138","targetHints":{"allow":["GET"]}}],"collection":[{"href":"https:\/\/cieldeguinee.net\/index.php\/wp-json\/wp\/v2\/posts"}],"about":[{"href":"https:\/\/cieldeguinee.net\/index.php\/wp-json\/wp\/v2\/types\/post"}],"author":[{"embeddable":true,"href":"https:\/\/cieldeguinee.net\/index.php\/wp-json\/wp\/v2\/users\/2"}],"replies":[{"embeddable":true,"href":"https:\/\/cieldeguinee.net\/index.php\/wp-json\/wp\/v2\/comments?post=2138"}],"version-history":[{"count":0,"href":"https:\/\/cieldeguinee.net\/index.php\/wp-json\/wp\/v2\/posts\/2138\/revisions"}],"wp:featuredmedia":[{"embeddable":true,"href":"https:\/\/cieldeguinee.net\/index.php\/wp-json\/wp\/v2\/media\/2139"}],"wp:attachment":[{"href":"https:\/\/cieldeguinee.net\/index.php\/wp-json\/wp\/v2\/media?parent=2138"}],"wp:term":[{"taxonomy":"category","embeddable":true,"href":"https:\/\/cieldeguinee.net\/index.php\/wp-json\/wp\/v2\/categories?post=2138"},{"taxonomy":"post_tag","embeddable":true,"href":"https:\/\/cieldeguinee.net\/index.php\/wp-json\/wp\/v2\/tags?post=2138"}],"curies":[{"name":"wp","href":"https:\/\/api.w.org\/{rel}","templated":true}]}}