{"id":2192,"date":"2025-05-30T14:48:00","date_gmt":"2025-05-30T12:48:00","guid":{"rendered":"https:\/\/cieldeguinee.net\/?p=2192"},"modified":"2025-05-30T14:48:00","modified_gmt":"2025-05-30T12:48:00","slug":"celebration-des-50-ans-de-la-cedeao-la-cote-divoire-reaffirme-son-engagement-en-faveur-de-lintegration-regionale","status":"publish","type":"post","link":"https:\/\/cieldeguinee.net\/index.php\/celebration-des-50-ans-de-la-cedeao-la-cote-divoire-reaffirme-son-engagement-en-faveur-de-lintegration-regionale\/","title":{"rendered":"C\u00e9l\u00e9bration des 50 ans de la Cedeao : La C\u00f4te d\u2019Ivoire r\u00e9affirme son engagement en faveur de l\u2019int\u00e9gration r\u00e9gionale"},"content":{"rendered":"<p>La Communaut\u00e9 \u00c9conomique des \u00c9tats de l\u2019Afrique de l\u2019Ouest (CEDEAO) a c\u00e9l\u00e9br\u00e9 le mercredi, 28 mai 2025, son cinquantenaire lors d\u2019une c\u00e9r\u00e9monie solennelle \u00e0 Lagos, marquant 50 ann\u00e9es de coop\u00e9ration, de solidarit\u00e9 et de qu\u00eate d\u2019int\u00e9gration r\u00e9gionale.La R\u00e9publique de C\u00f4te d\u2019Ivoire, fid\u00e8le \u00e0 son engagement panafricain, y \u00e9tait repr\u00e9sent\u00e9e par Mme Kandia Kamissoko Camara, pr\u00e9sidente du S\u00e9nat qui a port\u00e9 le message du Pr\u00e9sident de la R\u00e9publique, Alassane Ouattara,.**media[240761]**Rappelant l\u2019h\u00e9ritage des p\u00e8res fondateurs tels que le Pr\u00e9sident F\u00e9lix Houphou\u00ebt-Boigny, la repr\u00e9sentante ivoirienne a salu\u00e9 la vision de ces leaders qui, il y a cinq d\u00e9cennies, ont pos\u00e9 les bases d\u2019une Afrique de l\u2019Ouest unie et r\u00e9solument tourn\u00e9e vers le d\u00e9veloppement.\u00ab Aujourd\u2019hui, plus que jamais, je suis convaincue que l\u2019int\u00e9gration r\u00e9gionale est notre meilleure r\u00e9ponse face aux d\u00e9fis communs tels que la pauvret\u00e9, l\u2019ins\u00e9curit\u00e9, le terrorisme, la fracture num\u00e9rique, l\u2019analphab\u00e9tisme ou encore les pand\u00e9mies \u00bb, a-t-elle soulign\u00e9 devant les Chefs d\u2019Etat et de gouvernement.Aussi a-t-elle a r\u00e9affirm\u00e9 la d\u00e9termination du Pr\u00e9sident Alassane Ouattara \u00e0 poursuivre et \u00e0 renforcer cette dynamique d\u2019unit\u00e9, de paix et de prosp\u00e9rit\u00e9 partag\u00e9e. A l\u2019en croire la C\u00f4te d\u2019Ivoire entend demeurer un acteur engag\u00e9 pour une Cedeao plus forte, au service des \u00c9tats membres mais surtout des peuples ouest-africains.A noter que ce cinquantenaire fut non seulement un moment de c\u00e9l\u00e9bration, mais aussi de r\u00e9flexion sur les acquis, les d\u00e9fis. Et les perspectives d\u2019une int\u00e9gration toujours plus profonde au service du d\u00e9veloppement durable de la sous-r\u00e9gion.<\/p>\n<p>Provided by SyndiGate Media Inc. (<a href=\"http:\/\/syndigate.info\/\" target=\"_blank\" rel=\"noopener\" data-t=\"{&quot;n&quot;:&quot;destination&quot;,&quot;t&quot;:13,&quot;a&quot;:&quot;click&quot;,&quot;b&quot;:1,&quot;c.t&quot;:7}\">Syndigate.info)<\/a><\/p>\n","protected":false},"excerpt":{"rendered":"<p>La Communaut\u00e9 \u00c9conomique des \u00c9tats de l\u2019Afrique de l\u2019Ouest (CEDEAO) a c\u00e9l\u00e9br\u00e9 le mercredi, 28 mai 2025, son cinquantenaire lors d\u2019une c\u00e9r\u00e9monie solennelle \u00e0 Lagos, marquant 50 ann\u00e9es de coop\u00e9ration, de solidarit\u00e9 et de qu\u00eate d\u2019int\u00e9gration r\u00e9gionale.La R\u00e9publique de C\u00f4te d\u2019Ivoire, fid\u00e8le \u00e0 son engagement panafricain, y \u00e9tait repr\u00e9sent\u00e9e par Mme Kandia Kamissoko Camara, pr\u00e9sidente [&hellip;]<\/p>\n","protected":false},"author":2,"featured_media":2193,"comment_status":"closed","ping_status":"closed","sticky":false,"template":"","format":"standard","meta":{"footnotes":""},"categories":[6],"tags":[],"class_list":{"0":"post-2192","1":"post","2":"type-post","3":"status-publish","4":"format-standard","5":"has-post-thumbnail","7":"category-international"},"jetpack_featured_media_url":"https:\/\/cieldeguinee.net\/wp-content\/uploads\/2025\/05\/cedeao.jpg","_links":{"self":[{"href":"https:\/\/cieldeguinee.net\/index.php\/wp-json\/wp\/v2\/posts\/2192","targetHints":{"allow":["GET"]}}],"collection":[{"href":"https:\/\/cieldeguinee.net\/index.php\/wp-json\/wp\/v2\/posts"}],"about":[{"href":"https:\/\/cieldeguinee.net\/index.php\/wp-json\/wp\/v2\/types\/post"}],"author":[{"embeddable":true,"href":"https:\/\/cieldeguinee.net\/index.php\/wp-json\/wp\/v2\/users\/2"}],"replies":[{"embeddable":true,"href":"https:\/\/cieldeguinee.net\/index.php\/wp-json\/wp\/v2\/comments?post=2192"}],"version-history":[{"count":0,"href":"https:\/\/cieldeguinee.net\/index.php\/wp-json\/wp\/v2\/posts\/2192\/revisions"}],"wp:featuredmedia":[{"embeddable":true,"href":"https:\/\/cieldeguinee.net\/index.php\/wp-json\/wp\/v2\/media\/2193"}],"wp:attachment":[{"href":"https:\/\/cieldeguinee.net\/index.php\/wp-json\/wp\/v2\/media?parent=2192"}],"wp:term":[{"taxonomy":"category","embeddable":true,"href":"https:\/\/cieldeguinee.net\/index.php\/wp-json\/wp\/v2\/categories?post=2192"},{"taxonomy":"post_tag","embeddable":true,"href":"https:\/\/cieldeguinee.net\/index.php\/wp-json\/wp\/v2\/tags?post=2192"}],"curies":[{"name":"wp","href":"https:\/\/api.w.org\/{rel}","templated":true}]}}