{"id":2218,"date":"2025-06-01T15:27:25","date_gmt":"2025-06-01T13:27:25","guid":{"rendered":"https:\/\/cieldeguinee.net\/?p=2218"},"modified":"2025-06-01T15:27:25","modified_gmt":"2025-06-01T13:27:25","slug":"seredou-scelle-lengagement-national-pour-la-sauvegarde-des-especes-sauvages-menacees","status":"publish","type":"post","link":"https:\/\/cieldeguinee.net\/index.php\/seredou-scelle-lengagement-national-pour-la-sauvegarde-des-especes-sauvages-menacees\/","title":{"rendered":"S\u00e9r\u00e9dou scelle l\u2019engagement national pour la sauvegarde des esp\u00e8ces sauvages menac\u00e9es"},"content":{"rendered":"<p><strong><em>C\u2019est dans une atmosph\u00e8re \u00e0 la fois solennelle et engag\u00e9e que s\u2019est tenue, ce 31 mai 2025 \u00e0 S\u00e9r\u00e9dou, sous-pr\u00e9fecture de Macenta au sud de la Guin\u00e9e, l\u2019ultime \u00e9tape de la campagne nationale de sensibilisation sur la protection et la conservation des esp\u00e8ces sauvages menac\u00e9es d\u2019extinction. Apr\u00e8s Bangouyah (Kindia), Our\u00e9-Kaba (Mamou) et Bissikrima (Dabola), S\u00e9r\u00e9dou vient ainsi marquer la fin d\u2019un p\u00e9riple national ayant mobilis\u00e9 autorit\u00e9s locales, services \u00e9tatiques, soci\u00e9t\u00e9 civile et communaut\u00e9s autour d\u2019une cause commune: la pr\u00e9servation du patrimoine naturel guin\u00e9en.<\/em><\/strong><\/p>\n<p>Plac\u00e9e sous le leadership de la Direction nationale des For\u00eats et Faune (DNFF) du Minist\u00e8re de l\u2019Environnement et du D\u00e9veloppement Durable (MEDD), cette campagne s\u2019inscrit dans les engagements internationaux de la Guin\u00e9e, notamment dans le cadre de la Convention sur le commerce international des esp\u00e8ces de faune et de flore sauvages menac\u00e9es d\u2019extinction (CITES), autrement appel\u00e9e la Convention de Washington.<img loading=\"lazy\" decoding=\"async\" class=\" wp-image-2220 aligncenter\" src=\"https:\/\/cieldeguinee.net\/wp-content\/uploads\/2025\/06\/seredou2-300x188.jpg\" alt=\"\" width=\"450\" height=\"282\" srcset=\"https:\/\/cieldeguinee.net\/wp-content\/uploads\/2025\/06\/seredou2-300x188.jpg 300w, https:\/\/cieldeguinee.net\/wp-content\/uploads\/2025\/06\/seredou2-1024x640.jpg 1024w, https:\/\/cieldeguinee.net\/wp-content\/uploads\/2025\/06\/seredou2-768x480.jpg 768w, https:\/\/cieldeguinee.net\/wp-content\/uploads\/2025\/06\/seredou2-150x94.jpg 150w, https:\/\/cieldeguinee.net\/wp-content\/uploads\/2025\/06\/seredou2-696x435.jpg 696w, https:\/\/cieldeguinee.net\/wp-content\/uploads\/2025\/06\/seredou2-1068x668.jpg 1068w, https:\/\/cieldeguinee.net\/wp-content\/uploads\/2025\/06\/seredou2-672x420.jpg 672w, https:\/\/cieldeguinee.net\/wp-content\/uploads\/2025\/06\/seredou2.jpg 1080w\" sizes=\"auto, (max-width: 450px) 100vw, 450px\" \/><\/p>\n<p>\u00c0 S\u00e9r\u00e9dou, 85 participants ont pris part \u00e0 cette rencontre marqu\u00e9e par des \u00e9changes riches et instructifs entre autorit\u00e9s administratives, services techniques et usagers des ressources naturelles. Une diversit\u00e9 d\u2019acteurs locaux \u00e9tait repr\u00e9sent\u00e9e : services pr\u00e9fectoraux des for\u00eats, de l\u2019agriculture et de l\u2019\u00e9levage, douane, police, brigade nationale de lutte contre la criminalit\u00e9 sur la faune et la flore, mais aussi des acteurs directement li\u00e9s \u00e0 la biodiversit\u00e9 comme les \u00e9leveurs, apiculteurs, p\u00eacheurs, oiseleurs, vendeurs de viande de brousse, charbonniers, transporteurs et ONG environnementales.<img loading=\"lazy\" decoding=\"async\" class=\" wp-image-2221 aligncenter\" src=\"https:\/\/cieldeguinee.net\/wp-content\/uploads\/2025\/06\/seredou-300x188.jpg\" alt=\"\" width=\"450\" height=\"282\" srcset=\"https:\/\/cieldeguinee.net\/wp-content\/uploads\/2025\/06\/seredou-300x188.jpg 300w, https:\/\/cieldeguinee.net\/wp-content\/uploads\/2025\/06\/seredou-1024x640.jpg 1024w, https:\/\/cieldeguinee.net\/wp-content\/uploads\/2025\/06\/seredou-768x480.jpg 768w, https:\/\/cieldeguinee.net\/wp-content\/uploads\/2025\/06\/seredou-150x94.jpg 150w, https:\/\/cieldeguinee.net\/wp-content\/uploads\/2025\/06\/seredou-696x435.jpg 696w, https:\/\/cieldeguinee.net\/wp-content\/uploads\/2025\/06\/seredou-1068x668.jpg 1068w, https:\/\/cieldeguinee.net\/wp-content\/uploads\/2025\/06\/seredou-672x420.jpg 672w, https:\/\/cieldeguinee.net\/wp-content\/uploads\/2025\/06\/seredou.jpg 1080w\" sizes=\"auto, (max-width: 450px) 100vw, 450px\" \/><\/p>\n<p>La c\u00e9r\u00e9monie a connu la pr\u00e9sence du Sous-lieutenant Laye Seinkoun Camara, charg\u00e9 des For\u00eats de Macenta, repr\u00e9sentant du chef de la Section For\u00eats et Faune ; de l\u2019Adjudant-chef Bamba Ciss\u00e9 de l\u2019Office guin\u00e9en des bois (OGUIB) ; de M. Richard Kovanah, secr\u00e9taire g\u00e9n\u00e9ral de la sous-pr\u00e9fecture, repr\u00e9sentant la Sous-pr\u00e9f\u00e8te ; ainsi que de M. Jean Togba, pr\u00e9sident de la D\u00e9l\u00e9gation sp\u00e9ciale.<\/p>\n<p>Plusieurs interventions ont permis de renforcer la sensibilisation des communaut\u00e9s sur les enjeux de la lutte contre la criminalit\u00e9 environnementale. Le Lieutenant Tohon Delphine Koli\u00e9, Point focal CITES, et le Lieutenant Abdourahamane Bangoura, assistant \u00e0 l\u2019Organe de Gestion CITES, ont pr\u00e9sent\u00e9 les principes et les objectifs de la Convention CITES. Le Sous-lieutenant Malick Cont\u00e9, chef de la Cellule des Op\u00e9rations \u00e0 la Brigade nationale de lutte contre la criminalit\u00e9 sur la faune et la flore, a, quant \u00e0 lui, pr\u00e9sent\u00e9 l\u2019organisation et les missions de ladite brigade, illustr\u00e9es par des exemples concrets de saisies r\u00e9alis\u00e9es sur le terrain. Il a \u00e9galement \u00e9voqu\u00e9 les dispositions du Code de la faune sauvage et de la r\u00e9glementation sur la chasse, rappelant l\u2019interdiction et la r\u00e9pression des infractions y aff\u00e9rentes. A noter que la Brigade Nationale est une structure\u00a0 rattach\u00e9e \u00e0 la Direction G\u00e9n\u00e9rale des Conservateurs de la Nature(DGCN) du MEDD.<img loading=\"lazy\" decoding=\"async\" class=\" wp-image-2222 aligncenter\" src=\"https:\/\/cieldeguinee.net\/wp-content\/uploads\/2025\/06\/Seredou3-300x188.jpg\" alt=\"\" width=\"450\" height=\"282\" srcset=\"https:\/\/cieldeguinee.net\/wp-content\/uploads\/2025\/06\/Seredou3-300x188.jpg 300w, https:\/\/cieldeguinee.net\/wp-content\/uploads\/2025\/06\/Seredou3-1024x640.jpg 1024w, https:\/\/cieldeguinee.net\/wp-content\/uploads\/2025\/06\/Seredou3-768x480.jpg 768w, https:\/\/cieldeguinee.net\/wp-content\/uploads\/2025\/06\/Seredou3-150x94.jpg 150w, https:\/\/cieldeguinee.net\/wp-content\/uploads\/2025\/06\/Seredou3-696x435.jpg 696w, https:\/\/cieldeguinee.net\/wp-content\/uploads\/2025\/06\/Seredou3-1068x668.jpg 1068w, https:\/\/cieldeguinee.net\/wp-content\/uploads\/2025\/06\/Seredou3-672x420.jpg 672w, https:\/\/cieldeguinee.net\/wp-content\/uploads\/2025\/06\/Seredou3.jpg 1080w\" sizes=\"auto, (max-width: 450px) 100vw, 450px\" \/><\/p>\n<p>Enfin, le Sous-lieutenant Seinkoun Camara est intervenu sur le Code forestier, mettant en lumi\u00e8re les articles interdisant et sanctionnant les activit\u00e9s illicites li\u00e9es \u00e0 l\u2019exploitation foresti\u00e8re.<\/p>\n<p>Au terme de cette campagne, le message est sans \u00e9quivoque : la pr\u00e9servation de la biodiversit\u00e9 guin\u00e9enne n\u2019est plus l\u2019affaire exclusive des sp\u00e9cialistes ou des institutions. Elle rel\u00e8ve d\u00e9sormais d\u2019une responsabilit\u00e9 collective. \u00c0 S\u00e9r\u00e9dou comme ailleurs, les populations sont mieux inform\u00e9es sur les lois en vigueur, les esp\u00e8ces prot\u00e9g\u00e9es, les sanctions applicables, mais aussi sur les alternatives durables \u00e0 l\u2019exploitation abusive des ressources naturelles.<\/p>\n<p>Cette derni\u00e8re \u00e9tape marque une avanc\u00e9e significative pour la Guin\u00e9e, dans sa volont\u00e9 de concilier d\u00e9veloppement durable et protection de la biodiversit\u00e9.<\/p>\n<p><strong>Une synth\u00e8se de la r\u00e9daction<\/strong><\/p>\n<p>&nbsp;<\/p>\n","protected":false},"excerpt":{"rendered":"<p>C\u2019est dans une atmosph\u00e8re \u00e0 la fois solennelle et engag\u00e9e que s\u2019est tenue, ce 31 mai 2025 \u00e0 S\u00e9r\u00e9dou, sous-pr\u00e9fecture de Macenta au sud de la Guin\u00e9e, l\u2019ultime \u00e9tape de la campagne nationale de sensibilisation sur la protection et la conservation des esp\u00e8ces sauvages menac\u00e9es d\u2019extinction. Apr\u00e8s Bangouyah (Kindia), Our\u00e9-Kaba (Mamou) et Bissikrima (Dabola), S\u00e9r\u00e9dou [&hellip;]<\/p>\n","protected":false},"author":2,"featured_media":2219,"comment_status":"closed","ping_status":"closed","sticky":false,"template":"","format":"standard","meta":{"footnotes":""},"categories":[5],"tags":[],"class_list":{"0":"post-2218","1":"post","2":"type-post","3":"status-publish","4":"format-standard","5":"has-post-thumbnail","7":"category-environnement"},"jetpack_featured_media_url":"https:\/\/cieldeguinee.net\/wp-content\/uploads\/2025\/06\/seredou4.jpg","_links":{"self":[{"href":"https:\/\/cieldeguinee.net\/index.php\/wp-json\/wp\/v2\/posts\/2218","targetHints":{"allow":["GET"]}}],"collection":[{"href":"https:\/\/cieldeguinee.net\/index.php\/wp-json\/wp\/v2\/posts"}],"about":[{"href":"https:\/\/cieldeguinee.net\/index.php\/wp-json\/wp\/v2\/types\/post"}],"author":[{"embeddable":true,"href":"https:\/\/cieldeguinee.net\/index.php\/wp-json\/wp\/v2\/users\/2"}],"replies":[{"embeddable":true,"href":"https:\/\/cieldeguinee.net\/index.php\/wp-json\/wp\/v2\/comments?post=2218"}],"version-history":[{"count":0,"href":"https:\/\/cieldeguinee.net\/index.php\/wp-json\/wp\/v2\/posts\/2218\/revisions"}],"wp:featuredmedia":[{"embeddable":true,"href":"https:\/\/cieldeguinee.net\/index.php\/wp-json\/wp\/v2\/media\/2219"}],"wp:attachment":[{"href":"https:\/\/cieldeguinee.net\/index.php\/wp-json\/wp\/v2\/media?parent=2218"}],"wp:term":[{"taxonomy":"category","embeddable":true,"href":"https:\/\/cieldeguinee.net\/index.php\/wp-json\/wp\/v2\/categories?post=2218"},{"taxonomy":"post_tag","embeddable":true,"href":"https:\/\/cieldeguinee.net\/index.php\/wp-json\/wp\/v2\/tags?post=2218"}],"curies":[{"name":"wp","href":"https:\/\/api.w.org\/{rel}","templated":true}]}}