{"id":2224,"date":"2025-06-01T17:23:03","date_gmt":"2025-06-01T15:23:03","guid":{"rendered":"https:\/\/cieldeguinee.net\/?p=2224"},"modified":"2025-06-01T17:23:03","modified_gmt":"2025-06-01T15:23:03","slug":"ousmane-sonko-en-visite-officielle-a-conakry-pour-renforcer-les-liens-bilateraux","status":"publish","type":"post","link":"https:\/\/cieldeguinee.net\/index.php\/ousmane-sonko-en-visite-officielle-a-conakry-pour-renforcer-les-liens-bilateraux\/","title":{"rendered":"Ousmane Sonko en visite officielle \u00e0 Conakry pour renforcer les liens bilat\u00e9raux"},"content":{"rendered":"<h3><strong>Conakry s\u2019appr\u00eate \u00e0 accueillir une visite diplomatique de haut niveau. Le Premier Ministre\u00a0 du S\u00e9n\u00e9gal, Ousmane SONKO, est attendu \u00e0 Conakry pour une visite d\u2019amiti\u00e9 et de travail les 1er et 2 juin 2025, marquant une nouvelle \u00e9tape dans le renforcement des relations historiques et de la coop\u00e9ration bilat\u00e9rale entre la Guin\u00e9e et le S\u00e9n\u00e9gal.<\/strong><\/h3>\n<h3>Cette visite, qui s\u2019inscrit dans la volont\u00e9 commune des Pr\u00e9sidents des deux nations, le G\u00e9n\u00e9ral d\u2019Arm\u00e9e Mamadi DOUMBOUYA de la Guin\u00e9e et\u00a0 Bassirou Diomaye FAYE du S\u00e9n\u00e9gal, intervient opportun\u00e9ment apr\u00e8s le succ\u00e8s de la sixi\u00e8me session de la Grande Commission Mixte de Coop\u00e9ration, qui avait vu la participation active des Ministres des Affaires \u00c9trang\u00e8res des deux pays.<\/h3>\n<h3>L\u2019arriv\u00e9e du Premier Ministre Sonko est pr\u00e9vue ce dimanche 1er juin \u00e0 15h00 \u00e0 l\u2019a\u00e9roport international Ahmed S\u00e9kou Tour\u00e9. Il sera accueilli par son homologue guin\u00e9en, le Premier Ministre Amadou Oury BAH, signe de l\u2019importance accord\u00e9e \u00e0 cette rencontre par les autorit\u00e9s guin\u00e9ennes.<\/h3>\n<h3>Le programme de la visite s\u2019annonce dense. Le lundi 2 juin, les deux Premiers Ministres tiendront une rencontre en t\u00eate-\u00e0-t\u00eate, suivie d\u2019une s\u00e9ance de travail \u00e9largie aux d\u00e9l\u00e9gations des deux pays. Ces discussions permettront d\u2019aborder une s\u00e9rie de questions d\u2019int\u00e9r\u00eat commun, visant \u00e0 approfondir davantage la coop\u00e9ration dans divers domaines.<\/h3>\n<h3>\u00c0 l\u2019issue de leurs \u00e9changes, une d\u00e9claration de presse conjointe sera faite au Palais de la Colombe. Ce moment sera l\u2019occasion pour les deux chefs de gouvernement de r\u00e9affirmer les liens fraternels qui unissent la Guin\u00e9e et le S\u00e9n\u00e9gal, et de mettre en lumi\u00e8re les avanc\u00e9es significatives r\u00e9alis\u00e9es dans leurs \u00e9changes bilat\u00e9raux.<\/h3>\n<h3>Le point culminant de cette visite sera l\u2019audience accord\u00e9e au Premier Ministre Ousmane SONKO et \u00e0 sa d\u00e9l\u00e9gation par\u00a0le G\u00e9n\u00e9ral d\u2019Arm\u00e9e Mamadi DOUMBOUYA, au Palais Mohamed V. Cette rencontre soulignera l\u2019engagement des plus hautes autorit\u00e9s des deux pays en faveur d\u2019un partenariat renforc\u00e9.<\/h3>\n<h3>Le Premier Ministre Ousmane SONKO quittera Conakry le lundi 2 juin \u00e0 17h00, laissant derri\u00e8re lui une nouvelle impulsion aux relations diplomatiques et de coop\u00e9ration entre la Guin\u00e9e et le S\u00e9n\u00e9gal.<\/h3>\n<h3><strong>Minkailou Barry, partenaire \u00e0 Cieldeguinee<\/strong><\/h3>\n","protected":false},"excerpt":{"rendered":"<p>Conakry s\u2019appr\u00eate \u00e0 accueillir une visite diplomatique de haut niveau. Le Premier Ministre\u00a0 du S\u00e9n\u00e9gal, Ousmane SONKO, est attendu \u00e0 Conakry pour une visite d\u2019amiti\u00e9 et de travail les 1er et 2 juin 2025, marquant une nouvelle \u00e9tape dans le renforcement des relations historiques et de la coop\u00e9ration bilat\u00e9rale entre la Guin\u00e9e et le S\u00e9n\u00e9gal. [&hellip;]<\/p>\n","protected":false},"author":2,"featured_media":2225,"comment_status":"closed","ping_status":"closed","sticky":false,"template":"","format":"standard","meta":{"footnotes":""},"categories":[6],"tags":[],"class_list":{"0":"post-2224","1":"post","2":"type-post","3":"status-publish","4":"format-standard","5":"has-post-thumbnail","7":"category-international"},"jetpack_featured_media_url":"https:\/\/cieldeguinee.net\/wp-content\/uploads\/2025\/06\/sonko.webp","_links":{"self":[{"href":"https:\/\/cieldeguinee.net\/index.php\/wp-json\/wp\/v2\/posts\/2224","targetHints":{"allow":["GET"]}}],"collection":[{"href":"https:\/\/cieldeguinee.net\/index.php\/wp-json\/wp\/v2\/posts"}],"about":[{"href":"https:\/\/cieldeguinee.net\/index.php\/wp-json\/wp\/v2\/types\/post"}],"author":[{"embeddable":true,"href":"https:\/\/cieldeguinee.net\/index.php\/wp-json\/wp\/v2\/users\/2"}],"replies":[{"embeddable":true,"href":"https:\/\/cieldeguinee.net\/index.php\/wp-json\/wp\/v2\/comments?post=2224"}],"version-history":[{"count":0,"href":"https:\/\/cieldeguinee.net\/index.php\/wp-json\/wp\/v2\/posts\/2224\/revisions"}],"wp:featuredmedia":[{"embeddable":true,"href":"https:\/\/cieldeguinee.net\/index.php\/wp-json\/wp\/v2\/media\/2225"}],"wp:attachment":[{"href":"https:\/\/cieldeguinee.net\/index.php\/wp-json\/wp\/v2\/media?parent=2224"}],"wp:term":[{"taxonomy":"category","embeddable":true,"href":"https:\/\/cieldeguinee.net\/index.php\/wp-json\/wp\/v2\/categories?post=2224"},{"taxonomy":"post_tag","embeddable":true,"href":"https:\/\/cieldeguinee.net\/index.php\/wp-json\/wp\/v2\/tags?post=2224"}],"curies":[{"name":"wp","href":"https:\/\/api.w.org\/{rel}","templated":true}]}}