{"id":2230,"date":"2025-06-03T15:13:26","date_gmt":"2025-06-03T13:13:26","guid":{"rendered":"https:\/\/cieldeguinee.net\/?p=2230"},"modified":"2025-06-03T15:13:26","modified_gmt":"2025-06-03T13:13:26","slug":"crises-internes-a-lufdg-un-ancien-cadre-du-parti-sadresse-a-dr-fode-oussou-fofana","status":"publish","type":"post","link":"https:\/\/cieldeguinee.net\/index.php\/crises-internes-a-lufdg-un-ancien-cadre-du-parti-sadresse-a-dr-fode-oussou-fofana\/","title":{"rendered":"Crises internes \u00e0 l\u2019UFDG : un ancien cadre du parti s\u2019adresse \u00e0 Dr Fod\u00e9 Oussou Fofana"},"content":{"rendered":"<p>Dans une lettre ouverte d\u2019une rare fermet\u00e9 et publi\u00e9e sur sa page Facebook, Safa Tounkara, ancien cadre du parti de l\u2019Union des forces d\u00e9mocratiques de Guin\u00e9e(UFDG) r\u00e9pond aux d\u00e9clarations de Dr Fod\u00e9 Oussou Fofana, qu\u2019il accuse de falsifier les faits et de renier son engagement de longue date au sein de l\u2019UFDG. Revenant sur plus d\u2019une d\u00e9cennie de militantisme, de responsabilit\u00e9s et de contributions au parti, l\u2019auteur d\u00e9nonce une volont\u00e9 d\u00e9lib\u00e9r\u00e9e d\u2019effacer les parcours sinc\u00e8res au profit d\u2019un discours politique clivant. Entre appels \u00e0 la r\u00e9forme interne et rappel \u00e0 la v\u00e9rit\u00e9, cette tribune jette une lumi\u00e8re crue sur les tensions qui minent aujourd\u2019hui les rangs du principal parti de l\u2019opposition guin\u00e9enne. Lisez ci-dessous ladite lettre !<\/p>\n<p>Cher Dr Fode Oussou Fofana,<\/p>\n<p>J\u2019ai lu vos propos avec recul, mais aussi avec une profonde d\u00e9ception. Car s\u2019il est parfois sage de se taire, il devient n\u00e9cessaire de r\u00e9pondre quand la v\u00e9rit\u00e9 est sciemment d\u00e9form\u00e9e au d\u00e9triment de l\u2019histoire et de la justice.<\/p>\n<p>Contrairement \u00e0 ce que vous avez d\u00e9clar\u00e9, je n\u2019ai jamais \u00e9t\u00e9 \u00ab coopt\u00e9 \u00bb ni \u00ab recrut\u00e9 \u00bb comme un technicien parachut\u00e9 des \u00c9tats-Unis. Mon engagement au sein de l\u2019UFDG ne commence pas en 2019, mais bien en 2009, lorsque j\u2019ai assum\u00e9 la fonction de secr\u00e9taire administratif de la f\u00e9d\u00e9ration d\u2019Indiana. J\u2019ai ensuite \u00e9t\u00e9 l\u2019un des cr\u00e9ateurs de la cellule de communication, que j\u2019ai contribu\u00e9 \u00e0 structurer, animer et renforcer, en cooptant des personnes qui ont apport\u00e9 et qui continuent d\u2019apporter une r\u00e9elle valeur ajout\u00e9e \u00e0 l\u2019UFDG.<\/p>\n<p>J\u2019ai \u00e9galement contribu\u00e9 \u00e0 la r\u00e9daction de plusieurs projets de soci\u00e9t\u00e9 du parti et j\u2019\u00e9tais assid\u00fbment sollicit\u00e9 pour la r\u00e9daction de nombreux documents internes et externes. Cette implication intellectuelle et organisationnelle a \u00e9t\u00e9 constante pendant de longues ann\u00e9es.<\/p>\n<p>Il faut \u00e9galement rappeler qu\u2019en 2019, lorsque le parti a demand\u00e9 que je le repr\u00e9sente \u00e0 la CENI, j\u2019avais d\u00e9j\u00e0 plus de dix ans de solides et loyaux services au sein de l\u2019UFDG. Ce n\u2019\u00e9tait donc pas une faveur, encore moins un privil\u00e8ge, mais la reconnaissance d\u2019un parcours militant constant, structurant et soutenu par de solides comp\u00e9tences techniques.<\/p>\n<p>Je ne souhaite pas m\u2019\u00e9tendre sur tout ce que j\u2019ai fait pour le parti le militantisme sinc\u00e8re ne cherche ni projecteurs ni r\u00e9compenses mais devrais-je rappeler nos missions \u00e0 Chicago, \u00e0 New York, \u00e0 Philadelphie ? Devrais-je rappeler ce que nous avons accompli \u00e0 Indianapolis en 2014, lors de votre visite ? Ou encore mes nombreuses prises de parole et tribunes dans les m\u00e9dias, toujours pour d\u00e9fendre la cause et la vision du parti, m\u00eame dans des contextes peu favorables.<\/p>\n<p>Cela prouve clairement que ce que vous avez dit est une contre-v\u00e9rit\u00e9. La question que je me pose est : pour quelles raisons ?<\/p>\n<p>Je me permets \u00e9galement un rappel : apr\u00e8s les \u00e9v\u00e9nements du 5 septembre 2021, soit bien apr\u00e8s mon d\u00e9part de la CENI, c\u2019est \u00e0 moi qu\u2019il a \u00e9t\u00e9 confi\u00e9 de piloter la r\u00e9daction du m\u00e9morandum de l\u2019ANAD, y compris l\u2019\u00e9laboration du chronogramme de transition. \u00c9tait-ce l\u00e0 l\u2019\u0153uvre d\u2019un \u00ab technicien sans influence \u00bb ? Ou celle d\u2019un militant rest\u00e9 fid\u00e8le, m\u00eame sans poste officiel ?<\/p>\n<p>Je me souviens aussi et vous aussi sans doute de ce d\u00e9put\u00e9 pharmacien fra\u00eechement \u00e9lu, qui comptait plus sur le volume sonore de ses interventions que sur la solidit\u00e9 de sa r\u00e9flexion, et pour qui je passais des nuits \u00e0 r\u00e9diger et corriger des textes.<\/p>\n<p>Cela me pousse \u00e0 vous poser une question : qui d\u2019autre a bien pu \u00e9laborer ce texte pour vous ?<\/p>\n<p>Je comprends mieux aujourd\u2019hui la raison de vos attaques personnelles : je fais partie de ceux qui, depuis longtemps, appellent \u00e0 des r\u00e9formes internes, \u00e0 plus de d\u00e9mocratie, de clart\u00e9 et de rigueur dans la gestion du parti. Vous n\u2019acceptez ni la critique constructive, ni les propositions d\u2019am\u00e9lioration. Mais ce refus obstin\u00e9 de toute remise en question est pr\u00e9cis\u00e9ment ce qui menace de faire couler l\u2019UFDG.<\/p>\n<p>Ce sont les attaques injustes et inutiles, le refus du d\u00e9bat interne, l\u2019ingratitude et le reni volontaire des contributions des cadres du parti qui affaiblissent ce parti.<\/p>\n<p>Vous nous accusez de trahison, mais ce sont les dogmes fig\u00e9s, le culte de la personnalit\u00e9, et le rejet syst\u00e9matique des id\u00e9es nouvelles qui minent notre camp. Ceux que vous attaquez aujourd\u2019hui sont ceux qui ont port\u00e9 le parti, structur\u00e9 sa communication, \u00e9labor\u00e9 ses id\u00e9es, d\u00e9fendu ses principes, anim\u00e9 ses bases.<\/p>\n<p>Depuis ma nomination dans l\u2019administration, j\u2019ai fait le choix clair et responsable de respecter mon serment d\u2019agent de l\u2019\u00c9tat. Je me consacre d\u00e9sormais pleinement \u00e0 ma mission : accompagner le G\u00e9n\u00e9ral Mamadi Doumbouya dans le d\u00e9veloppement du secteur des postes, des t\u00e9l\u00e9communications et de l\u2019\u00e9conomie num\u00e9rique. Je ne fais pas de politique politicienne : je travaille pour la R\u00e9publique.<\/p>\n<p>Ce qui affaiblit aujourd\u2019hui l\u2019UFDG, ce ne sont pas le d\u00e9part ou le silence de quelques cadres : ce sont les attaques injustes, le rejet du d\u00e9bat interne, l\u2019ingratitude et l\u2019oubli volontaire des contributions pass\u00e9es. \u00c0 force de r\u00e9tr\u00e9cir la maison, on finit par s\u2019y retrouver seuls.<\/p>\n<p>Ce que vous avez dit est tout simplement une contrev\u00e9rit\u00e9. Une contrev\u00e9rit\u00e9 flagrante.<\/p>\n<p>Et vous, qui avez longtemps \u00e9t\u00e9 le principal animateur des assembl\u00e9es du parti, vous devriez parfois faire une faveur aux intellectuels de ce pays : vous taire.<\/p>\n<p>Avec tout le respect que je vous dois,<\/p>\n<p>Safa Tounkara<\/p>\n<p>@highlight<\/p>\n<p>Elhadj Fode Oussou Fofana<\/p>\n<p>&nbsp;<\/p>\n","protected":false},"excerpt":{"rendered":"<p>Dans une lettre ouverte d\u2019une rare fermet\u00e9 et publi\u00e9e sur sa page Facebook, Safa Tounkara, ancien cadre du parti de l\u2019Union des forces d\u00e9mocratiques de Guin\u00e9e(UFDG) r\u00e9pond aux d\u00e9clarations de Dr Fod\u00e9 Oussou Fofana, qu\u2019il accuse de falsifier les faits et de renier son engagement de longue date au sein de l\u2019UFDG. Revenant sur plus [&hellip;]<\/p>\n","protected":false},"author":2,"featured_media":2231,"comment_status":"closed","ping_status":"closed","sticky":false,"template":"","format":"standard","meta":{"footnotes":""},"categories":[3],"tags":[],"class_list":{"0":"post-2230","1":"post","2":"type-post","3":"status-publish","4":"format-standard","5":"has-post-thumbnail","7":"category-politique"},"jetpack_featured_media_url":"https:\/\/cieldeguinee.net\/wp-content\/uploads\/2025\/06\/safa.jpg","_links":{"self":[{"href":"https:\/\/cieldeguinee.net\/index.php\/wp-json\/wp\/v2\/posts\/2230","targetHints":{"allow":["GET"]}}],"collection":[{"href":"https:\/\/cieldeguinee.net\/index.php\/wp-json\/wp\/v2\/posts"}],"about":[{"href":"https:\/\/cieldeguinee.net\/index.php\/wp-json\/wp\/v2\/types\/post"}],"author":[{"embeddable":true,"href":"https:\/\/cieldeguinee.net\/index.php\/wp-json\/wp\/v2\/users\/2"}],"replies":[{"embeddable":true,"href":"https:\/\/cieldeguinee.net\/index.php\/wp-json\/wp\/v2\/comments?post=2230"}],"version-history":[{"count":0,"href":"https:\/\/cieldeguinee.net\/index.php\/wp-json\/wp\/v2\/posts\/2230\/revisions"}],"wp:featuredmedia":[{"embeddable":true,"href":"https:\/\/cieldeguinee.net\/index.php\/wp-json\/wp\/v2\/media\/2231"}],"wp:attachment":[{"href":"https:\/\/cieldeguinee.net\/index.php\/wp-json\/wp\/v2\/media?parent=2230"}],"wp:term":[{"taxonomy":"category","embeddable":true,"href":"https:\/\/cieldeguinee.net\/index.php\/wp-json\/wp\/v2\/categories?post=2230"},{"taxonomy":"post_tag","embeddable":true,"href":"https:\/\/cieldeguinee.net\/index.php\/wp-json\/wp\/v2\/tags?post=2230"}],"curies":[{"name":"wp","href":"https:\/\/api.w.org\/{rel}","templated":true}]}}