{"id":2247,"date":"2025-06-13T19:43:08","date_gmt":"2025-06-13T17:43:08","guid":{"rendered":"https:\/\/cieldeguinee.net\/?p=2247"},"modified":"2025-06-13T19:43:08","modified_gmt":"2025-06-13T17:43:08","slug":"mpten-la-guinee-prend-une-part-active-a-la-vivatech-2025-a-paris","status":"publish","type":"post","link":"https:\/\/cieldeguinee.net\/index.php\/mpten-la-guinee-prend-une-part-active-a-la-vivatech-2025-a-paris\/","title":{"rendered":"MPTEN : LA GUIN\u00c9E PREND UNE PART ACTIVE \u00c0 LA VIVATECH 2025 \u00c0 PARIS"},"content":{"rendered":"<h3><strong>Repr\u00e9sent\u00e9e par la ministre des Postes, T\u00e9l\u00e9communications et de l\u2019Economie Num\u00e9rique, Rose Pola Pricemou, la Guin\u00e9e est hautement repr\u00e9sent\u00e9e \u00e0 la \ud835\udc15\ud835\udc22\ud835\udc2f\ud835\udc1a\ud835\udc13\ud835\udc1e\ud835\udc1c\ud835\udc21 \ud835\udfd0\ud835\udfce\ud835\udfd0\ud835\udfd3 \u00e0 Paris. L\u2019\u00e9v\u00e9nement qui a d\u00e9but\u00e9 ce 11 juin prendra fin le samedi 14 juin 2025. L\u2019objectif de cette mission est de :<\/strong><\/h3>\n<h3>\u2022 Promouvoir les r\u00e9formes et projets structurants du Gouvernement ;<\/h3>\n<h3>\u2022 Valoriser l\u2019\u00e9cosyst\u00e8me entrepreneurial guin\u00e9en ;<\/h3>\n<h3>\u2022 Tisser de nouveaux partenariats strat\u00e9giques pour acc\u00e9l\u00e9rer la transformation num\u00e9rique du pays.<\/h3>\n<h3>Le mercredi 11 juin 2025, la Guin\u00e9e, \u00e0 travers la Ministre des Postes, des T\u00e9l\u00e9communication et de l\u2019\u00c9conomie Num\u00e9rique, Madame Rose Pola Pricemou, a pris part \u00e0 la c\u00e9r\u00e9monie d\u2019ouverture officielle de VivaTech 2025, marquant ainsi le d\u00e9but d\u2019une participation guin\u00e9enne \u00e0 forte port\u00e9e strat\u00e9gique.<\/h3>\n<h3>Aux c\u00f4t\u00e9s de plusieurs chefs de d\u00e9l\u00e9gation internationale, Madame la Ministre a assist\u00e9 \u00e0 un moment solennel et symbolique, rehauss\u00e9 par la pr\u00e9sence du Pr\u00e9sident de la R\u00e9publique fran\u00e7aise, Emmanuel Macron, qui a r\u00e9affirm\u00e9 l\u2019importance du num\u00e9rique comme levier d\u2019influence globale.<\/h3>\n<h3>D\u00e8s les premi\u00e8res heures du salon, la d\u00e9l\u00e9gation guin\u00e9enne, compos\u00e9e d\u2019institutionnels, de repr\u00e9sentants de l\u2019ANSUTEN, de La Poste Guin\u00e9enne et de jeunes startups dynamiques, s\u2019est immerg\u00e9e dans l\u2019\u00e9cosyst\u00e8me VivaTech.<\/h3>\n<h3>Madame la Ministre a notamment :<\/h3>\n<h3>\u2022 Assist\u00e9 \u00e0 la Keynote de Jensen Huang, fondateur et PDG de \ud835\udc0d\ud835\udc15\ud835\udc08\ud835\udc03\ud835\udc08\ud835\udc00, sur la sc\u00e8ne du D\u00f4me, o\u00f9 ont \u00e9t\u00e9 d\u00e9voil\u00e9es les derni\u00e8res avanc\u00e9es de l\u2019entreprise en mati\u00e8re d\u2019intelligence artificielle ;<\/h3>\n<h3>\u2022 Men\u00e9 plusieurs rencontres bilat\u00e9rales avec des partenaires techniques et institutionnels, afin d\u2019explorer de nouvelles opportunit\u00e9s de coop\u00e9ration autour des priorit\u00e9s num\u00e9riques nationales;<\/h3>\n<h3>\u2022 Accord\u00e9 des interviews aux m\u00e9dias pour porter la voix de la Guin\u00e9e dans ce rendez-vous mondial et mettre en lumi\u00e8re les ambitions num\u00e9riques du Gouvernement.<\/h3>\n<h3>Le jeudi 12 Juin 2025, sous la conduite de madame la Ministre des Postes, des T\u00e9l\u00e9communications et de l\u2019\u00c9conomie Num\u00e9rique, la d\u00e9l\u00e9gation guin\u00e9enne a poursuivi une dynamique soutenue de rencontres bilat\u00e9rales et de communications strat\u00e9giques autour du num\u00e9rique guin\u00e9en, \u00e0 travers le stand pays qui continue d\u2019attirer de nombreux visiteurs et partenaires potentiels.<\/h3>\n<h3>Cette deuxi\u00e8me journ\u00e9e a \u00e9t\u00e9 marqu\u00e9e par plusieurs \u00e9changes institutionnels de haut niveau :<\/h3>\n<h3>\u2022 Un entretien avec le ministre de la Francophonie et du Partenariat, ax\u00e9 sur le renforcement des synergies francophones autour de l\u2019innovation technologique et de la transformation digitale.<\/h3>\n<h3>\u2022 Une rencontre avec le ministre des T\u00e9l\u00e9communications de la C\u00f4te d\u2019Ivoire, au cours de laquelle les perspectives de renforcement de la coop\u00e9ration entre les deux pays ont \u00e9t\u00e9 au c\u0153ur des discussions.<\/h3>\n<h3>\u2022 Une visite de Monsieur R\u00e9my Rioux, Directeur G\u00e9n\u00e9ral de l\u2019Agence Fran\u00e7aise de D\u00e9veloppement (AFD), dans le stand pays de la Guin\u00e9e. Cette visite a permis d\u2019\u00e9changer bri\u00e8vement sur les pistes potentielles de collaboration autour du financement de projets num\u00e9riques innovants.<\/h3>\n<h3>\u2022 Une r\u00e9union approfondie avec Madame Elisabeth Barsacq, cheffe du Service des affaires europ\u00e9ennes et internationales, et Monsieur Michel Combot, Directeur de la Direction des technologies, de l\u2019innovation et de l\u2019intelligence artificielle de la Commission Nationale de l\u2019Informatique et des Libert\u00e9s (CNIL). Les \u00e9changes ont port\u00e9 sur des enjeux cruciaux tels que la cybers\u00e9curit\u00e9, l\u2019intelligence artificielle et la protection des donn\u00e9es \u00e0 caract\u00e8re personnel, th\u00e9matiques strat\u00e9giques pour la feuille de route num\u00e9rique de la Guin\u00e9e.<\/h3>\n<h3>\u2022 Une visite de la nouvelle infrastructure de l\u2019\u00c9cole 42 Paris, prochainement inaugur\u00e9e. Cette immersion, guid\u00e9e par la direction de l\u2019\u00e9tablissement, a permis de discuter des mod\u00e8les p\u00e9dagogiques disruptifs et des opportunit\u00e9s de collaboration pour le renforcement des comp\u00e9tences num\u00e9riques des jeunes Guin\u00e9ens.<\/h3>\n<h3>Port\u00e9e par la vision num\u00e9rique du Gouvernement, la d\u00e9l\u00e9gation Guin\u00e9enne a pr\u00e9sent\u00e9 les grandes ambitions du pays en mati\u00e8re de transformation num\u00e9rique, \u00e0 travers le programme Simandou 2040, les r\u00e9formes majeures en cours, et la volont\u00e9 affirm\u00e9e de faire de la Guin\u00e9e le carrefour digital de l\u2019Afrique de l\u2019Ouest.<\/h3>\n<h3>Bref, tel qu\u2019on le voit, c\u2019est une Guin\u00e9e num\u00e9rique tant souhait\u00e9e par le Pr\u00e9sident de la R\u00e9publique, le G\u00e9n\u00e9ral Mamadi Doumbouya qui est \u00e0 l\u2019honneur sur la sc\u00e8ne internationale.<\/h3>\n<h3><strong>La Cellule de Communication du Gouvernement.<\/strong><\/h3>\n","protected":false},"excerpt":{"rendered":"<p>Repr\u00e9sent\u00e9e par la ministre des Postes, T\u00e9l\u00e9communications et de l\u2019Economie Num\u00e9rique, Rose Pola Pricemou, la Guin\u00e9e est hautement repr\u00e9sent\u00e9e \u00e0 la \ud835\udc15\ud835\udc22\ud835\udc2f\ud835\udc1a\ud835\udc13\ud835\udc1e\ud835\udc1c\ud835\udc21 \ud835\udfd0\ud835\udfce\ud835\udfd0\ud835\udfd3 \u00e0 Paris. L\u2019\u00e9v\u00e9nement qui a d\u00e9but\u00e9 ce 11 juin prendra fin le samedi 14 juin 2025. L\u2019objectif de cette mission est de : \u2022 Promouvoir les r\u00e9formes et projets structurants du Gouvernement [&hellip;]<\/p>\n","protected":false},"author":2,"featured_media":2248,"comment_status":"closed","ping_status":"closed","sticky":false,"template":"","format":"standard","meta":{"footnotes":""},"categories":[3],"tags":[],"class_list":{"0":"post-2247","1":"post","2":"type-post","3":"status-publish","4":"format-standard","5":"has-post-thumbnail","7":"category-politique"},"jetpack_featured_media_url":"https:\/\/cieldeguinee.net\/wp-content\/uploads\/2025\/06\/pola_.webp","_links":{"self":[{"href":"https:\/\/cieldeguinee.net\/index.php\/wp-json\/wp\/v2\/posts\/2247","targetHints":{"allow":["GET"]}}],"collection":[{"href":"https:\/\/cieldeguinee.net\/index.php\/wp-json\/wp\/v2\/posts"}],"about":[{"href":"https:\/\/cieldeguinee.net\/index.php\/wp-json\/wp\/v2\/types\/post"}],"author":[{"embeddable":true,"href":"https:\/\/cieldeguinee.net\/index.php\/wp-json\/wp\/v2\/users\/2"}],"replies":[{"embeddable":true,"href":"https:\/\/cieldeguinee.net\/index.php\/wp-json\/wp\/v2\/comments?post=2247"}],"version-history":[{"count":0,"href":"https:\/\/cieldeguinee.net\/index.php\/wp-json\/wp\/v2\/posts\/2247\/revisions"}],"wp:featuredmedia":[{"embeddable":true,"href":"https:\/\/cieldeguinee.net\/index.php\/wp-json\/wp\/v2\/media\/2248"}],"wp:attachment":[{"href":"https:\/\/cieldeguinee.net\/index.php\/wp-json\/wp\/v2\/media?parent=2247"}],"wp:term":[{"taxonomy":"category","embeddable":true,"href":"https:\/\/cieldeguinee.net\/index.php\/wp-json\/wp\/v2\/categories?post=2247"},{"taxonomy":"post_tag","embeddable":true,"href":"https:\/\/cieldeguinee.net\/index.php\/wp-json\/wp\/v2\/tags?post=2247"}],"curies":[{"name":"wp","href":"https:\/\/api.w.org\/{rel}","templated":true}]}}