{"id":2265,"date":"2025-06-27T17:40:31","date_gmt":"2025-06-27T15:40:31","guid":{"rendered":"https:\/\/cieldeguinee.net\/?p=2265"},"modified":"2025-06-27T17:40:31","modified_gmt":"2025-06-27T15:40:31","slug":"torture-de-me-traore-par-des-inconnus-le-gouvernement-bah-oury-tente-de-redresser-la-barre","status":"publish","type":"post","link":"https:\/\/cieldeguinee.net\/index.php\/torture-de-me-traore-par-des-inconnus-le-gouvernement-bah-oury-tente-de-redresser-la-barre\/","title":{"rendered":"Torture de  Me Traor\u00e9 par des inconnus : le gouvernement Bah Oury tente de redresser la barre !"},"content":{"rendered":"<p>Le silence des autorit\u00e9s guin\u00e9ennes face \u00e0 l\u2019enl\u00e8vement et \u00e0 la torture de Me Mohamed Traor\u00e9, ancien b\u00e2tonnier, avait laiss\u00e9 place \u00e0 une onde de choc et \u00e0 un sentiment d\u2019abandon g\u00e9n\u00e9ral. Pendant pr\u00e8s d\u2019une semaine, ni mot ni geste officiel. Mais apr\u00e8s la sortie du Procureur G\u00e9n\u00e9ral de la Cour d\u2019Appel de Conakry qui a non seulement condamn\u00e9 mais aussi rassurer\u00a0 d\u2019engager les enqu\u00eates pour \u00e9lucider l\u2019affaire, c\u2019est au tour du premier ministre guin\u00e9en de sortir de son mutisme \u00a0en s\u2019exprimant au journal t\u00e9l\u00e9vis\u00e9 de 20h30.<\/p>\n<p>Certes tardive, cette d\u00e9claration n\u2019en est pas moins une tentative de rattrapage. Dans un ton grave et ferme, le chef du gouvernement a condamn\u00e9 un acte qui \u00ab ternit l\u2019image de la R\u00e9publique \u00bb et a exprim\u00e9 la \u00ab profonde tristesse \u00bb du gouvernement et du pr\u00e9sident Mamadi Doumbouya. Il a affirm\u00e9 que ce crime ciblant Me Traor\u00e9 constituait une v\u00e9ritable \u00ab poignard\u00e9e \u00bb contre la R\u00e9publique.<\/p>\n<p data-start=\"1100\" data-end=\"1464\">En reconnaissant officiellement la gravit\u00e9 des faits, le gouvernement envoie un signal important : celui d\u2019un sursaut, d\u2019un refus d\u2019ignorer plus longtemps l\u2019inqui\u00e9tante r\u00e9p\u00e9tition des actes de violence cibl\u00e9e. Car l\u2019affaire Me Traor\u00e9 n\u2019est pas isol\u00e9e. En f\u00e9vrier dernier, l\u2019activiste Abdoul Sako subissait le m\u00eame sort dans une indiff\u00e9rence judiciaire inqui\u00e9tante.<\/p>\n<p data-start=\"1466\" data-end=\"1754\">Le Premier ministre a promis que de tels actes ne seront plus tol\u00e9r\u00e9s, insistant sur l\u2019engagement du gouvernement pour la paix et le respect des droits. Il a rappel\u00e9 les efforts du pr\u00e9sident Doumbouya \u00e0 travers les assises nationales et le dialogue interguin\u00e9en, comme socle de stabilit\u00e9.<\/p>\n<p data-start=\"1756\" data-end=\"1992\">Mais les discours ne suffisent plus. C\u2019est d\u00e9sormais sur le terrain de l\u2019action\u00a0: rapide, transparente et impartiale que la cr\u00e9dibilit\u00e9 du gouvernement sera jug\u00e9e.<\/p>\n<p>Si le gouvernement a tard\u00e9 \u00e0 r\u00e9agir, il n\u2019est cependant pas trop tard pour bien faire. \u00c0 condition que les promesses d\u2019aujourd\u2019hui deviennent les actes de demain.<\/p>\n<p>T. Oular\u00e9<\/p>\n","protected":false},"excerpt":{"rendered":"<p>Le silence des autorit\u00e9s guin\u00e9ennes face \u00e0 l\u2019enl\u00e8vement et \u00e0 la torture de Me Mohamed Traor\u00e9, ancien b\u00e2tonnier, avait laiss\u00e9 place \u00e0 une onde de choc et \u00e0 un sentiment d\u2019abandon g\u00e9n\u00e9ral. Pendant pr\u00e8s d\u2019une semaine, ni mot ni geste officiel. Mais apr\u00e8s la sortie du Procureur G\u00e9n\u00e9ral de la Cour d\u2019Appel de Conakry qui [&hellip;]<\/p>\n","protected":false},"author":2,"featured_media":2266,"comment_status":"closed","ping_status":"closed","sticky":false,"template":"","format":"standard","meta":{"footnotes":""},"categories":[3],"tags":[],"class_list":{"0":"post-2265","1":"post","2":"type-post","3":"status-publish","4":"format-standard","5":"has-post-thumbnail","7":"category-politique"},"jetpack_featured_media_url":"https:\/\/cieldeguinee.net\/wp-content\/uploads\/2025\/06\/IMG-20240227-WA0185.jpg","_links":{"self":[{"href":"https:\/\/cieldeguinee.net\/index.php\/wp-json\/wp\/v2\/posts\/2265","targetHints":{"allow":["GET"]}}],"collection":[{"href":"https:\/\/cieldeguinee.net\/index.php\/wp-json\/wp\/v2\/posts"}],"about":[{"href":"https:\/\/cieldeguinee.net\/index.php\/wp-json\/wp\/v2\/types\/post"}],"author":[{"embeddable":true,"href":"https:\/\/cieldeguinee.net\/index.php\/wp-json\/wp\/v2\/users\/2"}],"replies":[{"embeddable":true,"href":"https:\/\/cieldeguinee.net\/index.php\/wp-json\/wp\/v2\/comments?post=2265"}],"version-history":[{"count":0,"href":"https:\/\/cieldeguinee.net\/index.php\/wp-json\/wp\/v2\/posts\/2265\/revisions"}],"wp:featuredmedia":[{"embeddable":true,"href":"https:\/\/cieldeguinee.net\/index.php\/wp-json\/wp\/v2\/media\/2266"}],"wp:attachment":[{"href":"https:\/\/cieldeguinee.net\/index.php\/wp-json\/wp\/v2\/media?parent=2265"}],"wp:term":[{"taxonomy":"category","embeddable":true,"href":"https:\/\/cieldeguinee.net\/index.php\/wp-json\/wp\/v2\/categories?post=2265"},{"taxonomy":"post_tag","embeddable":true,"href":"https:\/\/cieldeguinee.net\/index.php\/wp-json\/wp\/v2\/tags?post=2265"}],"curies":[{"name":"wp","href":"https:\/\/api.w.org\/{rel}","templated":true}]}}