{"id":2277,"date":"2025-06-28T20:36:55","date_gmt":"2025-06-28T18:36:55","guid":{"rendered":"https:\/\/cieldeguinee.net\/?p=2277"},"modified":"2025-06-28T20:36:55","modified_gmt":"2025-06-28T18:36:55","slug":"education-demarrage-des-travaux-de-correction-des-copies-du-baccalaureat-session-2025","status":"publish","type":"post","link":"https:\/\/cieldeguinee.net\/index.php\/education-demarrage-des-travaux-de-correction-des-copies-du-baccalaureat-session-2025\/","title":{"rendered":"Education: D\u00e9marrage des travaux de correction des copies du baccalaur\u00e9at,  session 2025 !"},"content":{"rendered":"<div class=\"x14z9mp xat24cr x1lziwak x1vvkbs xtlvy1s x126k92a\">\n<div dir=\"auto\">Le Minist\u00e8re de l\u2019Enseignement Pr\u00e9-Universitaire et de l\u2019Alphab\u00e9tisation (MEPU-A) informe le public du lancement effectif des travaux de correction des copies du baccalaur\u00e9at, session 2025, ce samedi 28 juin au centre national du lyc\u00e9e 1er Mars, situ\u00e9 dans la commune de Matam.<\/div>\n<\/div>\n<div class=\"x14z9mp xat24cr x1lziwak x1vvkbs xtlvy1s x126k92a\">\n<div dir=\"auto\"><\/div>\n<div dir=\"auto\">\u00c0 cette occasion, le Secr\u00e9taire g\u00e9n\u00e9ral du MEPU-A, Dr <span class=\"html-span xdj266r x14z9mp xat24cr x1lziwak xexx8yu xyri2b x18d9i69 x1c1uobl x1hl2dhg x16tdsg8 x1vvkbs\"><a class=\"x1i10hfl xjbqb8w x1ejq31n x18oe1m7 x1sy0etr xstzfhl x972fbf x10w94by x1qhh985 x14e42zd x9f619 x1ypdohk xt0psk2 xe8uvvx xdj266r x14z9mp xat24cr x1lziwak xexx8yu xyri2b x18d9i69 x1c1uobl x16tdsg8 x1hl2dhg xggy1nq x1a2a7pz xkrqix3 x1sur9pj x1fey0fg x1s688f\" role=\"link\" href=\"https:\/\/www.facebook.com\/youssoufbsylla.ybs?__cft__[0]=AZVkoAAVAGjNEwKCS9s9Q8XoT2uMyS8xEbMPKsNouk-VfjMCXweSuB5Nv3S4Nqbi4cwlS7tESyakr8wWk8xvt_pGFtW4VGBTbHnBzXntuWcetXdkbHZjQpwOwf5ZjUasQOlQ-RA_c0W5zitSPzprXTYGF0rFWsXU3eTwdXbVTrSpPUGUpGQKIV1yK7FjbdkdCxTyiqtFejQpq6oj-Alz1xi4&amp;__tn__=-]K-R\"><span class=\"xt0psk2\"><span class=\"xjp7ctv\">Youssouf Boundou Sylla<\/span><\/span><\/a><\/span>, a \u00e9chang\u00e9 avec l\u2019ensemble des inspecteurs disciplinaires du Minist\u00e8re, les pr\u00e9sidents des sous-commissions issus du MERSRI, ainsi que les cadres de la DGECS (direction g\u00e9n\u00e9rale des examens et concours scolaires.<\/div>\n<\/div>\n<div class=\"x14z9mp xat24cr x1lziwak x1vvkbs xtlvy1s x126k92a\">\n<div dir=\"auto\"><\/div>\n<div dir=\"auto\">Il a rappel\u00e9 les grandes orientations strat\u00e9giques de Monsieur <span class=\"html-span xdj266r x14z9mp xat24cr x1lziwak xexx8yu xyri2b x18d9i69 x1c1uobl x1hl2dhg x16tdsg8 x1vvkbs\"><a class=\"x1i10hfl xjbqb8w x1ejq31n x18oe1m7 x1sy0etr xstzfhl x972fbf x10w94by x1qhh985 x14e42zd x9f619 x1ypdohk xt0psk2 xe8uvvx xdj266r x14z9mp xat24cr x1lziwak xexx8yu xyri2b x18d9i69 x1c1uobl x16tdsg8 x1hl2dhg xggy1nq x1a2a7pz xkrqix3 x1sur9pj x1fey0fg x1s688f\" role=\"link\" href=\"https:\/\/www.facebook.com\/profile.php?id=61557441130552&amp;__cft__[0]=AZVkoAAVAGjNEwKCS9s9Q8XoT2uMyS8xEbMPKsNouk-VfjMCXweSuB5Nv3S4Nqbi4cwlS7tESyakr8wWk8xvt_pGFtW4VGBTbHnBzXntuWcetXdkbHZjQpwOwf5ZjUasQOlQ-RA_c0W5zitSPzprXTYGF0rFWsXU3eTwdXbVTrSpPUGUpGQKIV1yK7FjbdkdCxTyiqtFejQpq6oj-Alz1xi4&amp;__tn__=-]K-R\"><span class=\"xt0psk2\"><span class=\"xjp7ctv\">Jean Paul CEDY Ministre<\/span><\/span><\/a><\/span>, insistant sur la rigueur, la responsabilit\u00e9, l\u2019esprit patriotique, l\u2019int\u00e9grit\u00e9 et l\u2019\u00e9quit\u00e9 qui doivent imp\u00e9rativement leur guider le long de tout le processus de correction.<\/div>\n<\/div>\n<div class=\"x14z9mp xat24cr x1lziwak x1vvkbs xtlvy1s x126k92a\">\n<div dir=\"auto\"><\/div>\n<div dir=\"auto\"><img loading=\"lazy\" decoding=\"async\" class=\" wp-image-2279 alignleft\" src=\"https:\/\/cieldeguinee.net\/wp-content\/uploads\/2025\/06\/2-1-240x300.jpg\" alt=\"\" width=\"327\" height=\"409\" srcset=\"https:\/\/cieldeguinee.net\/wp-content\/uploads\/2025\/06\/2-1-240x300.jpg 240w, https:\/\/cieldeguinee.net\/wp-content\/uploads\/2025\/06\/2-1-150x187.jpg 150w, https:\/\/cieldeguinee.net\/wp-content\/uploads\/2025\/06\/2-1-300x374.jpg 300w, https:\/\/cieldeguinee.net\/wp-content\/uploads\/2025\/06\/2-1-696x869.jpg 696w, https:\/\/cieldeguinee.net\/wp-content\/uploads\/2025\/06\/2-1-337x420.jpg 337w, https:\/\/cieldeguinee.net\/wp-content\/uploads\/2025\/06\/2-1.jpg 750w\" sizes=\"auto, (max-width: 327px) 100vw, 327px\" \/>Au nom de Monsieur le Ministre, le Secr\u00e9taire G\u00e9n\u00e9ral a \u00e9galement salu\u00e9 l\u2019engagement, le s\u00e9rieux et le professionnalisme des diff\u00e9rents acteurs mobilis\u00e9s, les encourageant \u00e0 poursuivre leur mission avec responsabilit\u00e9 et exigence de qualit\u00e9, conform\u00e9ment aux attentes du gouvernement et du peuple de Guin\u00e9e.<\/div>\n<\/div>\n<div class=\"x14z9mp xat24cr x1lziwak x1vvkbs xtlvy1s x126k92a\">\n<div dir=\"auto\"><\/div>\n<div dir=\"auto\">Le pr\u00e9sident du centre, Monsieur Abdoul Karim Bangoura, Inspecteur G\u00e9n\u00e9ral Adjoint, accompagn\u00e9 du vice-pr\u00e9sident Patrick Clair N\u2019diaye, Directeur G\u00e9n\u00e9ral Adjoint de la DGECS, a, \u00e0 son tour, rappel\u00e9 aux correcteurs des toutes les sous commissions les consignes techniques et \u00e9thiques \u00e0 observer. Ils ont insist\u00e9 sur le respect des bar\u00e8mes, des d\u00e9lais fix\u00e9s, des exigences de confidentialit\u00e9 et de tra\u00e7abilit\u00e9 des copies et des donn\u00e9es.<\/div>\n<\/div>\n<div class=\"x14z9mp xat24cr x1lziwak x1vvkbs xtlvy1s x126k92a\">\n<div dir=\"auto\"><\/div>\n<div dir=\"auto\">Ils ont \u00e9galement mis l\u2019accent sur le dispositif s\u00e9curitaire, le comportement exemplaire attendu de chaque acteur, et la solennit\u00e9 qui doit entourer l\u2019ensemble des travaux de correction.<\/div>\n<\/div>\n<div class=\"x14z9mp xat24cr x1lziwak x1vvkbs xtlvy1s x126k92a\">\n<div dir=\"auto\"><\/div>\n<div dir=\"auto\">Cette \u00e9tape d\u00e9cisive se d\u00e9roule sous haute vigilance, dans un esprit de transparence, de discipline et de respect des valeurs r\u00e9publicaines.<\/div>\n<div dir=\"auto\"><\/div>\n<div dir=\"auto\">Cellule de communication du MEPU-A<\/div>\n<\/div>\n","protected":false},"excerpt":{"rendered":"<p>Le Minist\u00e8re de l\u2019Enseignement Pr\u00e9-Universitaire et de l\u2019Alphab\u00e9tisation (MEPU-A) informe le public du lancement effectif des travaux de correction des copies du baccalaur\u00e9at, session 2025, ce samedi 28 juin au centre national du lyc\u00e9e 1er Mars, situ\u00e9 dans la commune de Matam. \u00c0 cette occasion, le Secr\u00e9taire g\u00e9n\u00e9ral du MEPU-A, Dr Youssouf Boundou Sylla, a [&hellip;]<\/p>\n","protected":false},"author":2,"featured_media":2278,"comment_status":"closed","ping_status":"closed","sticky":false,"template":"","format":"standard","meta":{"footnotes":""},"categories":[3],"tags":[],"class_list":{"0":"post-2277","1":"post","2":"type-post","3":"status-publish","4":"format-standard","5":"has-post-thumbnail","7":"category-politique"},"jetpack_featured_media_url":"https:\/\/cieldeguinee.net\/wp-content\/uploads\/2025\/06\/1-1.jpg","_links":{"self":[{"href":"https:\/\/cieldeguinee.net\/index.php\/wp-json\/wp\/v2\/posts\/2277","targetHints":{"allow":["GET"]}}],"collection":[{"href":"https:\/\/cieldeguinee.net\/index.php\/wp-json\/wp\/v2\/posts"}],"about":[{"href":"https:\/\/cieldeguinee.net\/index.php\/wp-json\/wp\/v2\/types\/post"}],"author":[{"embeddable":true,"href":"https:\/\/cieldeguinee.net\/index.php\/wp-json\/wp\/v2\/users\/2"}],"replies":[{"embeddable":true,"href":"https:\/\/cieldeguinee.net\/index.php\/wp-json\/wp\/v2\/comments?post=2277"}],"version-history":[{"count":0,"href":"https:\/\/cieldeguinee.net\/index.php\/wp-json\/wp\/v2\/posts\/2277\/revisions"}],"wp:featuredmedia":[{"embeddable":true,"href":"https:\/\/cieldeguinee.net\/index.php\/wp-json\/wp\/v2\/media\/2278"}],"wp:attachment":[{"href":"https:\/\/cieldeguinee.net\/index.php\/wp-json\/wp\/v2\/media?parent=2277"}],"wp:term":[{"taxonomy":"category","embeddable":true,"href":"https:\/\/cieldeguinee.net\/index.php\/wp-json\/wp\/v2\/categories?post=2277"},{"taxonomy":"post_tag","embeddable":true,"href":"https:\/\/cieldeguinee.net\/index.php\/wp-json\/wp\/v2\/tags?post=2277"}],"curies":[{"name":"wp","href":"https:\/\/api.w.org\/{rel}","templated":true}]}}