{"id":2283,"date":"2025-06-30T13:17:02","date_gmt":"2025-06-30T11:17:02","guid":{"rendered":"https:\/\/cieldeguinee.net\/?p=2283"},"modified":"2025-06-30T13:17:02","modified_gmt":"2025-06-30T11:17:02","slug":"koubia-des-machines-tronconneuses-saisies-par-la-brigade-nationale-dans-la-lutte-contre-la-criminalite-environnementale","status":"publish","type":"post","link":"https:\/\/cieldeguinee.net\/index.php\/koubia-des-machines-tronconneuses-saisies-par-la-brigade-nationale-dans-la-lutte-contre-la-criminalite-environnementale\/","title":{"rendered":"Koubia : Des machines tron\u00e7onneuses saisies par la Brigade nationale dans la lutte contre la criminalit\u00e9 environnementale !"},"content":{"rendered":"<p>La Brigade nationale de lutte contre la criminalit\u00e9 sur la faune et la flore, relevant de la Direction G\u00e9n\u00e9rale des Conservateurs de la Nature (DGCN), a conduit une mission de patrouille de surveillance dans la r\u00e9gion de Lab\u00e9, pr\u00e9cis\u00e9ment dans les pr\u00e9fectures de Mali Yemb\u00e9ring et de Koubia du 3 au 14 mai 2025.<\/p>\n<p>Conduite par le Sous-Lieutenant Malick Cont\u00e9, Chef de la Cellule des Op\u00e9rations de la Brigade, la \u00a0mission faisait suite \u00e0 un incident majeur : l\u2019abattage d\u2019un jeune lion le 27 janvier dernier dans un village de la sous-pr\u00e9fecture de Salamband\u00e9 par un d\u00e9nomm\u00e9 Karamo Amoul\u00e9 K\u00e9ita. Une mission de la Brigade fut envoy\u00e9e sur place gr\u00e2ce \u00e0 un appui \u00a0pour assurer le suivi juridique et le braconnier fut condamn\u00e9 d\u00e9but f\u00e9vrier par la Justice de Paix de Mali.<\/p>\n<p>L\u2019objectif \u00e9tait de renforcer la dissuasion, sensibiliser les populations locales \u00e0 la protection de la faune sauvage et pr\u00e9venir toute forme de braconnage ou d\u2019atteinte aux \u00e9cosyst\u00e8mes.<\/p>\n<p>Durant douze jours, l\u2019\u00e9quipe, compos\u00e9e d\u2019agents de l\u2019unit\u00e9 centrale et des services d\u00e9concentr\u00e9s de la Brigade, a sillonn\u00e9 plusieurs zones sensibles : la for\u00eat class\u00e9e de Kab\u00e9la, les montagnes de Kirita et F\u00f4t\u00f4n, les berges du fleuve Gambie et les abords de la for\u00eat class\u00e9e de Gambie.<\/p>\n<p>Cette patrouille a permis de constater quelques infractions, l\u2019interpellation de \u00a0plusieurs suspects et la\u00a0 d\u00e9couverte d\u2019une riche biodiversit\u00e9 dans les for\u00eats class\u00e9es de Woundou Sud et Woundou Nord, des zones enclav\u00e9es et pr\u00e9serv\u00e9es.<\/p>\n<p><strong>Arrestations et confiscations<\/strong><\/p>\n<p>Dans la for\u00eat class\u00e9e de Kab\u00e9la, o\u00f9 un individu a \u00e9t\u00e9 arr\u00eat\u00e9 pour d\u00e9frichement, d\u00e9forestation et incendie volontaire sur plus de six hectares. L\u2019int\u00e9ress\u00e9 a d\u00e9clar\u00e9 avoir agi de concert avec d\u2019autres habitants de Salamband\u00e9 pour y d\u00e9velopper des activit\u00e9s agricoles. \u00c0 la suite de son audition, l\u2019ancien maire de Salamband\u00e9 lui-m\u00eame impliqu\u00e9 s\u2019est engag\u00e9 par \u00e9crit au d\u00e9part volontaire des individus concern\u00e9s et \u00e0 leur participation aux prochaines campagnes de reboisement du Minist\u00e8re de l&rsquo;Environnement et du D\u00e9veloppement Durable(MEDD) pour restaurer d\u00e9finitivement les endroits concern\u00e9s par cette d\u00e9forestation.<\/p>\n<p>\u00c0 Koubia, la patrouille est ensuite intervenue sur des infractions de coupe ill\u00e9gale de bois dans la sous-pr\u00e9fecture de Fafaya. Six personnes ont \u00e9t\u00e9 interpell\u00e9es et trois tron\u00e7onneuses saisies et transf\u00e9r\u00e9s au Commandement de la Brigade \u00e0 Conakry. Selon des sources locales, la coupe aurait \u00e9t\u00e9 autoris\u00e9e verbalement par les autorit\u00e9s pr\u00e9fectorales pour la construction d\u2019une mosqu\u00e9e sans que l\u2019autorisation de coupe n\u2019ait \u00e9t\u00e9 d\u00e9livr\u00e9e, ce qui soul\u00e8ve des pr\u00e9occupations. Rappelons que toute coupe de bois est soumise \u00e0 la d\u00e9livrance pr\u00e9alable d\u2019un permis de coupe par l\u2019administration foresti\u00e8re.<\/p>\n<p><strong>Une dynamique de conservation en marche<\/strong><\/p>\n<p>De nombreuses interpellations ont \u00e9t\u00e9 faites par la Brigade sur l\u2019ensemble du territoire dans la lutte contre le trafic de bois et de la faune, des dizaines de milliers de madriers de bois ont \u00e9t\u00e9 confisqu\u00e9s pour \u00eatre confi\u00e9s aux autorit\u00e9s comp\u00e9tentes \u00a0et des dizaines de tron\u00e7onneuses saisies.<\/p>\n<p>Cette mission illustre l\u2019engagement du MEDD \u00e0 renforcer la protection des ressources naturelles et \u00e0 lutter contre l\u2019impunit\u00e9 en mati\u00e8re de criminalit\u00e9 environnementale. Elle met \u00e9galement en lumi\u00e8re une dynamique positive dans les zones visit\u00e9es, notamment \u00e0 Salamband\u00e9, o\u00f9 l\u2019on observe une implication croissante des communaut\u00e9s locales, avec le soutien d\u2019ONG environnementales et de partenaires techniques et financiers.<\/p>\n<p>La Brigade nationale de lutte contre la criminalit\u00e9 sur la faune et la flore est r\u00e9solument engag\u00e9e \u00e0 poursuivre ses efforts sur l\u2019ensemble du territoire national pour prot\u00e9ger les for\u00eats, la biodiversit\u00e9 et pr\u00e9server le patrimoine guin\u00e9en pour les g\u00e9n\u00e9rations futures.<\/p>\n<p>\u00c0 cet effet, le commandement de la Brigade nationale de lutte contre la criminalit\u00e9 sur la faune et la flore, exprime toute sa gratitude au Minist\u00e8re de l\u2019Environnement et du D\u00e9veloppement Durable(MEDD) mais \u00e9galement \u00e0 l\u2019ensemble de ses partenaires techniques et financiers qui continuent \u00e0 soutenir et appuyer ses diff\u00e9rentes activit\u00e9s de conservation et de lutte contre le trafic d\u2019esp\u00e8ces sauvages en Guin\u00e9e.<\/p>\n<p><strong>Cellule de communication de la Brigade<\/strong><\/p>\n<p>&nbsp;<\/p>\n","protected":false},"excerpt":{"rendered":"<p>La Brigade nationale de lutte contre la criminalit\u00e9 sur la faune et la flore, relevant de la Direction G\u00e9n\u00e9rale des Conservateurs de la Nature (DGCN), a conduit une mission de patrouille de surveillance dans la r\u00e9gion de Lab\u00e9, pr\u00e9cis\u00e9ment dans les pr\u00e9fectures de Mali Yemb\u00e9ring et de Koubia du 3 au 14 mai 2025. Conduite [&hellip;]<\/p>\n","protected":false},"author":2,"featured_media":2284,"comment_status":"closed","ping_status":"closed","sticky":false,"template":"","format":"standard","meta":{"footnotes":""},"categories":[5],"tags":[],"class_list":{"0":"post-2283","1":"post","2":"type-post","3":"status-publish","4":"format-standard","5":"has-post-thumbnail","7":"category-environnement"},"jetpack_featured_media_url":"https:\/\/cieldeguinee.net\/wp-content\/uploads\/2025\/06\/Traitee_canva.jpg","_links":{"self":[{"href":"https:\/\/cieldeguinee.net\/index.php\/wp-json\/wp\/v2\/posts\/2283","targetHints":{"allow":["GET"]}}],"collection":[{"href":"https:\/\/cieldeguinee.net\/index.php\/wp-json\/wp\/v2\/posts"}],"about":[{"href":"https:\/\/cieldeguinee.net\/index.php\/wp-json\/wp\/v2\/types\/post"}],"author":[{"embeddable":true,"href":"https:\/\/cieldeguinee.net\/index.php\/wp-json\/wp\/v2\/users\/2"}],"replies":[{"embeddable":true,"href":"https:\/\/cieldeguinee.net\/index.php\/wp-json\/wp\/v2\/comments?post=2283"}],"version-history":[{"count":0,"href":"https:\/\/cieldeguinee.net\/index.php\/wp-json\/wp\/v2\/posts\/2283\/revisions"}],"wp:featuredmedia":[{"embeddable":true,"href":"https:\/\/cieldeguinee.net\/index.php\/wp-json\/wp\/v2\/media\/2284"}],"wp:attachment":[{"href":"https:\/\/cieldeguinee.net\/index.php\/wp-json\/wp\/v2\/media?parent=2283"}],"wp:term":[{"taxonomy":"category","embeddable":true,"href":"https:\/\/cieldeguinee.net\/index.php\/wp-json\/wp\/v2\/categories?post=2283"},{"taxonomy":"post_tag","embeddable":true,"href":"https:\/\/cieldeguinee.net\/index.php\/wp-json\/wp\/v2\/tags?post=2283"}],"curies":[{"name":"wp","href":"https:\/\/api.w.org\/{rel}","templated":true}]}}