{"id":2308,"date":"2025-07-09T14:35:41","date_gmt":"2025-07-09T12:35:41","guid":{"rendered":"https:\/\/cieldeguinee.net\/?p=2308"},"modified":"2025-07-09T14:35:41","modified_gmt":"2025-07-09T12:35:41","slug":"trois-ong-internationales-exigent-la-verite-et-la-transparence-sur-la-disparition-des-activistes-fonike-et-billo","status":"publish","type":"post","link":"https:\/\/cieldeguinee.net\/index.php\/trois-ong-internationales-exigent-la-verite-et-la-transparence-sur-la-disparition-des-activistes-fonike-et-billo\/","title":{"rendered":"Trois ONG internationales exigent la v\u00e9rit\u00e9 et la transparence sur la disparition des activistes Fonik\u00e9 et Billo"},"content":{"rendered":"<p>Paris, le 9 juillet 2025-Il y a un an, le 9 juillet 2024, deux figures embl\u00e9matiques de la soci\u00e9t\u00e9 civile guin\u00e9enne, Oumar Sylla, dit Fonik\u00e9 Mengu\u00e8, et Mamadou Billo Bah, respectivement coordinateurs du Front National pour la D\u00e9fense de la Constitution (FNDC) et du mouvement Tournons La Page (TLP-Guin\u00e9e), ont \u00e9t\u00e9 enlev\u00e9s sans mandat, devant t\u00e9moins, par des hommes arm\u00e9s et encagoul\u00e9s, identifi\u00e9s comme appartenant aux Forces sp\u00e9ciales et au Groupement d\u2019intervention de la gendarmerie nationale (GIGN), au domicile d\u2019Oumar Sylla \u00e0 Conakry. Le lendemain, seul Mohamed Ciss\u00e9, un autre membre du FNDC, a \u00e9t\u00e9 rel\u00e2ch\u00e9. Il a ensuite t\u00e9moign\u00e9 publiquement des tortures subies et du transfert des deux militants vers l\u2019\u00eele de Fotoba, un ancien bagne colonial utilis\u00e9 comme centre de d\u00e9tention informel.<\/p>\n<p>Depuis le 9 juillet 2024, Oumar Sylla et Mamadou Billo Bah n\u2019ont plus \u00e9t\u00e9 revus. \u00c0 ce jour, les autorit\u00e9s guin\u00e9ennes n\u2019ont fourni aucun \u00e9l\u00e9ment tangible sur leur sort. L\u2019enqu\u00eate annonc\u00e9e<br \/>\npar le procureur de la Cour d\u2019appel de Conakry d\u00e8s le 17 juillet 2024 n\u2019a donn\u00e9 aucun r\u00e9sultat.<\/p>\n<p>Il existe une r\u00e9elle crainte que cette enqu\u00eate n\u2019ait en r\u00e9alit\u00e9 jamais commenc\u00e9. Le silence<br \/>\npersistant du gouvernement guin\u00e9en sur cette affaire alimente la suspicion d\u2019une disparition<br \/>\nforc\u00e9e orchestr\u00e9e par l\u2019\u00c9tat. Malgr\u00e9 les d\u00e9clarations officielles sur l\u2019ouverture d\u2019une enqu\u00eate, aucune action concr\u00e8te n\u2019a \u00e9t\u00e9 entreprise. Les familles, les avocats, les t\u00e9moins de l\u2019enl\u00e8vement et les d\u00e9fenseurs des droits humains ayant enqu\u00eat\u00e9 sur le dossier n\u2019ont jamais \u00e9t\u00e9 auditionn\u00e9s. Ni les t\u00e9moignages de Mohamed Ciss\u00e9, ni les r\u00e9v\u00e9lations du journaliste d\u2019investigation Thomas Dietrich \u2013 qui a identifi\u00e9 des membres des forces impliqu\u00e9es, certains form\u00e9s par la France \u2013 n\u2019ont \u00e9t\u00e9 pris en compte par les autorit\u00e9s judiciaires guin\u00e9ennes.<\/p>\n<p>Le 28 novembre 2024, la Rapporteuse sp\u00e9ciale des Nations unies sur les d\u00e9fenseurs des<br \/>\ndroits de l\u2019homme, Mary Lawlor, a rendu publique une lettre adress\u00e9e au gouvernement<br \/>\nguin\u00e9en, exigeant des r\u00e9ponses sur cette disparition forc\u00e9e. \u00c0 ce jour, aucune r\u00e9ponse<br \/>\nofficielle n\u2019a \u00e9t\u00e9 donn\u00e9e, comme pour les autres communications adress\u00e9es par d\u2019autres<br \/>\nm\u00e9canismes des Nations unies au gouvernement guin\u00e9en sur cette affaire.<\/p>\n<p>Le contexte de cette disparition est marqu\u00e9 par une r\u00e9pression accrue en Guin\u00e9e depuis le<br \/>\ncoup d\u2019\u00c9tat du 5 septembre 2021, qui a port\u00e9 le colonel Mamadi Doumbouya au pouvoir. Ce<br \/>\ndernier, d\u00e9sormais g\u00e9n\u00e9ral et pr\u00e9sident de la transition, a progressivement instaur\u00e9 un r\u00e9gime<br \/>\nautoritaire sous couvert d\u2019une pseudo-transition, multipliant les disparitions forc\u00e9es, les<br \/>\narrestations arbitraires et les poursuites contre les voix critiques. Les deux militants \u00e9taient<br \/>\ncibl\u00e9s de longue date pour leur engagement pacifique contre les d\u00e9rives autoritaires des<br \/>\npouvoirs \u00e9tablis.<\/p>\n<p>La disparition d\u2019Oumar Sylla et Mamadou Billo Bah constitue une violation flagrante des<br \/>\nengagements internationaux de la Guin\u00e9e, notamment du Pacte international relatif aux droits<br \/>\ncivils et politiques (PIDCP) et de la Charte africaine des droits de l\u2019homme et des peuples.<br \/>\nElle s\u2019inscrit dans un contexte de r\u00e9pression croissante de l\u2019engagement citoyen, que la<br \/>\ncommunaut\u00e9 internationale ne peut continuer \u00e0 ignorer.<\/p>\n<p>Face \u00e0 l\u2019impunit\u00e9 persistante, nous, organisations de la soci\u00e9t\u00e9 civile, appelons \u00e0 la mise en<br \/>\nplace d\u2019une enqu\u00eate ind\u00e9pendante et impartiale, incluant une composante internationale, sous<br \/>\nl\u2019\u00e9gide des Nations unies ou de la Commission africaine des droits de l\u2019homme et des peuples<br \/>\n(CADHP). Malgr\u00e9 les promesses d\u2019une enqu\u00eate, aucune avanc\u00e9e n\u2019a \u00e9t\u00e9 constat\u00e9e. Les<br \/>\nfamilles et les d\u00e9fenseurs des droits humains n\u2019ont pas \u00e9t\u00e9 entendus, et les preuves ont \u00e9t\u00e9<br \/>\nignor\u00e9es.<\/p>\n<p>Nous, signataires de cet appel, demandons avec insistance \u00e0 la France, \u00e0 l\u2019Union europ\u00e9enne<br \/>\net aux Nations unies de prendre des mesures concr\u00e8tes et imm\u00e9diates face \u00e0 la situation<br \/>\nalarmante en Guin\u00e9e.<\/p>\n<p><strong>\u00c0 la France et \u00e0 l\u2019Union europ\u00e9enne :<\/strong><\/p>\n<p>Le gouvernement fran\u00e7ais a \u00e9t\u00e9 interpell\u00e9 \u00e0 plusieurs reprises sur ses liens s\u00e9curitaires avec<br \/>\nla junte militaire au pouvoir en Guin\u00e9e. Dans un contexte o\u00f9 plusieurs responsables guin\u00e9ens,<br \/>\nform\u00e9s par la France, sont accus\u00e9s d\u2019actes de torture et d\u2019enl\u00e8vement, il est imp\u00e9ratif d\u2019agir.<\/p>\n<p>Nous appelons donc :<br \/>\n\u00b7 \u00c0 soutenir l\u2019ouverture d\u2019une enqu\u00eate internationale, notamment au sein des<br \/>\ninstances des Nations unies (HCDH, Groupe de travail sur les disparitions forc\u00e9es)<br \/>\nou de la Commission africaine des droits de l\u2019homme et des peuples (CADHP).<br \/>\n\u00b7 \u00c0 suspendre toute coop\u00e9ration s\u00e9curitaire et militaire avec les forces de d\u00e9fense<br \/>\net de s\u00e9curit\u00e9 guin\u00e9ennes impliqu\u00e9es dans cette affaire, tant que les auteurs et<br \/>\nresponsables de la disparition d\u2019Oumar Sylla et Mamadou Billo Bah ne sont pas<br \/>\nidentifi\u00e9s, poursuivis et sanctionn\u00e9s.<br \/>\n\u00b7 \u00c0 conditionner toute aide budg\u00e9taire \u00e0 la Guin\u00e9e \u00e0 des garanties claires sur le<br \/>\nrespect des droits fondamentaux dans le pays.<\/p>\n<p><strong>Aux Nations unies :<\/strong><br \/>\nNous demandons \u00e9galement :<\/p>\n<ul>\n<li>\u00c0 mandater une mission internationale d\u2019\u00e9tablissement des faits en Guin\u00e9e<br \/>\nconcernant les cas de disparitions forc\u00e9es.<br \/>\n\u00b7 \u00c0 inscrire chaque ann\u00e9e le cas d\u2019Oumar Sylla et Mamadou Billo Bah \u00e0 l\u2019agenda du<br \/>\nConseil des droits de l\u2019homme, afin qu\u2019un d\u00e9bat public puisse \u00eatre tenu avec les<br \/>\nautorit\u00e9s guin\u00e9ennes.<\/li>\n<\/ul>\n<p><strong>Au gouvernement de Guin\u00e9e :<\/strong><br \/>\nNous exigeons :<br \/>\n\u00b7 De r\u00e9v\u00e9ler imm\u00e9diatement le sort d\u2019Oumar Sylla et Mamadou Billo Bah, de lib\u00e9rer<br \/>\nceux port\u00e9s disparus qui sont encore d\u00e9tenus arbitrairement ou de les pr\u00e9senter<br \/>\ndevant un juge ind\u00e9pendant.<br \/>\n\u00b7 De garantir la protection des d\u00e9fenseurs des droits humains et de mettre fin \u00e0 la<br \/>\nr\u00e9pression des mouvements citoyens.<\/p>\n<p>Un an apr\u00e8s l\u2019enl\u00e8vement d\u2019Oumar Sylla et Mamadou Billo Bah, le silence est devenu<br \/>\ninsoutenable. La v\u00e9rit\u00e9 doit \u00e9clater, la justice doit \u00eatre rendue. Ensemble, faisons entendre<br \/>\nnotre voix pour que ces demandes soient prises en compte et que les droits humains soient<br \/>\nrespect\u00e9s en Guin\u00e9e.<\/p>\n<p>Liste des organisations signataires :<br \/>\nACAT-France (Action des Chr\u00e9tiens pour l\u2019abolition de la Torture)<br \/>\nTLP (Tournons La Page)<br \/>\nHuman Rights Foundation<\/p>\n<p>Contact presse :<br \/>\nDimitri Partouche : Charg\u00e9 de Communication \u2013 communication@acatfrance.fr \u2013<\/p>\n","protected":false},"excerpt":{"rendered":"<p>Paris, le 9 juillet 2025-Il y a un an, le 9 juillet 2024, deux figures embl\u00e9matiques de la soci\u00e9t\u00e9 civile guin\u00e9enne, Oumar Sylla, dit Fonik\u00e9 Mengu\u00e8, et Mamadou Billo Bah, respectivement coordinateurs du Front National pour la D\u00e9fense de la Constitution (FNDC) et du mouvement Tournons La Page (TLP-Guin\u00e9e), ont \u00e9t\u00e9 enlev\u00e9s sans mandat, devant [&hellip;]<\/p>\n","protected":false},"author":2,"featured_media":2309,"comment_status":"closed","ping_status":"closed","sticky":false,"template":"","format":"standard","meta":{"footnotes":""},"categories":[6],"tags":[],"class_list":{"0":"post-2308","1":"post","2":"type-post","3":"status-publish","4":"format-standard","5":"has-post-thumbnail","7":"category-international"},"jetpack_featured_media_url":"https:\/\/cieldeguinee.net\/wp-content\/uploads\/2025\/07\/fonike-et-billo-.jpeg","_links":{"self":[{"href":"https:\/\/cieldeguinee.net\/index.php\/wp-json\/wp\/v2\/posts\/2308","targetHints":{"allow":["GET"]}}],"collection":[{"href":"https:\/\/cieldeguinee.net\/index.php\/wp-json\/wp\/v2\/posts"}],"about":[{"href":"https:\/\/cieldeguinee.net\/index.php\/wp-json\/wp\/v2\/types\/post"}],"author":[{"embeddable":true,"href":"https:\/\/cieldeguinee.net\/index.php\/wp-json\/wp\/v2\/users\/2"}],"replies":[{"embeddable":true,"href":"https:\/\/cieldeguinee.net\/index.php\/wp-json\/wp\/v2\/comments?post=2308"}],"version-history":[{"count":0,"href":"https:\/\/cieldeguinee.net\/index.php\/wp-json\/wp\/v2\/posts\/2308\/revisions"}],"wp:featuredmedia":[{"embeddable":true,"href":"https:\/\/cieldeguinee.net\/index.php\/wp-json\/wp\/v2\/media\/2309"}],"wp:attachment":[{"href":"https:\/\/cieldeguinee.net\/index.php\/wp-json\/wp\/v2\/media?parent=2308"}],"wp:term":[{"taxonomy":"category","embeddable":true,"href":"https:\/\/cieldeguinee.net\/index.php\/wp-json\/wp\/v2\/categories?post=2308"},{"taxonomy":"post_tag","embeddable":true,"href":"https:\/\/cieldeguinee.net\/index.php\/wp-json\/wp\/v2\/tags?post=2308"}],"curies":[{"name":"wp","href":"https:\/\/api.w.org\/{rel}","templated":true}]}}