{"id":232,"date":"2023-10-30T20:26:51","date_gmt":"2023-10-30T19:26:51","guid":{"rendered":"https:\/\/cieldeguinee.net\/2023\/10\/30\/radiation-de-ousmane-sonkola-dissolution-de-pastef-la-cour-de-justice-de-la-cedeao-statuera-ce-mardi-31-octobre\/"},"modified":"2023-10-30T21:51:33","modified_gmt":"2023-10-30T20:51:33","slug":"radiation-de-ousmane-sonkola-dissolution-de-pastef-la-cour-de-justice-de-la-cedeao-statuera-ce-mardi-31-octobre","status":"publish","type":"post","link":"https:\/\/cieldeguinee.net\/index.php\/radiation-de-ousmane-sonkola-dissolution-de-pastef-la-cour-de-justice-de-la-cedeao-statuera-ce-mardi-31-octobre\/","title":{"rendered":"Radiation de Ousmane Sonko,la dissolution de Pastef: la Cour de Justice de la Cedeao statuera ce mardi 31 Octobre"},"content":{"rendered":"<p><\/p>\n<div>\n<div class=\"td-post-featured-image\"><a href=\"https:\/\/leverificateur.net\/wp-content\/uploads\/2023\/10\/telechargement-2.jpeg\" data-caption=\"\"><\/a><\/div>\n<p>La Cour de Justice de la Cedeao statuera en proc\u00e9dure d\u2019urgence ce mardi 31 Octobre 2023 , sur la radiation de Ousmane Sonko,la dissolution de Pastef et la proposition d\u2019une mesure alternative \u00e0 la d\u00e9tention provisoire pr\u00e9vue par le droit national et recommand\u00e9e par les instruments juridiques du droit international des droits de l\u2019homme.<\/p>\n<p>\u00a0<\/p>\n<p>Concernant Amadou Ba de Pastef, il est toujours \u00e0 la Section de recherches o\u00f9 jusqu\u2019\u00e0 pr\u00e9sent, les motifs de son interpellation ne lui sont pas encore notifi\u00e9s par les gendarmes qui ont ex\u00e9cut\u00e9s l\u2019ordre d\u2019une autorit\u00e9, sans murmurer.<\/p>\n<p>\u00a0<\/p>\n<p>La garde \u00e0 vue de Amadou Ba cadre dans le parti Pastef dirig\u00e9 par Ousmane Sonko ,est juridiquement ill\u00e9gale et attentatoire \u00e0 la libert\u00e9.<\/p>\n<p>\u00a0<\/p>\n<p>Les droits de Amadou Ba sont d\u00e9j\u00e0 viol\u00e9s par es officiers de police judiciaire qui se devaient avant d\u2019agir comme ils l\u2019ont fait,exiger de l\u2019autorit\u00e9 un mandat informant des motifs de l\u2019arrestation ou tout au moins, un renseignement leur permettant d\u2019informer le mis en cause et son Avocat des raisons de son interpellation.<\/p>\n<p>\u00a0<\/p>\n<p>L\u2019Etat du S\u00e9n\u00e9gal \u00e0 comme \u00e0 ses habitudes, viol\u00e9 l\u2019article 5 du r\u00e8glement num\u00e9ro 5 de l\u2019UEMOA, son droit interne et sa constitution.<\/p>\n<p>\u00a0<\/p>\n<p>Amadou Ba est le mandataire de Bassirou Diomaye Faye pour l\u2019\u00e9lection pr\u00e9sidentielle du 25 f\u00e9vrier 2024 et, sa privation de libert\u00e9 participe de la d\u00e9cision de l\u2019Etat d\u2019\u00e9touffer et de d\u00e9truire tout ce qui pourrait emp\u00eacher au successeur choisi par le chef de l\u2019Etat , de r\u00e9ussir le coup d\u2019Etat constitutionnel savamment m\u00fbri, mais brutalement mis en ex\u00e9cution.<\/p>\n<p>\u00a0<\/p>\n<p>C\u2019est encore une tes grave atteinte de plus aux droits politiques des citoyens .<\/p>\n<p>\u00a0<\/p>\n<p>Amadou Ba qui devait se rendre \u00e0 Abuja d\u00e9poser le dossier physique dans la proc\u00e9dure opposant Ousmane Sonko et le parti Pastef contre l\u2019Etat du S\u00e9n\u00e9gal programm\u00e9 pour l\u2019audience du Mardi 31 Octobre,doit \u00eatre imm\u00e9diatement lib\u00e9r\u00e9 .<\/p>\n<p>\u00a0<\/p>\n<p><strong>Me Cir\u00e9 Cl\u00e9dor Ly<\/strong><\/p>\n<p><strong>Membre du Collectif des Avocats de Ousmane SONKO<\/strong><\/p>\n<\/p><\/div>\n<p><a href=\"https:\/\/leverificateur.net\/index.php\/radiation-de-ousmane-sonkola-dissolution-de-pastef-la-cour-de-justice-de-la-cedeao-statuera-ce-mardi-31-octobre\/\">Source link <\/a><\/p>\n","protected":false},"excerpt":{"rendered":"<p>La Cour de Justice de la Cedeao statuera en proc\u00e9dure d\u2019urgence ce mardi 31 Octobre 2023 , sur la radiation de Ousmane Sonko,la dissolution de Pastef et la proposition d\u2019une mesure alternative \u00e0 la d\u00e9tention provisoire pr\u00e9vue par le droit national et recommand\u00e9e par les instruments juridiques du droit international des droits de l\u2019homme. \u00a0 [&hellip;]<\/p>\n","protected":false},"author":2,"featured_media":233,"comment_status":"open","ping_status":"open","sticky":false,"template":"","format":"standard","meta":{"footnotes":""},"categories":[2,9,4,5,6,7,8,3,10],"tags":[],"class_list":{"0":"post-232","1":"post","2":"type-post","3":"status-publish","4":"format-standard","5":"has-post-thumbnail","7":"category-a-la-une","8":"category-culture","9":"category-economie","10":"category-environnement","11":"category-international","12":"category-interview","13":"category-opinion","14":"category-politique","15":"category-sante"},"jetpack_featured_media_url":"https:\/\/cieldeguinee.net\/wp-content\/uploads\/2023\/10\/telechargement-2.jpeg","_links":{"self":[{"href":"https:\/\/cieldeguinee.net\/index.php\/wp-json\/wp\/v2\/posts\/232","targetHints":{"allow":["GET"]}}],"collection":[{"href":"https:\/\/cieldeguinee.net\/index.php\/wp-json\/wp\/v2\/posts"}],"about":[{"href":"https:\/\/cieldeguinee.net\/index.php\/wp-json\/wp\/v2\/types\/post"}],"author":[{"embeddable":true,"href":"https:\/\/cieldeguinee.net\/index.php\/wp-json\/wp\/v2\/users\/2"}],"replies":[{"embeddable":true,"href":"https:\/\/cieldeguinee.net\/index.php\/wp-json\/wp\/v2\/comments?post=232"}],"version-history":[{"count":0,"href":"https:\/\/cieldeguinee.net\/index.php\/wp-json\/wp\/v2\/posts\/232\/revisions"}],"wp:featuredmedia":[{"embeddable":true,"href":"https:\/\/cieldeguinee.net\/index.php\/wp-json\/wp\/v2\/media\/233"}],"wp:attachment":[{"href":"https:\/\/cieldeguinee.net\/index.php\/wp-json\/wp\/v2\/media?parent=232"}],"wp:term":[{"taxonomy":"category","embeddable":true,"href":"https:\/\/cieldeguinee.net\/index.php\/wp-json\/wp\/v2\/categories?post=232"},{"taxonomy":"post_tag","embeddable":true,"href":"https:\/\/cieldeguinee.net\/index.php\/wp-json\/wp\/v2\/tags?post=232"}],"curies":[{"name":"wp","href":"https:\/\/api.w.org\/{rel}","templated":true}]}}