{"id":2377,"date":"2025-08-19T11:20:23","date_gmt":"2025-08-19T09:20:23","guid":{"rendered":"https:\/\/cieldeguinee.net\/?p=2377"},"modified":"2025-08-19T11:58:00","modified_gmt":"2025-08-19T09:58:00","slug":"dce-de-matoto-lancement-de-la-semaine-nationale-du-merite-scolaire","status":"publish","type":"post","link":"https:\/\/cieldeguinee.net\/index.php\/dce-de-matoto-lancement-de-la-semaine-nationale-du-merite-scolaire\/","title":{"rendered":"DCE de Matoto : lancement de la Semaine Nationale du M\u00e9rite Scolaire"},"content":{"rendered":"<p>La Direction Communale de l\u2019\u00c9ducation (DCE) de Matoto, sous le leadership de son directeur M. S\u00e9kou KABA,\u00a0 a donn\u00e9, ce lundi 18 ao\u00fbt 2025, le coup d\u2019envoi de la Semaine Nationale du M\u00e9rite Scolaire (SENAMSCO), initi\u00e9e par le Minist\u00e8re de l\u2019Enseignement Pr\u00e9-Universitaire et de l\u2019Alphab\u00e9tisation (MEPU-A). L\u2019\u00e9v\u00e9nement s\u2019est tenu \u00e0 la mairie de Matoto sous le th\u00e8me \u00ab C\u00e9l\u00e9brer le m\u00e9rite et l\u2019excellence \u00bb.<\/p>\n<p><img loading=\"lazy\" decoding=\"async\" class=\" wp-image-2380 alignleft\" src=\"https:\/\/cieldeguinee.net\/wp-content\/uploads\/2025\/08\/4-300x169.jpg\" alt=\"\" width=\"371\" height=\"209\" srcset=\"https:\/\/cieldeguinee.net\/wp-content\/uploads\/2025\/08\/4-300x169.jpg 300w, https:\/\/cieldeguinee.net\/wp-content\/uploads\/2025\/08\/4-768x432.jpg 768w, https:\/\/cieldeguinee.net\/wp-content\/uploads\/2025\/08\/4-150x84.jpg 150w, https:\/\/cieldeguinee.net\/wp-content\/uploads\/2025\/08\/4-696x392.jpg 696w, https:\/\/cieldeguinee.net\/wp-content\/uploads\/2025\/08\/4-746x420.jpg 746w, https:\/\/cieldeguinee.net\/wp-content\/uploads\/2025\/08\/4.jpg 1020w\" sizes=\"auto, (max-width: 371px) 100vw, 371px\" \/>La c\u00e9r\u00e9monie a rassembl\u00e9 plusieurs personnalit\u00e9s, dont le chef de Cabinet du MEPU-A, des cadres de la formation continue et de l\u2019informatique du d\u00e9partement, ainsi que des responsables de la DCE de Matoto. Le vice-maire de la commune, repr\u00e9sentant le maire, a pris part \u00e0 la rencontre aux c\u00f4t\u00e9s des enseignants, parents d\u2019\u00e9l\u00e8ves, \u00e9l\u00e8ves, syndicats et m\u00e9dias.<\/p>\n<p>Malgr\u00e9 une pluie battante, les laur\u00e9ats des examens nationaux 2024-2025 ont \u00e9t\u00e9 mis \u00e0 l\u2019honneur. La SOGEAG, partenaire et sponsor de l\u2019\u00e9v\u00e9nement, a apport\u00e9 son soutien en offrant des r\u00e9compenses aux meilleurs \u00e9l\u00e8ves. Le vice-maire a par ailleurs annonc\u00e9 de nouvelles initiatives pour accompagner les \u00e9coles et apprenants de Matoto.<\/p>\n<p><img loading=\"lazy\" decoding=\"async\" class=\" wp-image-2379 alignright\" src=\"https:\/\/cieldeguinee.net\/wp-content\/uploads\/2025\/08\/3-300x169.jpg\" alt=\"\" width=\"389\" height=\"219\" srcset=\"https:\/\/cieldeguinee.net\/wp-content\/uploads\/2025\/08\/3-300x169.jpg 300w, https:\/\/cieldeguinee.net\/wp-content\/uploads\/2025\/08\/3-1024x576.jpg 1024w, https:\/\/cieldeguinee.net\/wp-content\/uploads\/2025\/08\/3-768x432.jpg 768w, https:\/\/cieldeguinee.net\/wp-content\/uploads\/2025\/08\/3-1536x864.jpg 1536w, https:\/\/cieldeguinee.net\/wp-content\/uploads\/2025\/08\/3-150x84.jpg 150w, https:\/\/cieldeguinee.net\/wp-content\/uploads\/2025\/08\/3-696x392.jpg 696w, https:\/\/cieldeguinee.net\/wp-content\/uploads\/2025\/08\/3-1068x601.jpg 1068w, https:\/\/cieldeguinee.net\/wp-content\/uploads\/2025\/08\/3-1920x1080.jpg 1920w, https:\/\/cieldeguinee.net\/wp-content\/uploads\/2025\/08\/3-746x420.jpg 746w, https:\/\/cieldeguinee.net\/wp-content\/uploads\/2025\/08\/3.jpg 2040w\" sizes=\"auto, (max-width: 389px) 100vw, 389px\" \/>La SENAMSCO se poursuivra ce mercredi au si\u00e8ge de la SOGEAG, avec la remise d\u2019autres distinctions.<\/p>\n<p>&nbsp;<\/p>\n<p>Focus de @Toulare, pour Cieldeguinee.net<\/p>\n<p>&nbsp;<\/p>\n<p>&nbsp;<\/p>\n","protected":false},"excerpt":{"rendered":"<p>La Direction Communale de l\u2019\u00c9ducation (DCE) de Matoto, sous le leadership de son directeur M. S\u00e9kou KABA,\u00a0 a donn\u00e9, ce lundi 18 ao\u00fbt 2025, le coup d\u2019envoi de la Semaine Nationale du M\u00e9rite Scolaire (SENAMSCO), initi\u00e9e par le Minist\u00e8re de l\u2019Enseignement Pr\u00e9-Universitaire et de l\u2019Alphab\u00e9tisation (MEPU-A). L\u2019\u00e9v\u00e9nement s\u2019est tenu \u00e0 la mairie de Matoto sous [&hellip;]<\/p>\n","protected":false},"author":2,"featured_media":2378,"comment_status":"closed","ping_status":"closed","sticky":false,"template":"","format":"standard","meta":{"footnotes":""},"categories":[23],"tags":[],"class_list":{"0":"post-2377","1":"post","2":"type-post","3":"status-publish","4":"format-standard","5":"has-post-thumbnail","7":"category-societe"},"jetpack_featured_media_url":"https:\/\/cieldeguinee.net\/wp-content\/uploads\/2025\/08\/1.jpg","_links":{"self":[{"href":"https:\/\/cieldeguinee.net\/index.php\/wp-json\/wp\/v2\/posts\/2377","targetHints":{"allow":["GET"]}}],"collection":[{"href":"https:\/\/cieldeguinee.net\/index.php\/wp-json\/wp\/v2\/posts"}],"about":[{"href":"https:\/\/cieldeguinee.net\/index.php\/wp-json\/wp\/v2\/types\/post"}],"author":[{"embeddable":true,"href":"https:\/\/cieldeguinee.net\/index.php\/wp-json\/wp\/v2\/users\/2"}],"replies":[{"embeddable":true,"href":"https:\/\/cieldeguinee.net\/index.php\/wp-json\/wp\/v2\/comments?post=2377"}],"version-history":[{"count":0,"href":"https:\/\/cieldeguinee.net\/index.php\/wp-json\/wp\/v2\/posts\/2377\/revisions"}],"wp:featuredmedia":[{"embeddable":true,"href":"https:\/\/cieldeguinee.net\/index.php\/wp-json\/wp\/v2\/media\/2378"}],"wp:attachment":[{"href":"https:\/\/cieldeguinee.net\/index.php\/wp-json\/wp\/v2\/media?parent=2377"}],"wp:term":[{"taxonomy":"category","embeddable":true,"href":"https:\/\/cieldeguinee.net\/index.php\/wp-json\/wp\/v2\/categories?post=2377"},{"taxonomy":"post_tag","embeddable":true,"href":"https:\/\/cieldeguinee.net\/index.php\/wp-json\/wp\/v2\/tags?post=2377"}],"curies":[{"name":"wp","href":"https:\/\/api.w.org\/{rel}","templated":true}]}}